{"id":10923,"date":"2018-07-03T19:05:42","date_gmt":"2018-07-03T22:05:42","guid":{"rendered":"http:\/\/projetocineb.com.br\/?p=10923"},"modified":"2018-07-03T19:05:42","modified_gmt":"2018-07-03T22:05:42","slug":"cinema-ao-ar-livre-na-uniao-da-vila-nova","status":"publish","type":"post","link":"https:\/\/projetocineb.com.br\/?p=10923","title":{"rendered":"Cinema ao ar livre na Uni\u00e3o de Vila Nova"},"content":{"rendered":"<p><em>Foi a sexta vez que o CineB, agora Solar, esteve no Procedu, na Uni\u00e3o de Vila Nova. S\u00f3 que dessa vez a sess\u00e3o aconteceu na rua em frente \u00e0 Igreja, ao ar livre. No dia de S\u00e3o Pedro (29\/6), o p\u00fablico pode acompanhar \u201cA Menina \u00cdndigo\u201d, de Wagner Assis.<\/em><\/p>\n<figure id=\"attachment_10928\" aria-describedby=\"caption-attachment-10928\" style=\"width: 831px\" class=\"wp-caption alignleft\"><a href=\"http:\/\/projetocineb.com.br\/wp-content\/uploads\/2018\/07\/DSC_0215.jpg\"><img fetchpriority=\"high\" decoding=\"async\" class=\"size-full wp-image-10928\" src=\"http:\/\/projetocineb.com.br\/wp-content\/uploads\/2018\/07\/DSC_0215.jpg\" alt=\"\" width=\"831\" height=\"552\" \/><\/a><figcaption id=\"caption-attachment-10928\" class=\"wp-caption-text\">Uni\u00e3o de Vila Nova sempre recebe o projeto com muito carinho e colabora\u00e7\u00e3o.<\/figcaption><\/figure>\n<p>O bairro Uni\u00e3o de Vila Nova localiza-se encravado entre a estrada de ferro e o Rio Tiet\u00ea, na regi\u00e3o de S\u00e3o Miguel Paulista, Zona Leste de S\u00e3o Paulo. Ali, onde todos se preocupam com as enchentes que por d\u00e9cadas assolou a popula\u00e7\u00e3o, funciona o Projeto Cultural Educacional Novo Pantanal (Procedu), que atende cerca de 1.000 fam\u00edlias carentes da regi\u00e3o com cursos e oficinas de gera\u00e7\u00e3o de renda, numa parceria com a Prefeitura de S\u00e3o Paulo.<\/p>\n<p>O Procedu \u00e9 parceiro do CineB h\u00e1 anos, quando toda a estrutura de cinema com tel\u00e3o, cadeiras e som ocupavam o sal\u00e3o da entidade. Mas na \u00faltima sexta-feira, 29\/6, o CineB Solar montou uma sess\u00e3o diferente, na rua em frente \u00e0 Igreja Nossa Senhora Aparecida, em meio \u00e0s barracas da festa junina organizada pela comunidade. A via ficou repleta de cadeiras, caixas de som e um imenso tel\u00e3o. A energia para tudo funcionar foi solar, captada atrav\u00e9s das placas fotovoltaicas que ficam sobre o ve\u00edculo do projeto, uma van adaptada para captar e guardar a energia do sol, que se transforma em energia el\u00e9trica.<\/p>\n<figure id=\"attachment_10926\" aria-describedby=\"caption-attachment-10926\" style=\"width: 831px\" class=\"wp-caption alignleft\"><a href=\"http:\/\/projetocineb.com.br\/wp-content\/uploads\/2018\/07\/DSC_0081.jpg\"><img decoding=\"async\" class=\"size-full wp-image-10926\" src=\"http:\/\/projetocineb.com.br\/wp-content\/uploads\/2018\/07\/DSC_0081.jpg\" alt=\"\" width=\"831\" height=\"531\" \/><\/a><figcaption id=\"caption-attachment-10926\" class=\"wp-caption-text\">Fam\u00edlia reunida para ver &#8220;A Menina \u00cdndigo&#8221;.<\/figcaption><\/figure>\n<p>Jos\u00e9 Mario de Queir\u00f3z (Z\u00e9 Mario), morador da Uni\u00e3o de Vila Nova e funcion\u00e1rio do Sindicato dos Banc\u00e1rios de S\u00e3o Paulo, Osasco e Regi\u00e3o, acompanha todas as sess\u00f5es que acontecem no local e conta que as pessoas gostam muito do projeto e ficaram curiosas para conhecer como funciona o CineB Solar. \u201c\u00c9 uma inova\u00e7\u00e3o, sem d\u00favida, e poder assistir no espa\u00e7o da pra\u00e7a \u00e9 muito bom\u201d, completa.<\/p>\n<p>O filme \u201cA Menina \u00cdndigo\u201d, de Wagner Assis, conta a hist\u00f3ria de Sofia (Let\u00edcia Braga), uma garota de 7 anos que tem enfrentado problemas na escola por n\u00e3o se interessar nas mat\u00e9rias ensinadas. Ap\u00f3s se trancar em uma sala e pint\u00e1-la por completo, seu pai (Murilo Rosa) \u00e9 chamado ao local. Meio afastado dela devido ao trabalho como jornalista, ele se reaproxima ap\u00f3s o pedido da pr\u00f3pria Sofia para que more com ele. Aos poucos, ele percebe que Sofia \u00e9 uma crian\u00e7a bastante espont\u00e2nea que se manifesta atrav\u00e9s da pintura, mas que tamb\u00e9m possui o dom de curar pessoas doentes.<\/p>\n<figure id=\"attachment_10927\" aria-describedby=\"caption-attachment-10927\" style=\"width: 831px\" class=\"wp-caption alignleft\"><a href=\"http:\/\/projetocineb.com.br\/wp-content\/uploads\/2018\/07\/DSC_0107.jpg\"><img decoding=\"async\" class=\"size-full wp-image-10927\" src=\"http:\/\/projetocineb.com.br\/wp-content\/uploads\/2018\/07\/DSC_0107.jpg\" alt=\"\" width=\"831\" height=\"552\" \/><\/a><figcaption id=\"caption-attachment-10927\" class=\"wp-caption-text\">Z\u00e9 Mario, do Sindicato dos Banc\u00e1rios, Cid\u00e1lio Vieira Santos, coordenador do CineB Sola,r e Francisca Aguiar, gerente do Procedu.<\/figcaption><\/figure>\n<p>Em cartaz durante todo o m\u00eas de junho, o filme agradou as 150 pessoas que foram \u00e0 sess\u00e3o. Para Marcele Carvalho, de S\u00e3o Miguel Guaum\u00e1, no Par\u00e1, e moradora do bairro, o interessante \u00e9 que cada sess\u00e3o tem um tema diferente. \u201cEu vim \u00e0 sess\u00e3o das \u00faltimas quatro vezes. Nunca fui ao cinema comercial porque n\u00e3o tenho vontade, mas aqui eu n\u00e3o perco um\u201d, completa.<\/p>\n<p>Manuela dos Santos, 10 anos, \u00e9 outra f\u00e3 de cinema. Ela conta que aos 7 anos de idade foi sozinha \u00e0 uma sess\u00e3o de cinema no Shopping Itaquera para ver o filme de Bob Esponja, sem avisar ningu\u00e9m. \u201cEu peguei o \u00f4nibus e fui\u201d, conta. Quit\u00e9ria Eurides, que cuida de Manuela desde pequena e a acompanhava na sess\u00e3o do CineB Solar diz que viveu momentos dif\u00edceis. \u201cFicamos preocupados come\u00e7amos a procurar por ela e no final do dia a pol\u00edcia a trouxe em casa\u201d, recorda. Manuela conta que j\u00e1 n\u00e3o faz mais isso e a tia a acompanha nas sess\u00f5es de cinema.<\/p>\n<figure id=\"attachment_10929\" aria-describedby=\"caption-attachment-10929\" style=\"width: 831px\" class=\"wp-caption alignleft\"><a href=\"http:\/\/projetocineb.com.br\/wp-content\/uploads\/2018\/07\/DSC_0160.jpg\"><img loading=\"lazy\" decoding=\"async\" class=\"size-full wp-image-10929\" src=\"http:\/\/projetocineb.com.br\/wp-content\/uploads\/2018\/07\/DSC_0160.jpg\" alt=\"\" width=\"831\" height=\"552\" \/><\/a><figcaption id=\"caption-attachment-10929\" class=\"wp-caption-text\">Fam\u00edlia Bonfim assistiu ao filme de camarote, na garagem de casa.<\/figcaption><\/figure>\n<p>Para Francisca Aguiar, gerente do Procedu, foi uma sess\u00e3o diferente, sob a Lua Cheia. \u201cUma experi\u00eancia nova para todos, e tenho certeza que todos gostaram, porque ficaram at\u00e9 o final e se divertiram muito\u201d, avalia. A realiza\u00e7\u00e3o da sess\u00e3o teve o apoio de toda a equipe de funcion\u00e1rio do Procedu.<\/p>\n<p>O CineB Solar \u00e9 um circuito alternativo de exibi\u00e7\u00e3o que, desde 2007, leva cinema brasileiro para v\u00e1rias regi\u00f5es da cidade. O projeto, que agora passa a se chamar CineB Solar quando estiver nas comunidades, j\u00e1 contabiliza um p\u00fablico superior a\u00a060 mil\u00a0pessoas em\u00a0mais de 480 sess\u00f5es gratuitas em comunidades, escolas e universidades de S\u00e3o Paulo. J\u00e1 foram exibidos na tela do CineB mais de 116 longas metragens e 73 curtas metragens.<\/p>\n\t\t\t\n\t\t\t<!-- Blueimp gallery -->\n\t\t\t<div id=\"blueimp-gallery\" class=\"blueimp-gallery blueimp-gallery-controls\">\n\t\t\t\t<div class=\"slides\"><\/div>\n\t\t\t\t<h3 class=\"title\"><\/h3>\n\t\t\t\t<a class=\"prev\">\u2039<\/a>\n\t\t\t\t<a class=\"next\">\u203a<\/a>\n\t\t\t\t<a class=\"close\">\u00d7<\/a>\n\t\t\t\t<a class=\"play-pause\"><\/a>\n\t\t\t\t<ol class=\"indicator\"><\/ol>\n\t\t\t\t<div class=\"modal fade\">\n\t\t\t\t\t<div class=\"modal-dialog\">\n\t\t\t\t\t\t<div class=\"modal-content\">\n\t\t\t\t\t\t\t<div class=\"modal-header\">\n\t\t\t\t\t\t\t\t<button type=\"button\" class=\"close\" aria-hidden=\"true\">&times;<\/button>\n\t\t\t\t\t\t\t\t<h4 class=\"modal-title\"><\/h4>\n\t\t\t\t\t\t\t<\/div>\n\t\t\t\t\t\t\t<div class=\"modal-body next\"><\/div>\n\t\t\t\t\t\t\t<div class=\"modal-footer\">\n\t\t\t\t\t\t\t\t<button type=\"button\" class=\"btn btn-default pull-left prev\">\n\t\t\t\t\t\t\t\t\t<i class=\"glyphicon glyphicon-chevron-left\"><\/i>\n\t\t\t\t\t\t\t\t\tPrevious\t\t\t\t\t\t\t\t<\/button>\n\t\t\t\t\t\t\t\t<button type=\"button\" class=\"btn btn-primary next\">\n\t\t\t\t\t\t\t\t\tNext\t\t\t\t\t\t\t\t\t<i class=\"glyphicon glyphicon-chevron-right\"><\/i>\n\t\t\t\t\t\t\t\t<\/button>\n\t\t\t\t\t\t\t<\/div>\n\t\t\t\t\t\t<\/div>\n\t\t\t\t\t<\/div>\n\t\t\t\t<\/div>\n\t\t\t<\/div>\n\t\t\t<script type=\"text\/javascript\">\n\t\t\tjQuery(function() {\n\t\t\t\t\/\/ Set blueimp gallery options\n\t\t\t\tjQuery.extend(blueimp.Gallery.prototype.options, {\n\t\t\t\t\tuseBootstrapModal: false,\n\t\t\t\t\thidePageScrollbars: false\n\t\t\t\t});\n\t\t\t});\n\t\t\t<\/script>\n\t\t\t\n","protected":false},"excerpt":{"rendered":"<p>Foi a sexta vez que o CineB, agora Solar, esteve no Procedu, na Uni\u00e3o de Vila Nova. S\u00f3 que dessa[&#8230;]<\/p>\n","protected":false},"author":3,"featured_media":11068,"comment_status":"open","ping_status":"open","sticky":false,"template":"","format":"standard","meta":[],"categories":[2,6],"tags":[32,237,255,996,1133,1193,1239],"_links":{"self":[{"href":"https:\/\/projetocineb.com.br\/index.php?rest_route=\/wp\/v2\/posts\/10923"}],"collection":[{"href":"https:\/\/projetocineb.com.br\/index.php?rest_route=\/wp\/v2\/posts"}],"about":[{"href":"https:\/\/projetocineb.com.br\/index.php?rest_route=\/wp\/v2\/types\/post"}],"author":[{"embeddable":true,"href":"https:\/\/projetocineb.com.br\/index.php?rest_route=\/wp\/v2\/users\/3"}],"replies":[{"embeddable":true,"href":"https:\/\/projetocineb.com.br\/index.php?rest_route=%2Fwp%2Fv2%2Fcomments&post=10923"}],"version-history":[{"count":0,"href":"https:\/\/projetocineb.com.br\/index.php?rest_route=\/wp\/v2\/posts\/10923\/revisions"}],"wp:featuredmedia":[{"embeddable":true,"href":"https:\/\/projetocineb.com.br\/index.php?rest_route=\/wp\/v2\/media\/11068"}],"wp:attachment":[{"href":"https:\/\/projetocineb.com.br\/index.php?rest_route=%2Fwp%2Fv2%2Fmedia&parent=10923"}],"wp:term":[{"taxonomy":"category","embeddable":true,"href":"https:\/\/projetocineb.com.br\/index.php?rest_route=%2Fwp%2Fv2%2Fcategories&post=10923"},{"taxonomy":"post_tag","embeddable":true,"href":"https:\/\/projetocineb.com.br\/index.php?rest_route=%2Fwp%2Fv2%2Ftags&post=10923"}],"curies":[{"name":"wp","href":"https:\/\/api.w.org\/{rel}","templated":true}]}}