{"id":10936,"date":"2018-07-03T21:44:30","date_gmt":"2018-07-04T00:44:30","guid":{"rendered":"http:\/\/projetocineb.com.br\/?p=10936"},"modified":"2018-07-03T21:44:30","modified_gmt":"2018-07-04T00:44:30","slug":"o-cinema-tem-de-ir-aonde-o-povo-esta","status":"publish","type":"post","link":"https:\/\/projetocineb.com.br\/?p=10936","title":{"rendered":"O cinema tem de ir aonde o povo est\u00e1"},"content":{"rendered":"<p><em>O CineB Solar esteve no \u00faltimo s\u00e1bado, 30\/6, na Ocupa\u00e7\u00e3o Marielle Franco, no Graja\u00fa, Zona Sul de S\u00e3o Paulo, para exibir o longa-metragem \u201cA Menina \u00cdndigo\u201d de Wagner Assis.<\/em><\/p>\n<figure id=\"attachment_10938\" aria-describedby=\"caption-attachment-10938\" style=\"width: 831px\" class=\"wp-caption alignleft\"><a href=\"http:\/\/projetocineb.com.br\/wp-content\/uploads\/2018\/07\/DSC_0274.jpg\"><img fetchpriority=\"high\" decoding=\"async\" class=\"size-full wp-image-10938\" src=\"http:\/\/projetocineb.com.br\/wp-content\/uploads\/2018\/07\/DSC_0274.jpg\" alt=\"\" width=\"831\" height=\"552\" \/><\/a><figcaption id=\"caption-attachment-10938\" class=\"wp-caption-text\">Povo Sem Medo na Ocupa\u00e7\u00e3o Marielle Franco.<\/figcaption><\/figure>\n<p>Mais de quatro mil fam\u00edlias lutam, desde abril, pelo direito \u00e0 moradia na Zona Sul de S\u00e3o Paulo, atrav\u00e9s da Ocupa\u00e7\u00e3o Marielle Franco, do Movimento dos Trabalhadores Sem Teto (MTST). A luta di\u00e1ria dos moradores da maior cidade da Am\u00e9rica do Sul por trabalho, sa\u00fade e educa\u00e7\u00e3o de qualidade, moradia e cidadania inclui, tamb\u00e9m, a busca por cultura e lazer. \u00c9 o caso de todos que aproveitaram a agrad\u00e1vel noite do \u00faltimo s\u00e1bado, 30\/06, para acompanhar uma sess\u00e3o ao ar livre organizada pelo CineB Solar na Ocupa\u00e7\u00e3o, localizada na Avenida Senador Teot\u00f4nio Vilela, 6.400, na regi\u00e3o do Graja\u00fa.<\/p>\n<p>O CineB Solar, projeto do Sindicato dos Banc\u00e1rios de S\u00e3o Paulo, Osasco e Regi\u00e3o em parceria com a Brazucah Produ\u00e7\u00f5es leva, h\u00e1 11 anos, o cinema brasileiro \u00e0queles que n\u00e3o t\u00eam acesso \u00e0 s\u00e9tima arte. O CineB Solar une cultura e sustentabilidade porque toda energia utilizada nos equipamentos de exibi\u00e7\u00e3o como projetor, som e ilumina\u00e7\u00e3o v\u00eam do sol. Placas fotovoltaicas s\u00e3o colocadas sobre o ve\u00edculo do projeto e baterias armazenam a energia captada durante o dia para exibir os filmes \u00e0 noite.<\/p>\n<figure id=\"attachment_10940\" aria-describedby=\"caption-attachment-10940\" style=\"width: 831px\" class=\"wp-caption alignleft\"><a href=\"http:\/\/projetocineb.com.br\/wp-content\/uploads\/2018\/07\/DSC_0237.jpg\"><img decoding=\"async\" class=\"size-full wp-image-10940\" src=\"http:\/\/projetocineb.com.br\/wp-content\/uploads\/2018\/07\/DSC_0237.jpg\" alt=\"\" width=\"831\" height=\"552\" \/><\/a><figcaption id=\"caption-attachment-10940\" class=\"wp-caption-text\">Pipoca gratuita para todos que estavam na sess\u00e3o.<\/figcaption><\/figure>\n<p>O estacionamento da Ocupa\u00e7\u00e3o ficou lotado com as mais de 250 cadeiras levadas pela produ\u00e7\u00e3o para acomodar o p\u00fablico que foi assistir ao filme. Muitos ainda ficaram de p\u00e9 ou sentados no morro para acompanhar \u201cA Menina \u00cdndigo\u201d, de Wagner Assis, que conta a hist\u00f3ria de Sofia (Let\u00edcia Braga), uma garota de 7 anos que tem enfrentado problemas na escola por n\u00e3o se interessar pelas mat\u00e9rias ensinadas. Ap\u00f3s se trancar em uma sala e pint\u00e1-la por completo, seu pai (Murilo Rosa) \u00e9 chamado ao local. Meio afastado dela devido ao trabalho como jornalista, ele se reaproxima ap\u00f3s o pedido da pr\u00f3pria Sofia para que more com ele. Aos poucos, ele percebe que Sofia possui \u00e9 uma crian\u00e7a bastante espont\u00e2nea que se manifesta atrav\u00e9s da pintura, mas que tamb\u00e9m possui o dom de curar pessoas doentes.<\/p>\n<p>Para a respons\u00e1vel pela comunica\u00e7\u00e3o e cultura na Ocupa\u00e7\u00e3o, Ediane Maria do Nascimento, \u00e9 uma honra receber o CineB Solar. \u201cEu cobro muito na quest\u00e3o da cultura trazer filmes nacionais para o pessoal assistir. E hoje \u00e9 um momento totalmente especial, porque tem o conforto, tem a pipoquinha, est\u00e1 aconchegante, d\u00e1 para se sentir realmente no cinema, e ao ar livre, o que \u00e9 o melhor. Para mim est\u00e1 sendo um dia especial por proporcionar isso aos companheiros\u201d, declarou. Ela conta que a ocupa\u00e7\u00e3o existe h\u00e1 dois meses num terreno que estava abandonado h\u00e1 mais de 20 anos. O nome foi uma decis\u00e3o coletiva. T\u00ednhamos duas op\u00e7\u00f5es: Povo Sem Medo do Graja\u00fa ou Marielle Franco e, por assembleia, foi escolhido Marielle Franco. A gente n\u00e3o vai deixar nunca morrer esse nome da companheira em nossas ocupa\u00e7\u00f5es\u201d, conclui.<\/p>\n<figure id=\"attachment_10943\" aria-describedby=\"caption-attachment-10943\" style=\"width: 831px\" class=\"wp-caption alignleft\"><a href=\"http:\/\/projetocineb.com.br\/wp-content\/uploads\/2018\/07\/DSC_0287.jpg\"><img decoding=\"async\" class=\"size-full wp-image-10943\" src=\"http:\/\/projetocineb.com.br\/wp-content\/uploads\/2018\/07\/DSC_0287.jpg\" alt=\"\" width=\"831\" height=\"552\" \/><\/a><figcaption id=\"caption-attachment-10943\" class=\"wp-caption-text\">O recado da atriz Let\u00edcia Braga ao p\u00fablico do CineB Solar.<\/figcaption><\/figure>\n<p>&nbsp;<\/p>\n<p>O CineB Solar chegou \u00e0 Ocupa\u00e7\u00e3o Marielle Franco por meio de Bruna Silva, funcion\u00e1ria do Sindicato dos Banc\u00e1rios na Regional Sul. Desde o in\u00edcio da Ocupa\u00e7\u00e3o que a Regional faz arrecada\u00e7\u00e3o de alimentos para colaborar com o movimento. \u201cFoi atrav\u00e9s de Luiz Claudio [Marcolino, ex-presidente do Sindicato] que conheci a ocupa\u00e7\u00e3o. Criamos v\u00ednculo com o movimento pois estamos sempre com eles e da\u00ed tivemos a ideia de trazer o CineB para c\u00e1\u201d, explica.<\/p>\n<p>Quem estava curtindo a sess\u00e3o, bem pertinho do tel\u00e3o, na primeira fila, era Stephanie Caroline. Com Mayara Caroline de dois meses no colo, ela conta que mora com a filha na ocupa\u00e7\u00e3o h\u00e1 duas semanas e est\u00e1 esperan\u00e7osa de conseguir o t\u00e3o sonhado direito \u00e0 moradia. O esposo \u00e9 caminhoneiro e est\u00e1 sempre viajando. \u201cHoje ele esteve aqui mas j\u00e1 saiu. Eu vim da Zona Leste e estou confiante. A \u00fanica coisa que estranho \u00e9 n\u00e3o ter televis\u00e3o\u201d, comenta.<\/p>\n<figure id=\"attachment_10944\" aria-describedby=\"caption-attachment-10944\" style=\"width: 831px\" class=\"wp-caption alignleft\"><a href=\"http:\/\/projetocineb.com.br\/wp-content\/uploads\/2018\/07\/DSC_0311.jpg\"><img loading=\"lazy\" decoding=\"async\" class=\"size-full wp-image-10944\" src=\"http:\/\/projetocineb.com.br\/wp-content\/uploads\/2018\/07\/DSC_0311.jpg\" alt=\"\" width=\"831\" height=\"552\" \/><\/a><figcaption id=\"caption-attachment-10944\" class=\"wp-caption-text\">Cerca de 350 pessoas acompanharam o filme &#8220;A Menina \u00cdndigo&#8221;.<\/figcaption><\/figure>\n<p>Muita gente d\u00e1 apoio ao movimento na Zona Sul. \u00c9 o caso de Carlos Nunes, do Sindicato dos Trabalhadores de Hot\u00e9is e Restaurantes de S\u00e3o Paulo (Sinthoresp), que participou da sess\u00e3o. &#8220;Muitos n\u00e3o t\u00eam condi\u00e7\u00f5es de pagar um cinema, ent\u00e3o o cinema vir at\u00e9 o povo \u00e9 uma grande atitude. Precisamos de mais projetos assim em outras localidades\u201d, reflete.\u00a0Para a pedagoga S\u00e9tima Ara\u00fajo, da Associa\u00e7\u00e3o Nosso Caminho, que tamb\u00e9m apoia o movimento e, em parceria com a Prefeitura de S\u00e3o Paulo, atende mais de 2.400 crian\u00e7as nas creches que funcionam em diversos bairros da Zona Sul, as pessoas precisam conhecer o cinema nacional, porque ele mostra a realidade do povo. S\u00e9tima tem interesse em levar a sess\u00e3o de cinema \u00e0s escolas da associa\u00e7\u00e3o: \u201cOs pais gostam desses eventos, s\u00e3o bem participativos, e \u00e9 atrav\u00e9s de uma atividade como esta que a gente pode mostrar que o cinema brasileiro tem valor\u201d, comenta.<\/p>\n<figure id=\"attachment_10945\" aria-describedby=\"caption-attachment-10945\" style=\"width: 831px\" class=\"wp-caption alignleft\"><a href=\"http:\/\/projetocineb.com.br\/wp-content\/uploads\/2018\/07\/DSC_0293.jpg\"><img loading=\"lazy\" decoding=\"async\" class=\"size-full wp-image-10945\" src=\"http:\/\/projetocineb.com.br\/wp-content\/uploads\/2018\/07\/DSC_0293.jpg\" alt=\"\" width=\"831\" height=\"552\" \/><\/a><figcaption id=\"caption-attachment-10945\" class=\"wp-caption-text\">Colaboradores da cozinha, assistindo o filme \u00e0 dist\u00e2ncia.<\/figcaption><\/figure>\n<p><strong>Cinema na cozinha<\/strong><br \/>\nCerca de dez pessoas acompanhavam a sess\u00e3o a aproximadamente 100 metros de dist\u00e2ncia do tel\u00e3o, no morro que d\u00e1 acesso \u00e0s barracas da Ocupa\u00e7\u00e3o, na cozinha do G16 e G17 &#8211; que s\u00e3o grupos que organizam os ocupantes do terreno. O G17, por exemplo, \u00e9 formado por cerca de 700 pessoas conta Janete Sena, uma das coordenadoras do grupo. \u201cAqui a gente v\u00ea o filme de camarote\u201d, destaca. Ela conta que muita gente da ocupa\u00e7\u00e3o n\u00e3o tem acesso a uma sala de cinema. \u201cEst\u00e1 tudo caro, por isso \u00e9 \u00f3timo ver o cinema com um tel\u00e3o desse tamanho aqui\u201d.<\/p>\n<p>Para Maria Bet\u00e2nia Nascimento Silva, outra coordenadora do G17, na Ocupa\u00e7\u00e3o est\u00e3o pessoas muito carentes. \u201cN\u00e3o d\u00e1 nem para imaginar, s\u00e3o pessoas t\u00e3o puras, que vivem em grande dificuldade. A gente fica triste e feliz junto\u201d, lamenta. Ela conta que ali \u00e9 um lugar de muita solidariedade e companheirismo. E lugar de encontrar pessoas. \u201cEu at\u00e9 arrumei um namorado aqui dentro\u201d, comemora.<\/p>\n<figure id=\"attachment_10946\" aria-describedby=\"caption-attachment-10946\" style=\"width: 831px\" class=\"wp-caption alignleft\"><a href=\"http:\/\/projetocineb.com.br\/wp-content\/uploads\/2018\/07\/DSC_0327.jpg\"><img loading=\"lazy\" decoding=\"async\" class=\"size-full wp-image-10946\" src=\"http:\/\/projetocineb.com.br\/wp-content\/uploads\/2018\/07\/DSC_0327.jpg\" alt=\"\" width=\"831\" height=\"552\" \/><\/a><figcaption id=\"caption-attachment-10946\" class=\"wp-caption-text\">Cid\u00e1lio Vieira, Edilaine do Nascimento, S\u00e9tima Ara\u00fajo e Luiz Claudio Marcolino no encerramento da sess\u00e3o.<\/figcaption><\/figure>\n<p>Irene Ribeiro Silva, que colabora na cozinha do G17 explica que s\u00e3o 9 pessoas trabalhando para alimentar quem fica na Ocupa\u00e7\u00e3o. \u201cPor isso precisamos de muita doa\u00e7\u00e3o de alimentos\u201d. Ela diz que colaborar com o movimento faz muito bem. \u201cA gente v\u00ea que n\u00e3o \u00e9 s\u00f3 voc\u00ea que tem problemas. Por isso temos que ir \u00e0 luta. Depois que vim para c\u00e1 at\u00e9 emagreci\u201d, destaca.<\/p>\n<p>Ao final da sess\u00e3o, Marcolino, atual diretor da Confedera\u00e7\u00e3o do Trabalhadores do Ramo Financeiro (Contraf) e um dos idealizadores do CineB, participou da sess\u00e3o e do sorteio de camisetas do CineB Solar em comemora\u00e7\u00e3o \u00e0 Copa do Mundo de Futebol.<\/p>\n<p>O CineB Solar \u00e9 um circuito alternativo de exibi\u00e7\u00e3o que, desde 2007, leva cinema brasileiro para v\u00e1rias regi\u00f5es da cidade. O projeto, que agora passa a se chamar CineB Solar quando estiver nas comunidades, j\u00e1 contabiliza um p\u00fablico superior a\u00a060 mil\u00a0pessoas em\u00a0mais de 480 sess\u00f5es gratuitas em comunidades, escolas e universidades de S\u00e3o Paulo. J\u00e1 foram exibidos na tela do CineB mais de 116 longas metragens e 73 curtas metragens.<\/p>\n\t\t\t\n\t\t\t<!-- Blueimp gallery -->\n\t\t\t<div id=\"blueimp-gallery\" class=\"blueimp-gallery blueimp-gallery-controls\">\n\t\t\t\t<div class=\"slides\"><\/div>\n\t\t\t\t<h3 class=\"title\"><\/h3>\n\t\t\t\t<a class=\"prev\">\u2039<\/a>\n\t\t\t\t<a class=\"next\">\u203a<\/a>\n\t\t\t\t<a class=\"close\">\u00d7<\/a>\n\t\t\t\t<a class=\"play-pause\"><\/a>\n\t\t\t\t<ol class=\"indicator\"><\/ol>\n\t\t\t\t<div class=\"modal fade\">\n\t\t\t\t\t<div class=\"modal-dialog\">\n\t\t\t\t\t\t<div class=\"modal-content\">\n\t\t\t\t\t\t\t<div class=\"modal-header\">\n\t\t\t\t\t\t\t\t<button type=\"button\" class=\"close\" aria-hidden=\"true\">&times;<\/button>\n\t\t\t\t\t\t\t\t<h4 class=\"modal-title\"><\/h4>\n\t\t\t\t\t\t\t<\/div>\n\t\t\t\t\t\t\t<div class=\"modal-body next\"><\/div>\n\t\t\t\t\t\t\t<div class=\"modal-footer\">\n\t\t\t\t\t\t\t\t<button type=\"button\" class=\"btn btn-default pull-left prev\">\n\t\t\t\t\t\t\t\t\t<i class=\"glyphicon glyphicon-chevron-left\"><\/i>\n\t\t\t\t\t\t\t\t\tPrevious\t\t\t\t\t\t\t\t<\/button>\n\t\t\t\t\t\t\t\t<button type=\"button\" class=\"btn btn-primary next\">\n\t\t\t\t\t\t\t\t\tNext\t\t\t\t\t\t\t\t\t<i class=\"glyphicon glyphicon-chevron-right\"><\/i>\n\t\t\t\t\t\t\t\t<\/button>\n\t\t\t\t\t\t\t<\/div>\n\t\t\t\t\t\t<\/div>\n\t\t\t\t\t<\/div>\n\t\t\t\t<\/div>\n\t\t\t<\/div>\n\t\t\t<script type=\"text\/javascript\">\n\t\t\tjQuery(function() {\n\t\t\t\t\/\/ Set blueimp gallery options\n\t\t\t\tjQuery.extend(blueimp.Gallery.prototype.options, {\n\t\t\t\t\tuseBootstrapModal: false,\n\t\t\t\t\thidePageScrollbars: false\n\t\t\t\t});\n\t\t\t});\n\t\t\t<\/script>\n\t\t\t\n","protected":false},"excerpt":{"rendered":"<p>O CineB Solar esteve no \u00faltimo s\u00e1bado, 30\/6, na Ocupa\u00e7\u00e3o Marielle Franco, no Graja\u00fa, Zona Sul de S\u00e3o Paulo, para[&#8230;]<\/p>\n","protected":false},"author":3,"featured_media":11069,"comment_status":"open","ping_status":"open","sticky":false,"template":"","format":"standard","meta":[],"categories":[2,6],"tags":[32,237,255,577,760,787,831,878,1133,1239,1251],"_links":{"self":[{"href":"https:\/\/projetocineb.com.br\/index.php?rest_route=\/wp\/v2\/posts\/10936"}],"collection":[{"href":"https:\/\/projetocineb.com.br\/index.php?rest_route=\/wp\/v2\/posts"}],"about":[{"href":"https:\/\/projetocineb.com.br\/index.php?rest_route=\/wp\/v2\/types\/post"}],"author":[{"embeddable":true,"href":"https:\/\/projetocineb.com.br\/index.php?rest_route=\/wp\/v2\/users\/3"}],"replies":[{"embeddable":true,"href":"https:\/\/projetocineb.com.br\/index.php?rest_route=%2Fwp%2Fv2%2Fcomments&post=10936"}],"version-history":[{"count":0,"href":"https:\/\/projetocineb.com.br\/index.php?rest_route=\/wp\/v2\/posts\/10936\/revisions"}],"wp:featuredmedia":[{"embeddable":true,"href":"https:\/\/projetocineb.com.br\/index.php?rest_route=\/wp\/v2\/media\/11069"}],"wp:attachment":[{"href":"https:\/\/projetocineb.com.br\/index.php?rest_route=%2Fwp%2Fv2%2Fmedia&parent=10936"}],"wp:term":[{"taxonomy":"category","embeddable":true,"href":"https:\/\/projetocineb.com.br\/index.php?rest_route=%2Fwp%2Fv2%2Fcategories&post=10936"},{"taxonomy":"post_tag","embeddable":true,"href":"https:\/\/projetocineb.com.br\/index.php?rest_route=%2Fwp%2Fv2%2Ftags&post=10936"}],"curies":[{"name":"wp","href":"https:\/\/api.w.org\/{rel}","templated":true}]}}