{"id":10969,"date":"2018-08-01T10:08:11","date_gmt":"2018-08-01T13:08:11","guid":{"rendered":"http:\/\/projetocineb.com.br\/?p=10969"},"modified":"2018-08-01T10:08:11","modified_gmt":"2018-08-01T13:08:11","slug":"maior-ocupacao-do-mtst-de-sp-exibe-encantado-ao-ar-livre","status":"publish","type":"post","link":"https:\/\/projetocineb.com.br\/?p=10969","title":{"rendered":"Maior ocupa\u00e7\u00e3o do MTST em SP exibe \u201cEncantados\u201d"},"content":{"rendered":"<p><em>Filme de Tizuka Yamazaki foi a atra\u00e7\u00e3o na Ocupa\u00e7\u00e3o Vila Nova Palestina, Zona Sul da capital, no \u00faltimo s\u00e1bado, 28\/7. Sess\u00e3o foi totalmente realizada com energia solar.<\/em><\/p>\n<figure id=\"attachment_10982\" aria-describedby=\"caption-attachment-10982\" style=\"width: 831px\" class=\"wp-caption alignleft\"><a href=\"http:\/\/projetocineb.com.br\/wp-content\/uploads\/2018\/08\/DSC_0140.jpg\"><img fetchpriority=\"high\" decoding=\"async\" class=\"size-full wp-image-10982\" src=\"http:\/\/projetocineb.com.br\/wp-content\/uploads\/2018\/08\/DSC_0140.jpg\" alt=\"\" width=\"831\" height=\"552\" \/><\/a><figcaption id=\"caption-attachment-10982\" class=\"wp-caption-text\">Cinema ao ar livre pela primeira vez na ocupa\u00e7\u00e3o Vila Nova Palestina.<\/figcaption><\/figure>\n<p>&nbsp;<\/p>\n<p>No extremo sul da cidade de S\u00e3o Paulo fica a maior ocupa\u00e7\u00e3o do Movimento dos Trabalhadores Sem Teto (MTST) na capital, conhecida como Vila Nova Palestina, que existe desde 2012 e conta com mais de 2.000 fam\u00edlias que lutam por uma moradia digna na maior cidade da Am\u00e9rica do Sul.<\/p>\n<p>No \u00faltimo s\u00e1bado, 28\/7, o CineB Solar esteve l\u00e1, para exibir, ao ar livre, sob a luz da Lua que ainda brilhava vermelha no c\u00e9u do Brasil, sua mais nova atra\u00e7\u00e3o da temporada, o longa-metragem \u201cEncantados\u201d, da cineasta Tizuka Yamazaki (Gaijin &#8211; Caminhos da Liberdade). O projeto foi muito bem recebido pelo Povo Sem Medo, que acompanhou a sess\u00e3o que foi montada bem ao lado do barrac\u00e3o da coordena\u00e7\u00e3o.<\/p>\n<figure id=\"attachment_10972\" aria-describedby=\"caption-attachment-10972\" style=\"width: 831px\" class=\"wp-caption alignleft\"><a href=\"http:\/\/projetocineb.com.br\/wp-content\/uploads\/2018\/08\/DSC_0056.jpg\"><img decoding=\"async\" class=\"size-full wp-image-10972\" src=\"http:\/\/projetocineb.com.br\/wp-content\/uploads\/2018\/08\/DSC_0056.jpg\" alt=\"\" width=\"831\" height=\"552\" \/><\/a><figcaption id=\"caption-attachment-10972\" class=\"wp-caption-text\">Raissa, Daiana, Fernanda e Nicolas entre outras crian\u00e7as e adolescentes na biblioteca da Ocupa\u00e7\u00e3o, que fica no barrac\u00e3o da coordena\u00e7\u00e3o do movimento.<\/figcaption><\/figure>\n<p>O filme de Tizuka conta a hist\u00f3ria de Zeneida (Carolina Oliveira) uma das filhas de um importante pol\u00edtico do Par\u00e1. Com mais dez irm\u00e3os, ela se destaca por seu jeito atrevido, perseverante e teimoso. Sensitiva, v\u00ea e escuta coisas que mais ningu\u00e9m enxerga ou ouve, e ap\u00f3s se mudar para a Ilha do Maraj\u00f3 fica encantada com Ant\u00f4nio (Thiago Martins), figura misteriosa que encontra nas andan\u00e7as pela propriedade da fam\u00edlia. A paix\u00e3o pelo estranho e a intimidade com a natureza n\u00e3o s\u00e3o vistas com bons olhos por seus pais e a rebelde jovem passa a enfrentar um grande conflito dentro de casa ao ser considerada lun\u00e1tica.<\/p>\n<p>Jussara Basso, coordenadora do MTST em S\u00e3o Paulo, elogiou a iniciativa do Sindicato dos Banc\u00e1rios de S\u00e3o Paulo em parceria com a Brazucah Produ\u00e7\u00f5es por organizar, atrav\u00e9s de Alberto Trindade, lideran\u00e7a de movimentos populares na regi\u00e3o do M&#8217;Boi Mirim, uma sess\u00e3o na ocupa\u00e7\u00e3o. \u201cO acesso ao cinema \u00e9 muito prec\u00e1rio na periferia, muitas pessoas nunca foram numa sala de exibi\u00e7\u00e3o. Eu acho muito bonito esse trabalho e achei important\u00edssimo essa intera\u00e7\u00e3o\u201d, comenta. Ela conta que uma ONG da capital est\u00e1 realizando um curso de cinema comunit\u00e1rio com os jovens do MTST, para \u201cdesenvolver um document\u00e1rio pensado por eles falando a hist\u00f3ria da ocupa\u00e7\u00e3o\u201d, destacou.<br \/>\nO barrac\u00e3o da coordena\u00e7\u00e3o, bem ao lado da sess\u00e3o montada pelo CineB Solar j\u00e1 foi espa\u00e7o para sess\u00f5es de cinema e hoje conta com uma biblioteca com centenas de livros para crian\u00e7as e estudantes.<\/p>\n<figure id=\"attachment_10973\" aria-describedby=\"caption-attachment-10973\" style=\"width: 831px\" class=\"wp-caption alignleft\"><a href=\"http:\/\/projetocineb.com.br\/wp-content\/uploads\/2018\/08\/DSC_0103.jpg\"><img decoding=\"async\" class=\"size-full wp-image-10973\" src=\"http:\/\/projetocineb.com.br\/wp-content\/uploads\/2018\/08\/DSC_0103.jpg\" alt=\"\" width=\"831\" height=\"552\" \/><\/a><figcaption id=\"caption-attachment-10973\" class=\"wp-caption-text\">A abertura oficial da sess\u00e3o com Juliana Basso, Luiz Claudio Marcolino e Cid\u00e1lio Vieira Santos, coordenador do CineB Solar.<\/figcaption><\/figure>\n<p>Para Luiz Claudio Marcolino, diretor da Confedera\u00e7\u00e3o dos Trabalhadores do Ramo Financeiro (Contraf) e idealizador do projeto no per\u00edodo em que foi presidente do Sindicato dos Banc\u00e1rios de S\u00e3o Paulo, esse tipo de a\u00e7\u00e3o sempre foi o intuito do CineB, agora Solar. \u201cFazer parcerias com os movimentos sociais, levar a cultura, o cinema nacional para a popula\u00e7\u00e3o que vive com dificuldade, que n\u00e3o tem acesso, a assistir o cinema nacional\u201d, resume. Marcolino lembra que o trabalho sociocultural realizado nos \u00faltimos dez anos se uniu ao trabalho ambiental com a ado\u00e7\u00e3o da energia solar nas sess\u00f5es realizadas pelo projeto.<\/p>\n<p>Uma van adaptada com placas fotovoltaicas sobre o teto, conversores e baterias transformam a energia do sol captada durante o dia em energia el\u00e9trica para fazer funcionar todo o sistema de imagem e som e ilumina\u00e7\u00e3o do CineB Solar \u00e0 noite. Na sess\u00e3o, o sistema foi apresentado ao p\u00fablico, que pode entrar na van e conhecer como tudo funciona.<\/p>\n<figure id=\"attachment_10974\" aria-describedby=\"caption-attachment-10974\" style=\"width: 831px\" class=\"wp-caption alignleft\"><a href=\"http:\/\/projetocineb.com.br\/wp-content\/uploads\/2018\/08\/DSC_0160.jpg\"><img loading=\"lazy\" decoding=\"async\" class=\"size-full wp-image-10974\" src=\"http:\/\/projetocineb.com.br\/wp-content\/uploads\/2018\/08\/DSC_0160.jpg\" alt=\"\" width=\"831\" height=\"552\" \/><\/a><figcaption id=\"caption-attachment-10974\" class=\"wp-caption-text\">Caroline dos Santos com os filhos Gabriel (colo), La\u00eds e \u00c9rica: pela primeira vez numa sess\u00e3o de cinema.<\/figcaption><\/figure>\n<p>Antes da abertura oficial da sess\u00e3o, o p\u00fablico assistiu a anima\u00e7\u00f5es com tem\u00e1tica ambiental. Para Macela Pereira, que mora desde 2017 na ocupa\u00e7\u00e3o, \u00e9 \u201cmuito bacana essa ideia de levar o cinema para v\u00e1rias comunidades da cidade. N\u00e3o s\u00e3o todas as pessoas que t\u00eam acesso, que podem ir ao cinema. \u00c9 legal tamb\u00e9m porque o filme \u00e9 nacional e mostra mais sobre a nossa cultura\u201d, reflete.<\/p>\n<p>Ap\u00f3s a sess\u00e3o, o p\u00fablico pode comentar sobre a hist\u00f3ria do filme, como foi o caso de Jussara, que lembrou que o pa\u00eds \u201ctinha mais de 500 tribos antes da invas\u00e3o dos portugueses e hoje t\u00eam s\u00f3 54\u201d, critica. A organiza\u00e7\u00e3o da ocupa\u00e7\u00e3o distribuiu caldinho de feij\u00e3o, uma tradi\u00e7\u00e3o em todas as atividades culturais que acontecem ali. Maria de Lourdes dos Santos, a Cigana, \u00e9 quem prepara a iguaria toda vez. Mineira, ela mora h\u00e1 40 anos em S\u00e3o Paulo e integra o movimento h\u00e1 quatro anos. \u201cAdorei e espero que voc\u00eas voltem mais vezes para agitar\u201d, elogiou.<\/p>\n<figure id=\"attachment_10975\" aria-describedby=\"caption-attachment-10975\" style=\"width: 831px\" class=\"wp-caption alignleft\"><a href=\"http:\/\/projetocineb.com.br\/wp-content\/uploads\/2018\/08\/DSC_0189.jpg\"><img loading=\"lazy\" decoding=\"async\" class=\"size-full wp-image-10975\" src=\"http:\/\/projetocineb.com.br\/wp-content\/uploads\/2018\/08\/DSC_0189.jpg\" alt=\"\" width=\"831\" height=\"552\" \/><\/a><figcaption id=\"caption-attachment-10975\" class=\"wp-caption-text\">Surpresa: nas cadeiras, muito vale-brindes distribu\u00eddos ao p\u00fablico.<\/figcaption><\/figure>\n<p>Enquanto o p\u00fablico preenchia o question\u00e1rio de avalia\u00e7\u00e3o da sess\u00e3o, uma novidade. Foram distribu\u00eddos vale-brindes por baixo das capas de prote\u00e7\u00e3o das cadeiras al\u00e9m do j\u00e1 tradicional sorteio de camisetas.<\/p>\n<p>O CineB Solar \u00e9 um circuito alternativo de exibi\u00e7\u00e3o que, desde 2007, leva cinema brasileiro para v\u00e1rias regi\u00f5es da cidade. O projeto, que agora passa a se chamar CineB Solar quando estiver nas comunidades, j\u00e1 contabiliza um p\u00fablico superior a\u00a060 mil\u00a0pessoas em\u00a0mais de 480 sess\u00f5es gratuitas em comunidades, escolas e universidades de S\u00e3o Paulo. J\u00e1 foram exibidos na tela do CineB mais de 116 longas metragens e 73 curtas metragens.<\/p>\n\t\t\t\n\t\t\t<!-- Blueimp gallery -->\n\t\t\t<div id=\"blueimp-gallery\" class=\"blueimp-gallery blueimp-gallery-controls\">\n\t\t\t\t<div class=\"slides\"><\/div>\n\t\t\t\t<h3 class=\"title\"><\/h3>\n\t\t\t\t<a class=\"prev\">\u2039<\/a>\n\t\t\t\t<a class=\"next\">\u203a<\/a>\n\t\t\t\t<a class=\"close\">\u00d7<\/a>\n\t\t\t\t<a class=\"play-pause\"><\/a>\n\t\t\t\t<ol class=\"indicator\"><\/ol>\n\t\t\t\t<div class=\"modal fade\">\n\t\t\t\t\t<div class=\"modal-dialog\">\n\t\t\t\t\t\t<div class=\"modal-content\">\n\t\t\t\t\t\t\t<div class=\"modal-header\">\n\t\t\t\t\t\t\t\t<button type=\"button\" class=\"close\" aria-hidden=\"true\">&times;<\/button>\n\t\t\t\t\t\t\t\t<h4 class=\"modal-title\"><\/h4>\n\t\t\t\t\t\t\t<\/div>\n\t\t\t\t\t\t\t<div class=\"modal-body next\"><\/div>\n\t\t\t\t\t\t\t<div class=\"modal-footer\">\n\t\t\t\t\t\t\t\t<button type=\"button\" class=\"btn btn-default pull-left prev\">\n\t\t\t\t\t\t\t\t\t<i class=\"glyphicon glyphicon-chevron-left\"><\/i>\n\t\t\t\t\t\t\t\t\tPrevious\t\t\t\t\t\t\t\t<\/button>\n\t\t\t\t\t\t\t\t<button type=\"button\" class=\"btn btn-primary next\">\n\t\t\t\t\t\t\t\t\tNext\t\t\t\t\t\t\t\t\t<i class=\"glyphicon glyphicon-chevron-right\"><\/i>\n\t\t\t\t\t\t\t\t<\/button>\n\t\t\t\t\t\t\t<\/div>\n\t\t\t\t\t\t<\/div>\n\t\t\t\t\t<\/div>\n\t\t\t\t<\/div>\n\t\t\t<\/div>\n\t\t\t<script type=\"text\/javascript\">\n\t\t\tjQuery(function() {\n\t\t\t\t\/\/ Set blueimp gallery options\n\t\t\t\tjQuery.extend(blueimp.Gallery.prototype.options, {\n\t\t\t\t\tuseBootstrapModal: false,\n\t\t\t\t\thidePageScrollbars: false\n\t\t\t\t});\n\t\t\t});\n\t\t\t<\/script>\n\t\t\t\n","protected":false},"excerpt":{"rendered":"<p>Filme de Tizuka Yamazaki foi a atra\u00e7\u00e3o na Ocupa\u00e7\u00e3o Vila Nova Palestina, Zona Sul da capital, no \u00faltimo s\u00e1bado, 28\/7.[&#8230;]<\/p>\n","protected":false},"author":3,"featured_media":11064,"comment_status":"open","ping_status":"open","sticky":false,"template":"","format":"standard","meta":[],"categories":[2,6],"tags":[54,154,237,255,463,717,760,770,831,882,1133,1164],"_links":{"self":[{"href":"https:\/\/projetocineb.com.br\/index.php?rest_route=\/wp\/v2\/posts\/10969"}],"collection":[{"href":"https:\/\/projetocineb.com.br\/index.php?rest_route=\/wp\/v2\/posts"}],"about":[{"href":"https:\/\/projetocineb.com.br\/index.php?rest_route=\/wp\/v2\/types\/post"}],"author":[{"embeddable":true,"href":"https:\/\/projetocineb.com.br\/index.php?rest_route=\/wp\/v2\/users\/3"}],"replies":[{"embeddable":true,"href":"https:\/\/projetocineb.com.br\/index.php?rest_route=%2Fwp%2Fv2%2Fcomments&post=10969"}],"version-history":[{"count":0,"href":"https:\/\/projetocineb.com.br\/index.php?rest_route=\/wp\/v2\/posts\/10969\/revisions"}],"wp:featuredmedia":[{"embeddable":true,"href":"https:\/\/projetocineb.com.br\/index.php?rest_route=\/wp\/v2\/media\/11064"}],"wp:attachment":[{"href":"https:\/\/projetocineb.com.br\/index.php?rest_route=%2Fwp%2Fv2%2Fmedia&parent=10969"}],"wp:term":[{"taxonomy":"category","embeddable":true,"href":"https:\/\/projetocineb.com.br\/index.php?rest_route=%2Fwp%2Fv2%2Fcategories&post=10969"},{"taxonomy":"post_tag","embeddable":true,"href":"https:\/\/projetocineb.com.br\/index.php?rest_route=%2Fwp%2Fv2%2Ftags&post=10969"}],"curies":[{"name":"wp","href":"https:\/\/api.w.org\/{rel}","templated":true}]}}