{"id":10988,"date":"2018-08-07T16:47:38","date_gmt":"2018-08-07T19:47:38","guid":{"rendered":"http:\/\/projetocineb.com.br\/?p=10988"},"modified":"2018-08-07T16:47:38","modified_gmt":"2018-08-07T19:47:38","slug":"secretaria-de-dom-paulo-e-diretor-de-coragem-no-cineb-solar","status":"publish","type":"post","link":"https:\/\/projetocineb.com.br\/?p=10988","title":{"rendered":"Secret\u00e1ria de Arns e diretor de \u201cCoragem\u201d no CineB Solar"},"content":{"rendered":"<p><em>O jornalista Ricardo Carvalho, diretor do document\u00e1rio \u201cCoragem &#8211; As Muitas Vidas do Cardeal Paulo Evaristo Arns\u201d e a secret\u00e1ria do cardeal, Maria \u00c2ngela Borsoi participaram, no \u00faltimo s\u00e1bado, 04\/08, de um debate na Zonal Sul da capital.<\/em><\/p>\n<figure id=\"attachment_10990\" aria-describedby=\"caption-attachment-10990\" style=\"width: 831px\" class=\"wp-caption alignleft\"><a href=\"http:\/\/projetocineb.com.br\/wp-content\/uploads\/2018\/08\/DSC_0050.jpg\"><img fetchpriority=\"high\" decoding=\"async\" class=\"size-full wp-image-10990\" src=\"http:\/\/projetocineb.com.br\/wp-content\/uploads\/2018\/08\/DSC_0050.jpg\" alt=\"\" width=\"831\" height=\"552\" \/><\/a><figcaption id=\"caption-attachment-10990\" class=\"wp-caption-text\">A par\u00f3quia\u00a0 foi o sexto local\u00a0 a receber o filme &#8220;Coragem &#8211; As Muitas Vidas do Cardeal Paulo Evaristo Arns&#8221;.<\/figcaption><\/figure>\n<p>O CineB Solar procura, a cada sess\u00e3o, levar uma novidade para o p\u00fablico que acompanha o projeto. S\u00e3o atividades culturais, sorteios e debates entre outras atividades. No \u00faltimo s\u00e1bado, 04\/08, no Sal\u00e3o Paroquial da Igreja Santo Afonso Lig\u00f3rio, na \u00c1gua Funda, regi\u00e3o Sul de S\u00e3o Paulo, na exibi\u00e7\u00e3o do document\u00e1rio \u201cCoragem &#8211; As muitas Vidas do Cardeal Paulo Evaristo Arns\u201d, esteve na sess\u00e3o Maria \u00c2ngela Borsoi, secret\u00e1ria pessoal do cardeal por 40 anos, que trabalhou com Dom Paulo desde o tempo em que ele era p\u00e1roco na Zona Norte de S\u00e3o Paulo.<\/p>\n<figure id=\"attachment_10993\" aria-describedby=\"caption-attachment-10993\" style=\"width: 831px\" class=\"wp-caption alignleft\"><a href=\"http:\/\/projetocineb.com.br\/wp-content\/uploads\/2018\/08\/DSC_0011.jpg\"><img decoding=\"async\" class=\"size-full wp-image-10993\" src=\"http:\/\/projetocineb.com.br\/wp-content\/uploads\/2018\/08\/DSC_0011.jpg\" alt=\"\" width=\"831\" height=\"552\" \/><\/a><figcaption id=\"caption-attachment-10993\" class=\"wp-caption-text\">Maria \u00c2ngela Borsoi e Ricardo Carvalho conhecem a van do CineB Solar.<\/figcaption><\/figure>\n<p>Tamb\u00e9m participou da sess\u00e3o o jornalista Ricardo Carvalho, diretor do document\u00e1rio e bi\u00f3grafo do cardeal Arns. O filme, exibido pela sexta vez na temporada 2018 do CineB Solar, retrata a hist\u00f3ria de um dos mais importantes cardeais brasileiros do s\u00e9culo 20. Dom Paulo foi um intransigente defensor dos direitos humanos e enfrentou como poucos o regime militar. Co-organizou um dos mais importantes documentos sobre a ditadura, ainda no per\u00edodo militar: o projeto Brasil, Nunca Mais, que virou um livro que denunciou milhares de torturas, desaparecimentos e assassinatos. O cardeal Arns tamb\u00e9m organizou os pobres da cidade de S\u00e3o Paulo para que pudessem reivindicar os seus direitos fundamentais como educa\u00e7\u00e3o, sa\u00fade, habita\u00e7\u00e3o e emprego por meio da forma\u00e7\u00e3o das Comunidades Eclesiais de Base (CEBs).<\/p>\n<p>Isabel Mendes dos Santos, presidente da Associa\u00e7\u00e3o dos Moradores Amigos da \u00c1gua Funda (AMAAF), que ajudou a organizar a sess\u00e3o, lembrou que foi a terceira vez que um diretor de filme esteve na comunidade. Nas duas outras vezes, Newton Cannito que dirigiu \u201cMagal e os Formigas\u201d, e David Sch\u00fcrmman diretor de \u201cPequeno Segredo\u201d participaram de debates. \u201cPara n\u00f3s \u00e9 motivo de alegria essa participa\u00e7\u00e3o e o filme de hoje nos emociona muito. [&#8230;] Eu vivi com as comunidades eclesiais de base, que eram a menina dos olhos de Dom Paulo [&#8230;] e lembrar de tudo aquilo que ele nos ensinou nos d\u00e1 for\u00e7a para que a gente continue sua miss\u00e3o\u201d, refletiu.<\/p>\n<figure id=\"attachment_10994\" aria-describedby=\"caption-attachment-10994\" style=\"width: 831px\" class=\"wp-caption alignleft\"><a href=\"http:\/\/projetocineb.com.br\/wp-content\/uploads\/2018\/08\/DSC_0049.jpg\"><img decoding=\"async\" class=\"size-full wp-image-10994\" src=\"http:\/\/projetocineb.com.br\/wp-content\/uploads\/2018\/08\/DSC_0049.jpg\" alt=\"\" width=\"831\" height=\"549\" \/><\/a><figcaption id=\"caption-attachment-10994\" class=\"wp-caption-text\">Carvalho, \u00c2ngela, Santos, Isabel e o padre Benedito Vicente na abertura oficial do projeto.<\/figcaption><\/figure>\n<p>Isabel destacou ainda, a importante presen\u00e7a da secret\u00e1ria do arcebispo. \u201cEstamos aqui para homenagear a dona \u00c2ngela, que presenciou, vivenciou e tamb\u00e9m amou esse modelo de igreja que nos faz muita falta hoje\u201d, finaliza.<\/p>\n<p>\u00c2ngela acompanhou toda a sess\u00e3o e participou do debate ao final da exibi\u00e7\u00e3o do filme. Conheceu, ao lado do diretor Carvalho, a van do projeto em que funciona o sistema de capta\u00e7\u00e3o da energia solar que faz funcionar o projetor e o sistema de som. \u201cEntrei em contato com o projeto ontem [sexta, 03\/08] e estou encantada com o bem que voc\u00eas fazem com o nosso povo, o objeto do amor de Dom Paulo, um santo que est\u00e1 com Deus, protegendo, olhando pelo nosso Brasil. Eu estou encantada, emocionada, vou falar muito desse projeto daqui para a frente\u201d, completou. Carvalho comentou conhecer o CineB apenas de ouvir falar.\u201c\u00c9 uma experi\u00eancia muito importante para o cinema estar nas periferias e alcan\u00e7ar o povo que n\u00e3o tem acesso a essa mensagem. Acho um trabalho estupendo, e fico muito honrado de estar aqui como diretor do filme de Dom Paulo\u201d, falou.<\/p>\n<figure id=\"attachment_10995\" aria-describedby=\"caption-attachment-10995\" style=\"width: 831px\" class=\"wp-caption alignleft\"><a href=\"http:\/\/projetocineb.com.br\/wp-content\/uploads\/2018\/08\/DSC_0087.jpg\"><img loading=\"lazy\" decoding=\"async\" class=\"size-full wp-image-10995\" src=\"http:\/\/projetocineb.com.br\/wp-content\/uploads\/2018\/08\/DSC_0087.jpg\" alt=\"\" width=\"831\" height=\"526\" \/><\/a><figcaption id=\"caption-attachment-10995\" class=\"wp-caption-text\">O diretor Carvalho, no debate, conversou por um longo tempo com o p\u00fablico.<\/figcaption><\/figure>\n<p>Segundo o p\u00e1roco Benedito Vicente o filme resgata, n\u00e3o s\u00f3 a mem\u00f3ria mas tudo que foi a forma\u00e7\u00e3o da igreja naquela \u00e9poca. \u201cConvivi com tudo isso naquela \u00e9poca de estudante e me marcou muito, \u00e9 a base de meu sacerd\u00f3cio. Participei de missas e caminhadas. As comunidades eclesiais de base, e tudo aquilo que ele formou e conscientizou, sobretudo n\u00f3s os padres da \u00e9poca para assumir essa dimens\u00e3o da igreja como uma igreja em favor dos pobres, uma liberta\u00e7\u00e3o integral e resgatar a dignidade humana e espiritual do povo.<\/p>\n<p>Durante o debate, tanto Carvalho quanto \u00c2ngela responderam questionamentos do p\u00fablico sobre o trabalho da igreja nos anos 1970 at\u00e9 os anos 1990 e os dias atuais.\u00a0Enquanto o p\u00fablico preenchia o question\u00e1rio de avalia\u00e7\u00e3o da sess\u00e3o, uma novidade. Foram distribu\u00eddos vale-brindes por baixo das capas de prote\u00e7\u00e3o das cadeiras al\u00e9m do j\u00e1 tradicional sorteio de camisetas.<\/p>\n<figure id=\"attachment_10992\" aria-describedby=\"caption-attachment-10992\" style=\"width: 831px\" class=\"wp-caption alignleft\"><a href=\"http:\/\/projetocineb.com.br\/wp-content\/uploads\/2018\/08\/DSC_0094.jpg\"><img loading=\"lazy\" decoding=\"async\" class=\"size-full wp-image-10992\" src=\"http:\/\/projetocineb.com.br\/wp-content\/uploads\/2018\/08\/DSC_0094.jpg\" alt=\"\" width=\"831\" height=\"532\" \/><\/a><figcaption id=\"caption-attachment-10992\" class=\"wp-caption-text\">Nas cadeiras estavam escondidos brindes para o p\u00fablico.<\/figcaption><\/figure>\n<p>O CineB Solar \u00e9 um circuito alternativo de exibi\u00e7\u00e3o que, desde 2007, leva cinema brasileiro para v\u00e1rias regi\u00f5es da cidade. O projeto, que agora passa a se chamar CineB Solar quando estiver nas comunidades, j\u00e1 contabiliza um p\u00fablico superior a\u00a060 mil\u00a0pessoas em\u00a0mais de 480 sess\u00f5es gratuitas em comunidades, escolas e universidades de S\u00e3o Paulo. J\u00e1 foram exibidos na tela do CineB mais de 116 longas metragens e 73 curtas metragens.<\/p>\n\t\t\t\n\t\t\t<!-- Blueimp gallery -->\n\t\t\t<div id=\"blueimp-gallery\" class=\"blueimp-gallery blueimp-gallery-controls\">\n\t\t\t\t<div class=\"slides\"><\/div>\n\t\t\t\t<h3 class=\"title\"><\/h3>\n\t\t\t\t<a class=\"prev\">\u2039<\/a>\n\t\t\t\t<a class=\"next\">\u203a<\/a>\n\t\t\t\t<a class=\"close\">\u00d7<\/a>\n\t\t\t\t<a class=\"play-pause\"><\/a>\n\t\t\t\t<ol class=\"indicator\"><\/ol>\n\t\t\t\t<div class=\"modal fade\">\n\t\t\t\t\t<div class=\"modal-dialog\">\n\t\t\t\t\t\t<div class=\"modal-content\">\n\t\t\t\t\t\t\t<div class=\"modal-header\">\n\t\t\t\t\t\t\t\t<button type=\"button\" class=\"close\" aria-hidden=\"true\">&times;<\/button>\n\t\t\t\t\t\t\t\t<h4 class=\"modal-title\"><\/h4>\n\t\t\t\t\t\t\t<\/div>\n\t\t\t\t\t\t\t<div class=\"modal-body next\"><\/div>\n\t\t\t\t\t\t\t<div class=\"modal-footer\">\n\t\t\t\t\t\t\t\t<button type=\"button\" class=\"btn btn-default pull-left prev\">\n\t\t\t\t\t\t\t\t\t<i class=\"glyphicon glyphicon-chevron-left\"><\/i>\n\t\t\t\t\t\t\t\t\tPrevious\t\t\t\t\t\t\t\t<\/button>\n\t\t\t\t\t\t\t\t<button type=\"button\" class=\"btn btn-primary next\">\n\t\t\t\t\t\t\t\t\tNext\t\t\t\t\t\t\t\t\t<i class=\"glyphicon glyphicon-chevron-right\"><\/i>\n\t\t\t\t\t\t\t\t<\/button>\n\t\t\t\t\t\t\t<\/div>\n\t\t\t\t\t\t<\/div>\n\t\t\t\t\t<\/div>\n\t\t\t\t<\/div>\n\t\t\t<\/div>\n\t\t\t<script type=\"text\/javascript\">\n\t\t\tjQuery(function() {\n\t\t\t\t\/\/ Set blueimp gallery options\n\t\t\t\tjQuery.extend(blueimp.Gallery.prototype.options, {\n\t\t\t\t\tuseBootstrapModal: false,\n\t\t\t\t\thidePageScrollbars: false\n\t\t\t\t});\n\t\t\t});\n\t\t\t<\/script>\n\t\t\t\n","protected":false},"excerpt":{"rendered":"<p>O jornalista Ricardo Carvalho, diretor do document\u00e1rio \u201cCoragem &#8211; As Muitas Vidas do Cardeal Paulo Evaristo Arns\u201d e a secret\u00e1ria[&#8230;]<\/p>\n","protected":false},"author":3,"featured_media":11063,"comment_status":"open","ping_status":"open","sticky":false,"template":"","format":"standard","meta":[],"categories":[2,6],"tags":[63,237,255,331,649,790,935,1060,1133],"_links":{"self":[{"href":"https:\/\/projetocineb.com.br\/index.php?rest_route=\/wp\/v2\/posts\/10988"}],"collection":[{"href":"https:\/\/projetocineb.com.br\/index.php?rest_route=\/wp\/v2\/posts"}],"about":[{"href":"https:\/\/projetocineb.com.br\/index.php?rest_route=\/wp\/v2\/types\/post"}],"author":[{"embeddable":true,"href":"https:\/\/projetocineb.com.br\/index.php?rest_route=\/wp\/v2\/users\/3"}],"replies":[{"embeddable":true,"href":"https:\/\/projetocineb.com.br\/index.php?rest_route=%2Fwp%2Fv2%2Fcomments&post=10988"}],"version-history":[{"count":0,"href":"https:\/\/projetocineb.com.br\/index.php?rest_route=\/wp\/v2\/posts\/10988\/revisions"}],"wp:featuredmedia":[{"embeddable":true,"href":"https:\/\/projetocineb.com.br\/index.php?rest_route=\/wp\/v2\/media\/11063"}],"wp:attachment":[{"href":"https:\/\/projetocineb.com.br\/index.php?rest_route=%2Fwp%2Fv2%2Fmedia&parent=10988"}],"wp:term":[{"taxonomy":"category","embeddable":true,"href":"https:\/\/projetocineb.com.br\/index.php?rest_route=%2Fwp%2Fv2%2Fcategories&post=10988"},{"taxonomy":"post_tag","embeddable":true,"href":"https:\/\/projetocineb.com.br\/index.php?rest_route=%2Fwp%2Fv2%2Ftags&post=10988"}],"curies":[{"name":"wp","href":"https:\/\/api.w.org\/{rel}","templated":true}]}}