{"id":11002,"date":"2018-08-15T14:29:22","date_gmt":"2018-08-15T17:29:22","guid":{"rendered":"http:\/\/projetocineb.com.br\/?p=11002"},"modified":"2018-08-15T14:29:22","modified_gmt":"2018-08-15T17:29:22","slug":"cineb-solar-em-sao-bernardo-do-campo","status":"publish","type":"post","link":"https:\/\/projetocineb.com.br\/?p=11002","title":{"rendered":"CineB Solar em S\u00e3o Bernardo do Campo"},"content":{"rendered":"<p><em>Sess\u00e3o ao ar livre no Parque S\u00e3o Bernardo, s\u00e1bado, 11\/08, reuniu p\u00fablico para acompanhar o longa-metragem \u201cEncantados\u201d, de Tizuka Yamazaki.<\/em><\/p>\n<figure id=\"attachment_11004\" aria-describedby=\"caption-attachment-11004\" style=\"width: 4272px\" class=\"wp-caption alignleft\"><a href=\"http:\/\/projetocineb.com.br\/wp-content\/uploads\/2018\/08\/IMG_1267_@bx.jpg\"><img fetchpriority=\"high\" decoding=\"async\" class=\"size-full wp-image-11004\" src=\"http:\/\/projetocineb.com.br\/wp-content\/uploads\/2018\/08\/IMG_1267_@bx.jpg\" alt=\"\" width=\"4272\" height=\"2848\" \/><\/a><figcaption id=\"caption-attachment-11004\" class=\"wp-caption-text\">CineB Solar ao ar livre no Parque S\u00e3o Bernardo. Rua Celso Zoratti fechada para exibir o filme.<\/figcaption><\/figure>\n<p>A cidade de S\u00e3o Bernardo do Campo recebeu, mais uma vez, o projeto de cinema itinerante do Sindicato dos Banc\u00e1rios de S\u00e3o Paulo, Osasco e regi\u00e3o. A primeira vez que o CineB esteve na capital do autom\u00f3vel, ber\u00e7o do novo sindicalismo e do Partido dos Trabalhadores, foi em dezembro do ano passado, na ocupa\u00e7\u00e3o do MTST Povo Sem Medo, no bairro Planalto.<\/p>\n<p>J\u00e1 no \u00faltimo s\u00e1bado, 11\/8, o CineB Solar, esteve no Parque S\u00e3o Bernardo, em uma das regi\u00f5es mais densamente ocupadas em toda a Grande S\u00e3o Paulo, para exibir o longa-metragem \u201cEncantados\u201d, de Tizuka Yamazaki (Gaijin &#8211; Caminhos da Liberdade) . A sess\u00e3o, organizada pela ONG Periferia Social ABC, aconteceu ao ar livre, na rua Celso Zoratti, fechada exclusivamente para exibir o filme.<\/p>\n<figure id=\"attachment_11005\" aria-describedby=\"caption-attachment-11005\" style=\"width: 4268px\" class=\"wp-caption alignleft\"><a href=\"http:\/\/projetocineb.com.br\/wp-content\/uploads\/2018\/08\/IMG_1362_@bx.jpg\"><img decoding=\"async\" class=\"size-full wp-image-11005\" src=\"http:\/\/projetocineb.com.br\/wp-content\/uploads\/2018\/08\/IMG_1362_@bx.jpg\" alt=\"\" width=\"4268\" height=\"2848\" \/><\/a><figcaption id=\"caption-attachment-11005\" class=\"wp-caption-text\">Pipoca de gra\u00e7a para o p\u00fablico.<\/figcaption><\/figure>\n<p>Nem mesmo o frio de quase 10 graus impediu do p\u00fablico acompanhar a hist\u00f3ria de Zeneida (Carolina Oliveira) uma das filhas de um importante pol\u00edtico do Par\u00e1. Com mais dez irm\u00e3os, ela se destaca por seu jeito atrevido, perseverante e teimoso. Sensitiva, v\u00ea e escuta coisas que mais ningu\u00e9m enxerga ou ouve, e ap\u00f3s se mudar para a Ilha do Maraj\u00f3 fica encantada com Ant\u00f4nio (Thiago Martins), figura misteriosa que encontra nas andan\u00e7as pela propriedade da fam\u00edlia. A paix\u00e3o pelo estranho e a intimidade com a natureza n\u00e3o s\u00e3o vistas com bons olhos por seus pais e a rebelde jovem passa a enfrentar um grande conflito dentro de casa ao ser considerada lun\u00e1tica.<\/p>\n<p>Segundo Edinaldo Souza Oliveira, diretor da Periferia Social ABC, a comunidade h\u00e1 tempos pede que a ONG organize atividades culturais. \u201cN\u00f3s temos o trabalho de sacolinha, quando padrinhos, na maioria donos de com\u00e9rcio, adotam uma crian\u00e7a no Natal, dando um kit com roupas e brinquedo, e o almo\u00e7o de Natal, que acontece h\u00e1 mais de 20 anos\u201d, explica.<\/p>\n<figure id=\"attachment_11006\" aria-describedby=\"caption-attachment-11006\" style=\"width: 4268px\" class=\"wp-caption alignleft\"><a href=\"http:\/\/projetocineb.com.br\/wp-content\/uploads\/2018\/08\/IMG_1592_@bx.jpg\"><img decoding=\"async\" class=\"size-full wp-image-11006\" src=\"http:\/\/projetocineb.com.br\/wp-content\/uploads\/2018\/08\/IMG_1592_@bx.jpg\" alt=\"\" width=\"4268\" height=\"2848\" \/><\/a><figcaption id=\"caption-attachment-11006\" class=\"wp-caption-text\">Abertura da sess\u00e3o com Alex Amaral, Belmiro Moreira, Sandra Bezerra, Luiz Claudio Marcolino, Cid\u00e1lio Vieira Santos e Edinaldo Oliveira.<\/figcaption><\/figure>\n<p>Sandra do Santos Bezerra, tamb\u00e9m da ONG, que ajudou a montar toda a estrutura do CineB Solar com cadeiras com identifica\u00e7\u00e3o do projeto, tel\u00e3o, som, banners e carrinho de pipoca e distribuiu convites e panfletos na comunidade, lembra \u201co quanto \u00e9 dif\u00edcil para as fam\u00edlias poder levar os filhos para o cinema, por conta do alto custo, ent\u00e3o a gente trouxe o cinema at\u00e9 eles\u201d, comemora.<br \/>\nLuiz Claudio Marcolino, diretor da Confedera\u00e7\u00e3o dos Trabalhadores do Ramo Financeiro (Contraf), um dos idealizadores do CineB, em 2007, quando era presidente do Sindicato dos Banc\u00e1rios de S\u00e3o Paulo explica que o projeto hoje consegue chegar a muito mais lugares: \u201ccom o CineB Solar \u00e9 poss\u00edvel diversificar o atendimento. Antes era somente em escolas, SABs, entidades fechadas. Agora estamos indo aonde a gente sempre quis, nos bairros, nas ruas, chegar de fato pr\u00f3ximo \u00e0 popula\u00e7\u00e3o que n\u00e3o tem acesso ao cinema\u201d, comemora.<\/p>\n<p>O CineB Solar dispensa o uso de energia el\u00e9trica, porque utiliza somente a energia solar para exibir os filmes. Uma van adaptada com placas fotovoltaicas sobre o teto, conversores e baterias transformam a energia do sol captada durante o dia em energia el\u00e9trica para fazer funcionar todo o sistema de imagem e som e ilumina\u00e7\u00e3o \u00e0 noite. Na sess\u00e3o, o sistema foi apresentado ao p\u00fablico, que pode entrar na van e conhecer como tudo funciona.<\/p>\n<figure id=\"attachment_11007\" aria-describedby=\"caption-attachment-11007\" style=\"width: 4268px\" class=\"wp-caption alignleft\"><a href=\"http:\/\/projetocineb.com.br\/wp-content\/uploads\/2018\/08\/IMG_1919_@bx.jpg\"><img loading=\"lazy\" decoding=\"async\" class=\"size-full wp-image-11007\" src=\"http:\/\/projetocineb.com.br\/wp-content\/uploads\/2018\/08\/IMG_1919_@bx.jpg\" alt=\"\" width=\"4268\" height=\"2848\" \/><\/a><figcaption id=\"caption-attachment-11007\" class=\"wp-caption-text\">P\u00fablico ligado no filme.<\/figcaption><\/figure>\n<p>Para o presidente dos Banc\u00e1rios do ABC, Belmiro Moreira, presente na sess\u00e3o, a categoria est\u00e1 de parab\u00e9ns por oferecer um projeto como o CineB Solar para as comunidades de toda a Grande S\u00e3o Paulo. \u201cDe fato muita gente n\u00e3o tem acesso \u00e0 cultura, n\u00e3o tem acesso ao cinema de qualidade, brasileiro\u201d, pondera. Outro que elogiou a iniciativa foi Alex Amaral que, atrav\u00e9s de Moreira, est\u00e1 organizando uma sess\u00e3o no Jardim Santo Andr\u00e9: \u201ca gente viu nesse projeto uma coisa muito bacana para levar para a popula\u00e7\u00e3o de Santo Andr\u00e9, ent\u00e3o a gente veio hoje conhecer como funciona e prestigiar o trabalho\u201d, analisa.<\/p>\n<p>Muitas crian\u00e7as e fam\u00edlias moradores do Conjunto Habitacional do Parque S\u00e3o Bernardo, constru\u00eddo pelo ex-prefeito Luiz Marinho, acompanharam a sess\u00e3o, agasalhados com cobertores e mantas para aguentar o frio, como Mayara Luzia, que trabalha no sistema de estacionamento rotativo da cidade. Ela estava acompanhada dos cinco filhos, Tifani, 14 anos, Sofia, 4 anos, Rom\u00e3o, 3 anos, Alu\u00e1, 2 anos e Heitor, 9 meses. \u201cAchei bem legal a sess\u00e3o, bem divertida\u201d, comenta.<\/p>\n<figure id=\"attachment_11008\" aria-describedby=\"caption-attachment-11008\" style=\"width: 4272px\" class=\"wp-caption alignleft\"><a href=\"http:\/\/projetocineb.com.br\/wp-content\/uploads\/2018\/08\/IMG_1863_@bx.jpg\"><img loading=\"lazy\" decoding=\"async\" class=\"size-full wp-image-11008\" src=\"http:\/\/projetocineb.com.br\/wp-content\/uploads\/2018\/08\/IMG_1863_@bx.jpg\" alt=\"\" width=\"4272\" height=\"2848\" \/><\/a><figcaption id=\"caption-attachment-11008\" class=\"wp-caption-text\">O friozinho n\u00e3o foi problema para os moradores do Parque S\u00e3o Bernardo.<\/figcaption><\/figure>\n<p>J\u00e1 Crislaine Tainara Silva Barros, diarista, moradora do bairro Boa Vista trouxe a fam\u00edlia e at\u00e9 a vizinha. \u201cFoi muito bom porque ensina a respeitar a natureza e n\u00e3o brincar com ela. J\u00e1 estou esperando a pr\u00f3xima sess\u00e3o\u201d, finaliza. O projeto agradece o Di\u00e1rio do Grande ABC que mais uma vez publicou uma mat\u00e9ria sobre a sess\u00e3o na regi\u00e3o.<\/p>\n<p>O CineB Solar \u00e9 um circuito alternativo de exibi\u00e7\u00e3o que, desde 2007, leva cinema brasileiro para v\u00e1rias regi\u00f5es da cidade. O projeto, que agora passa a se chamar CineB Solar quando estiver nas comunidades, j\u00e1 contabiliza um p\u00fablico superior a 60 mil pessoas em mais de 480 sess\u00f5es gratuitas em comunidades, escolas e universidades de S\u00e3o Paulo. J\u00e1 foram exibidos na tela do CineB mais de 116 longas metragens e 73 curtas metragens.<\/p>\n\t\t\t\n\t\t\t<!-- Blueimp gallery -->\n\t\t\t<div id=\"blueimp-gallery\" class=\"blueimp-gallery blueimp-gallery-controls\">\n\t\t\t\t<div class=\"slides\"><\/div>\n\t\t\t\t<h3 class=\"title\"><\/h3>\n\t\t\t\t<a class=\"prev\">\u2039<\/a>\n\t\t\t\t<a class=\"next\">\u203a<\/a>\n\t\t\t\t<a class=\"close\">\u00d7<\/a>\n\t\t\t\t<a class=\"play-pause\"><\/a>\n\t\t\t\t<ol class=\"indicator\"><\/ol>\n\t\t\t\t<div class=\"modal fade\">\n\t\t\t\t\t<div class=\"modal-dialog\">\n\t\t\t\t\t\t<div class=\"modal-content\">\n\t\t\t\t\t\t\t<div class=\"modal-header\">\n\t\t\t\t\t\t\t\t<button type=\"button\" class=\"close\" aria-hidden=\"true\">&times;<\/button>\n\t\t\t\t\t\t\t\t<h4 class=\"modal-title\"><\/h4>\n\t\t\t\t\t\t\t<\/div>\n\t\t\t\t\t\t\t<div class=\"modal-body next\"><\/div>\n\t\t\t\t\t\t\t<div class=\"modal-footer\">\n\t\t\t\t\t\t\t\t<button type=\"button\" class=\"btn btn-default pull-left prev\">\n\t\t\t\t\t\t\t\t\t<i class=\"glyphicon glyphicon-chevron-left\"><\/i>\n\t\t\t\t\t\t\t\t\tPrevious\t\t\t\t\t\t\t\t<\/button>\n\t\t\t\t\t\t\t\t<button type=\"button\" class=\"btn btn-primary next\">\n\t\t\t\t\t\t\t\t\tNext\t\t\t\t\t\t\t\t\t<i class=\"glyphicon glyphicon-chevron-right\"><\/i>\n\t\t\t\t\t\t\t\t<\/button>\n\t\t\t\t\t\t\t<\/div>\n\t\t\t\t\t\t<\/div>\n\t\t\t\t\t<\/div>\n\t\t\t\t<\/div>\n\t\t\t<\/div>\n\t\t\t<script type=\"text\/javascript\">\n\t\t\tjQuery(function() {\n\t\t\t\t\/\/ Set blueimp gallery options\n\t\t\t\tjQuery.extend(blueimp.Gallery.prototype.options, {\n\t\t\t\t\tuseBootstrapModal: false,\n\t\t\t\t\thidePageScrollbars: false\n\t\t\t\t});\n\t\t\t});\n\t\t\t<\/script>\n\t\t\t\n","protected":false},"excerpt":{"rendered":"<p>Sess\u00e3o ao ar livre no Parque S\u00e3o Bernardo, s\u00e1bado, 11\/08, reuniu p\u00fablico para acompanhar o longa-metragem \u201cEncantados\u201d, de Tizuka Yamazaki.[&#8230;]<\/p>\n","protected":false},"author":3,"featured_media":11065,"comment_status":"open","ping_status":"open","sticky":false,"template":"","format":"standard","meta":[],"categories":[2,6],"tags":[132,154,237,255,416,463,760,890,943,1133,1164],"_links":{"self":[{"href":"https:\/\/projetocineb.com.br\/index.php?rest_route=\/wp\/v2\/posts\/11002"}],"collection":[{"href":"https:\/\/projetocineb.com.br\/index.php?rest_route=\/wp\/v2\/posts"}],"about":[{"href":"https:\/\/projetocineb.com.br\/index.php?rest_route=\/wp\/v2\/types\/post"}],"author":[{"embeddable":true,"href":"https:\/\/projetocineb.com.br\/index.php?rest_route=\/wp\/v2\/users\/3"}],"replies":[{"embeddable":true,"href":"https:\/\/projetocineb.com.br\/index.php?rest_route=%2Fwp%2Fv2%2Fcomments&post=11002"}],"version-history":[{"count":0,"href":"https:\/\/projetocineb.com.br\/index.php?rest_route=\/wp\/v2\/posts\/11002\/revisions"}],"wp:featuredmedia":[{"embeddable":true,"href":"https:\/\/projetocineb.com.br\/index.php?rest_route=\/wp\/v2\/media\/11065"}],"wp:attachment":[{"href":"https:\/\/projetocineb.com.br\/index.php?rest_route=%2Fwp%2Fv2%2Fmedia&parent=11002"}],"wp:term":[{"taxonomy":"category","embeddable":true,"href":"https:\/\/projetocineb.com.br\/index.php?rest_route=%2Fwp%2Fv2%2Fcategories&post=11002"},{"taxonomy":"post_tag","embeddable":true,"href":"https:\/\/projetocineb.com.br\/index.php?rest_route=%2Fwp%2Fv2%2Ftags&post=11002"}],"curies":[{"name":"wp","href":"https:\/\/api.w.org\/{rel}","templated":true}]}}