{"id":11011,"date":"2018-08-20T19:58:50","date_gmt":"2018-08-20T22:58:50","guid":{"rendered":"http:\/\/projetocineb.com.br\/?p=11011"},"modified":"2018-08-20T19:58:50","modified_gmt":"2018-08-20T22:58:50","slug":"vila-leopoldina-recebe-o-cineb-solar-pela-primeira-vez","status":"publish","type":"post","link":"https:\/\/projetocineb.com.br\/?p=11011","title":{"rendered":"Vila Leopoldina recebe o CineB Solar pela primeira vez"},"content":{"rendered":"<p><em>O CineB Solar esteve na Par\u00f3quia Nossa Senhora de Lourdes, na Zona Oeste, para exibir o longa-metragem &#8220;A Menina \u00cdndigo&#8221;, de Wagner Assis, no \u00faltimo s\u00e1bado, 18\/8.<\/em><\/p>\n<figure id=\"attachment_11013\" aria-describedby=\"caption-attachment-11013\" style=\"width: 831px\" class=\"wp-caption alignleft\"><a href=\"http:\/\/projetocineb.com.br\/wp-content\/uploads\/2018\/08\/DSC_0026.jpg\"><img fetchpriority=\"high\" decoding=\"async\" class=\"size-full wp-image-11013\" src=\"http:\/\/projetocineb.com.br\/wp-content\/uploads\/2018\/08\/DSC_0026.jpg\" alt=\"\" width=\"831\" height=\"552\" \/><\/a><figcaption id=\"caption-attachment-11013\" class=\"wp-caption-text\">O p\u00fablico conheceu como funciona o sistema de capta\u00e7\u00e3o solar que gera energia para exibir o filme.<\/figcaption><\/figure>\n<p>A Par\u00f3quia Nossa Senhora de Lourdes, localizada na Vila Leopoldina, Zona Oeste de S\u00e3o Paulo, foi a primeira comunidade a receber o CineB h\u00e1 11 anos atr\u00e1s com o filme \u201cTapete Vermelho\u201d. Desde ent\u00e3o foram 10 sess\u00f5es, que sempre aconteceram no sal\u00e3o paroquial da igreja. No \u00faltimo s\u00e1bado, 18\/8, o CineB Solar esteve pela primeira vez no local. Em vez do sal\u00e3o paroquial, o projeto ocupou parte do estacionamento da igreja, bem ao lado do refeit\u00f3rio que distribui, h\u00e1 mais de 20 anos, um sop\u00e3o para os moradores de rua que circulam em torno do Ceagesp-SP.<\/p>\n<p>O CineB Solar dispensa o uso de energia el\u00e9trica porque utiliza somente a energia solar para exibir os filmes. Uma van adaptada com placas fotovoltaicas sobre o teto, conversores e baterias transformam a energia do sol captada durante o dia em energia el\u00e9trica para fazer funcionar todo o sistema de imagem e som e ilumina\u00e7\u00e3o \u00e0 noite. Na sess\u00e3o, a van ficou ao lado do tel\u00e3o e o sistema foi apresentado ao p\u00fablico, que pode entrar na van e conhecer como tudo funciona.<\/p>\n<figure id=\"attachment_11014\" aria-describedby=\"caption-attachment-11014\" style=\"width: 831px\" class=\"wp-caption alignleft\"><a href=\"http:\/\/projetocineb.com.br\/wp-content\/uploads\/2018\/08\/DSC_0039.jpg\"><img decoding=\"async\" class=\"size-full wp-image-11014\" src=\"http:\/\/projetocineb.com.br\/wp-content\/uploads\/2018\/08\/DSC_0039.jpg\" alt=\"\" width=\"831\" height=\"552\" \/><\/a><figcaption id=\"caption-attachment-11014\" class=\"wp-caption-text\">Jos\u00e9 Duarte, 90 anos e muito f\u00f4lego para ver uma sess\u00e3o de cinema.<\/figcaption><\/figure>\n<p>A sess\u00e3o aconteceu pela primeira vez num s\u00e1bado, 18\/8, e contou com um grande p\u00fablico, formado por frequentadores da par\u00f3quia, moradores do bairro, alunos da Educa\u00e7\u00e3o de Jovens e Adultos (EJA) do Col\u00e9gio Santa Cruz e frequentadores do Albergue Zancone.\u00a0Em cartaz, o filme \u201cA Menina \u00cdndigo\u201d, de Wagner Assis, que conta a hist\u00f3ria de Sofia (Let\u00edcia Braga), uma garota de 7 anos que tem enfrentado problemas na escola, por n\u00e3o se interessar nas mat\u00e9rias ensinadas. Ap\u00f3s se trancar em uma sala e pint\u00e1-la por completo, seu pai (Murilo Rosa) \u00e9 chamado ao local. Meio afastado dela devido ao trabalho como jornalista, ele se reaproxima ap\u00f3s o pedido da pr\u00f3pria Sofia para que more com ele. Aos poucos, ele percebe que Sofia possui \u00e9 n\u00e3o s\u00f3 uma crian\u00e7a bastante espont\u00e2nea que se manifesta atrav\u00e9s da pintura, mas que tamb\u00e9m possui o dom de curar pessoas doentes.<br \/>\nPara Adaucto Durigan, coordenador do F\u00f3rum Social da Vila Leopoldina e morador da regi\u00e3o, \u201c\u00e9 superpositivo esse caminho que o projeto tomou com a energia solar, al\u00e9m de continuar fazendo o papel de divulgar o cinema nacional para uma popula\u00e7\u00e3o que n\u00e3o tem acesso, nem ao cinema, nem ao cinema nacional\u201d, explica.<\/p>\n<p>Para o p\u00e1roco Alcimar Fioresi, \u00e9 sempre uma alegria receber o CineB, pois a comunidade \u201caproveita e curte o cinema\u201d, declara. J\u00e1 para Jeferson Queiroz, orientador socioeducativo do Albergue Zancone, que acompanhou dez moradores de rua que frequentam o espa\u00e7o, a expectativa era grande entre os albergados \u201cporque \u00e9 dif\u00edcil ser aceito na sociedade, tem muita discrimina\u00e7\u00e3o com o morador de rua que nunca vai poder ir ao cinema\u201d, confessa.<\/p>\n<figure id=\"attachment_11015\" aria-describedby=\"caption-attachment-11015\" style=\"width: 831px\" class=\"wp-caption alignleft\"><a href=\"http:\/\/projetocineb.com.br\/wp-content\/uploads\/2018\/08\/DSC_0052.jpg\"><img decoding=\"async\" class=\"size-full wp-image-11015\" src=\"http:\/\/projetocineb.com.br\/wp-content\/uploads\/2018\/08\/DSC_0052.jpg\" alt=\"\" width=\"831\" height=\"552\" \/><\/a><figcaption id=\"caption-attachment-11015\" class=\"wp-caption-text\">Abertura oficial da sess\u00e3o, com Adaucto Durigan, Cid\u00e1lio Vieira Santos e o frei Alcimar Fioresi.<\/figcaption><\/figure>\n<p>Ao final da sess\u00e3o, o p\u00fablico elogiou muito o filme. Jesus Borges comentou que o projeto lembra outros tempos, \u201cquando as pessoas ficavam juntas e comiam pipoca nas sess\u00f5es de cinema\u201d. Sua esposa, Madalena Borges, lembrou que o filme traz uma bela mensagem para a fam\u00edlia. Melhor n\u00e3o podia ser\u201d, concluiu.<\/p>\n<p>Maria Marques da Silva Miranda, , Estou no Santa Cruz fazendo EJA. Gostei muito, amei, \u00e9 muito bom. Estou com o esposo e a neta. Gilson Miranda que estava acompanhado da esposa Maria Marques e da neta Thais Helena, comentou: \u201cN\u00e3o sou de ir em cinema, mas fiquei muito emocionado com essa hist\u00f3ria bonita, inteligente e inocente ao mesmo tempo, confessou.<\/p>\n<p>Ao final da sess\u00e3o, al\u00e9m do sorteio das tradicionais camisetas do CineB Solar e dos brindes escondidos nas cadeiras, foi sorteado o livro com o roteiro do filme, que tamb\u00e9m foi escrito pelo diretor Wagner Assis e sorteado para o ator Norberto Tavares de Lima, s\u00f3sia do ator norte-americano Chuck Noris, tamb\u00e9m morador da Vila Leopoldina.<\/p>\n<figure id=\"attachment_11016\" aria-describedby=\"caption-attachment-11016\" style=\"width: 831px\" class=\"wp-caption alignleft\"><a href=\"http:\/\/projetocineb.com.br\/wp-content\/uploads\/2018\/08\/DSC_0167.jpg\"><img loading=\"lazy\" decoding=\"async\" class=\"size-full wp-image-11016\" src=\"http:\/\/projetocineb.com.br\/wp-content\/uploads\/2018\/08\/DSC_0167.jpg\" alt=\"\" width=\"831\" height=\"548\" \/><\/a><figcaption id=\"caption-attachment-11016\" class=\"wp-caption-text\">O ator Norberto Tavares de Lima, s\u00f3sia do ator americano Chuck Noris, foi o ganhador do livro com o roteiro do filme.<\/figcaption><\/figure>\n<p>&nbsp;<\/p>\n<p>O CineB Solar \u00e9 um circuito alternativo de exibi\u00e7\u00e3o que, desde 2007, leva cinema brasileiro para v\u00e1rias regi\u00f5es da cidade. O projeto, que agora passa a se chamar CineB Solar quando estiver nas comunidades, j\u00e1 contabiliza um p\u00fablico superior a 60 mil pessoas em mais de 480 sess\u00f5es gratuitas em comunidades, escolas e universidades de S\u00e3o Paulo. J\u00e1 foram exibidos na tela do CineB mais de 116 longas metragens e 73 curtas metragens.<\/p>\n\t\t\t\n\t\t\t<!-- Blueimp gallery -->\n\t\t\t<div id=\"blueimp-gallery\" class=\"blueimp-gallery blueimp-gallery-controls\">\n\t\t\t\t<div class=\"slides\"><\/div>\n\t\t\t\t<h3 class=\"title\"><\/h3>\n\t\t\t\t<a class=\"prev\">\u2039<\/a>\n\t\t\t\t<a class=\"next\">\u203a<\/a>\n\t\t\t\t<a class=\"close\">\u00d7<\/a>\n\t\t\t\t<a class=\"play-pause\"><\/a>\n\t\t\t\t<ol class=\"indicator\"><\/ol>\n\t\t\t\t<div class=\"modal fade\">\n\t\t\t\t\t<div class=\"modal-dialog\">\n\t\t\t\t\t\t<div class=\"modal-content\">\n\t\t\t\t\t\t\t<div class=\"modal-header\">\n\t\t\t\t\t\t\t\t<button type=\"button\" class=\"close\" aria-hidden=\"true\">&times;<\/button>\n\t\t\t\t\t\t\t\t<h4 class=\"modal-title\"><\/h4>\n\t\t\t\t\t\t\t<\/div>\n\t\t\t\t\t\t\t<div class=\"modal-body next\"><\/div>\n\t\t\t\t\t\t\t<div class=\"modal-footer\">\n\t\t\t\t\t\t\t\t<button type=\"button\" class=\"btn btn-default pull-left prev\">\n\t\t\t\t\t\t\t\t\t<i class=\"glyphicon glyphicon-chevron-left\"><\/i>\n\t\t\t\t\t\t\t\t\tPrevious\t\t\t\t\t\t\t\t<\/button>\n\t\t\t\t\t\t\t\t<button type=\"button\" class=\"btn btn-primary next\">\n\t\t\t\t\t\t\t\t\tNext\t\t\t\t\t\t\t\t\t<i class=\"glyphicon glyphicon-chevron-right\"><\/i>\n\t\t\t\t\t\t\t\t<\/button>\n\t\t\t\t\t\t\t<\/div>\n\t\t\t\t\t\t<\/div>\n\t\t\t\t\t<\/div>\n\t\t\t\t<\/div>\n\t\t\t<\/div>\n\t\t\t<script type=\"text\/javascript\">\n\t\t\tjQuery(function() {\n\t\t\t\t\/\/ Set blueimp gallery options\n\t\t\t\tjQuery.extend(blueimp.Gallery.prototype.options, {\n\t\t\t\t\tuseBootstrapModal: false,\n\t\t\t\t\thidePageScrollbars: false\n\t\t\t\t});\n\t\t\t});\n\t\t\t<\/script>\n\t\t\t\n","protected":false},"excerpt":{"rendered":"<p>O CineB Solar esteve na Par\u00f3quia Nossa Senhora de Lourdes, na Zona Oeste, para exibir o longa-metragem &#8220;A Menina \u00cdndigo&#8221;,[&#8230;]<\/p>\n","protected":false},"author":3,"featured_media":11066,"comment_status":"open","ping_status":"open","sticky":false,"template":"","format":"standard","meta":[],"categories":[2,6],"tags":[32,237,255,559,934,1133,1223,1239],"_links":{"self":[{"href":"https:\/\/projetocineb.com.br\/index.php?rest_route=\/wp\/v2\/posts\/11011"}],"collection":[{"href":"https:\/\/projetocineb.com.br\/index.php?rest_route=\/wp\/v2\/posts"}],"about":[{"href":"https:\/\/projetocineb.com.br\/index.php?rest_route=\/wp\/v2\/types\/post"}],"author":[{"embeddable":true,"href":"https:\/\/projetocineb.com.br\/index.php?rest_route=\/wp\/v2\/users\/3"}],"replies":[{"embeddable":true,"href":"https:\/\/projetocineb.com.br\/index.php?rest_route=%2Fwp%2Fv2%2Fcomments&post=11011"}],"version-history":[{"count":0,"href":"https:\/\/projetocineb.com.br\/index.php?rest_route=\/wp\/v2\/posts\/11011\/revisions"}],"wp:featuredmedia":[{"embeddable":true,"href":"https:\/\/projetocineb.com.br\/index.php?rest_route=\/wp\/v2\/media\/11066"}],"wp:attachment":[{"href":"https:\/\/projetocineb.com.br\/index.php?rest_route=%2Fwp%2Fv2%2Fmedia&parent=11011"}],"wp:term":[{"taxonomy":"category","embeddable":true,"href":"https:\/\/projetocineb.com.br\/index.php?rest_route=%2Fwp%2Fv2%2Fcategories&post=11011"},{"taxonomy":"post_tag","embeddable":true,"href":"https:\/\/projetocineb.com.br\/index.php?rest_route=%2Fwp%2Fv2%2Ftags&post=11011"}],"curies":[{"name":"wp","href":"https:\/\/api.w.org\/{rel}","templated":true}]}}