{"id":11035,"date":"2018-09-02T13:23:56","date_gmt":"2018-09-02T16:23:56","guid":{"rendered":"http:\/\/projetocineb.com.br\/?p=11035"},"modified":"2018-09-02T13:23:56","modified_gmt":"2018-09-02T16:23:56","slug":"cineb-solar-pela-1a-vez-em-escola-no-grajau","status":"publish","type":"post","link":"https:\/\/projetocineb.com.br\/?p=11035","title":{"rendered":"CineB Solar pela 1\u00aa vez em escola no Graja\u00fa"},"content":{"rendered":"<p><em>Foi a estreia da anima\u00e7\u00e3o \u201cHistorietas Assombradas \u2013 O Filme\u201d, de Vitor-Hugo Borges. Sess\u00e3o aconteceu na CEI Miguel Antonio, no \u00faltimo s\u00e1bado, 25\/8\/2018.<\/em><\/p>\n<figure id=\"attachment_11037\" aria-describedby=\"caption-attachment-11037\" style=\"width: 831px\" class=\"wp-caption alignleft\"><a href=\"http:\/\/projetocineb.com.br\/wp-content\/uploads\/2018\/09\/DSC_0024.jpg\"><img fetchpriority=\"high\" decoding=\"async\" class=\"size-full wp-image-11037\" src=\"http:\/\/projetocineb.com.br\/wp-content\/uploads\/2018\/09\/DSC_0024.jpg\" alt=\"\" width=\"831\" height=\"552\" \/><\/a><figcaption id=\"caption-attachment-11037\" class=\"wp-caption-text\">Fila para o p\u00fablico pegar a pipoca e entrar na sess\u00e3o.<\/figcaption><\/figure>\n<p>Os moradores do entorno do Centro Educacional Infantil (CEI) Miguel Antonio, localizado no Jardim Shangril\u00e1, regi\u00e3o do Graja\u00fa, S\u00e3o Paulo, conheceram, no \u00faltimo s\u00e1bado, 25\/8\/2018, o projeto CineB Solar. A atividade aconteceu no p\u00e1tio interno da escola, inaugurada em fevereiro pela Associa\u00e7\u00e3o Nosso Caminho, entidade respons\u00e1vel pela gest\u00e3o de sete unidades escolares infantis na Zona Sul da capital por meio de conv\u00eanio com a Secretaria de Educa\u00e7\u00e3o do munic\u00edpio. A escola atende 250 crian\u00e7as de 0 a 3 anos.<\/p>\n<p>Ali na unidade escolar, que conta com 12 salas, 38 funcion\u00e1rios, e um amplo espa\u00e7o de lazer para as crian\u00e7as, foi exibido pela primeira vez a anima\u00e7\u00e3o \u201cHistorietas Assombradas \u2013 O filme\u201d, de Vitor-Hugo Borges, que j\u00e1 teve \u201cHistorietas Assombradas para Crian\u00e7as Mal-criadas\u201d inclu\u00eddo no segundo CD de curtas-metragens do selo CineB do cinema brasileiro e depois viu seu trabalho virar uma s\u00e9rie do canal Cartoon Network. No longa, Pepe \u00e9 uma crian\u00e7a que vive com a av\u00f3, uma bruxa-empres\u00e1ria. Ao saber que foi adotado e que seus pais est\u00e3o vivos, ele parte em uma aventura para encontr\u00e1-los. O menino atrai a aten\u00e7\u00e3o de Edmundo, um vil\u00e3o biomec\u00e2nico que precisa da energia de crian\u00e7as para se tornar imortal, que rapta a av\u00f3 de Pepe. Desta forma, o garoto e seus amigos precisam resgat\u00e1-la o quanto antes, ao mesmo tempo em que Pepe busca solucionar o mist\u00e9rio do desaparecimento de seus pais.<\/p>\n<figure id=\"attachment_11038\" aria-describedby=\"caption-attachment-11038\" style=\"width: 831px\" class=\"wp-caption alignleft\"><a href=\"http:\/\/projetocineb.com.br\/wp-content\/uploads\/2018\/09\/DSC_0057.jpg\"><img decoding=\"async\" class=\"size-full wp-image-11038\" src=\"http:\/\/projetocineb.com.br\/wp-content\/uploads\/2018\/09\/DSC_0057.jpg\" alt=\"\" width=\"831\" height=\"552\" \/><\/a><figcaption id=\"caption-attachment-11038\" class=\"wp-caption-text\">Na foto, S\u00e9tima Ara\u00fajo, fundadora da Associa\u00e7\u00e3o, Cid\u00e1lio Vieira Santos, coordenador do CineB Solar e Alessandra Padula, diretora da CEI.<\/figcaption><\/figure>\n<p>Para Alessandra Fernanda Padula, diretora da CEI, a comunidade \u00e9 bem carente e a escola busca oferecer eventos como o CineB Solar para proporcionar alguns momentos de alegria. \u201cA gente procura sempre buscar o melhor para as fam\u00edlias. A gente sempre admirou o CineB e fomos atr\u00e1s para que oferecer esse momento para eles\u201d, revelou.<\/p>\n<p>A sess\u00e3o lotou, com a presen\u00e7a de muitas fam\u00edlias das crian\u00e7as que frequentam a CEI e moradores da regi\u00e3o, como o casal Daniela Valentina Ribeiro e Edson Henrique de Jesus. Os filhos Vinicius e Murilo, estudam na Escola Estadual local, mas viram o cartaz de divulga\u00e7\u00e3o do filme na porta da CEI. \u201cHoje \u00e9 s\u00e1bado, aproveitamos para assistir um filme em fam\u00edlia. O projeto \u00e9 muito legal\u201d, comentou Daniela.<br \/>\nPara Rodrigo Santana Ferreira, que estava acompanhado da esposa Jaquelina de Carvalho Ferreira e da filha Julia, de 2 anos, aluna da CEI, a sess\u00e3o ampliou o universo cultural da comunidade: \u201ctem crian\u00e7a aqui que nunca foi ao cinema, n\u00e3o tem oportunidade, e agora tiveram essa experi\u00eancia. \u00c9 muito bom\u201d, finaliza.<\/p>\n<figure id=\"attachment_11039\" aria-describedby=\"caption-attachment-11039\" style=\"width: 831px\" class=\"wp-caption alignleft\"><a href=\"http:\/\/projetocineb.com.br\/wp-content\/uploads\/2018\/09\/DSC_0084.jpg\"><img decoding=\"async\" class=\"size-full wp-image-11039\" src=\"http:\/\/projetocineb.com.br\/wp-content\/uploads\/2018\/09\/DSC_0084.jpg\" alt=\"\" width=\"831\" height=\"552\" \/><\/a><figcaption id=\"caption-attachment-11039\" class=\"wp-caption-text\">Muitas fam\u00edlias do entorno da CEI participaram da sess\u00e3o.<\/figcaption><\/figure>\n<p>A atividade contou com a presen\u00e7a da fundadora da Associa\u00e7\u00e3o, S\u00e9tima Ara\u00fajo, e a colabora\u00e7\u00e3o dos funcion\u00e1rios e funcion\u00e1rias da CEI, que participaram da organiza\u00e7\u00e3o da sess\u00e3o.<\/p>\n<p>O CineB Solar \u00e9 um circuito alternativo de exibi\u00e7\u00e3o que, desde 2007, leva cinema brasileiro para v\u00e1rias regi\u00f5es da cidade. O projeto, que agora passa a se chamar CineB Solar quando estiver nas comunidades, j\u00e1 contabiliza um p\u00fablico superior a 60 mil pessoas em mais de 480 sess\u00f5es gratuitas em comunidades, escolas e universidades de S\u00e3o Paulo. J\u00e1 foram exibidos na tela do CineB mais de 116 longas metragens e 73 curtas metragens.<\/p>\n\t\t\t\n\t\t\t<!-- Blueimp gallery -->\n\t\t\t<div id=\"blueimp-gallery\" class=\"blueimp-gallery blueimp-gallery-controls\">\n\t\t\t\t<div class=\"slides\"><\/div>\n\t\t\t\t<h3 class=\"title\"><\/h3>\n\t\t\t\t<a class=\"prev\">\u2039<\/a>\n\t\t\t\t<a class=\"next\">\u203a<\/a>\n\t\t\t\t<a class=\"close\">\u00d7<\/a>\n\t\t\t\t<a class=\"play-pause\"><\/a>\n\t\t\t\t<ol class=\"indicator\"><\/ol>\n\t\t\t\t<div class=\"modal fade\">\n\t\t\t\t\t<div class=\"modal-dialog\">\n\t\t\t\t\t\t<div class=\"modal-content\">\n\t\t\t\t\t\t\t<div class=\"modal-header\">\n\t\t\t\t\t\t\t\t<button type=\"button\" class=\"close\" aria-hidden=\"true\">&times;<\/button>\n\t\t\t\t\t\t\t\t<h4 class=\"modal-title\"><\/h4>\n\t\t\t\t\t\t\t<\/div>\n\t\t\t\t\t\t\t<div class=\"modal-body next\"><\/div>\n\t\t\t\t\t\t\t<div class=\"modal-footer\">\n\t\t\t\t\t\t\t\t<button type=\"button\" class=\"btn btn-default pull-left prev\">\n\t\t\t\t\t\t\t\t\t<i class=\"glyphicon glyphicon-chevron-left\"><\/i>\n\t\t\t\t\t\t\t\t\tPrevious\t\t\t\t\t\t\t\t<\/button>\n\t\t\t\t\t\t\t\t<button type=\"button\" class=\"btn btn-primary next\">\n\t\t\t\t\t\t\t\t\tNext\t\t\t\t\t\t\t\t\t<i class=\"glyphicon glyphicon-chevron-right\"><\/i>\n\t\t\t\t\t\t\t\t<\/button>\n\t\t\t\t\t\t\t<\/div>\n\t\t\t\t\t\t<\/div>\n\t\t\t\t\t<\/div>\n\t\t\t\t<\/div>\n\t\t\t<\/div>\n\t\t\t<script type=\"text\/javascript\">\n\t\t\tjQuery(function() {\n\t\t\t\t\/\/ Set blueimp gallery options\n\t\t\t\tjQuery.extend(blueimp.Gallery.prototype.options, {\n\t\t\t\t\tuseBootstrapModal: false,\n\t\t\t\t\thidePageScrollbars: false\n\t\t\t\t});\n\t\t\t});\n\t\t\t<\/script>\n\t\t\t\n","protected":false},"excerpt":{"rendered":"<p>Foi a estreia da anima\u00e7\u00e3o \u201cHistorietas Assombradas \u2013 O Filme\u201d, de Vitor-Hugo Borges. Sess\u00e3o aconteceu na CEI Miguel Antonio, no[&#8230;]<\/p>\n","protected":false},"author":3,"featured_media":11098,"comment_status":"open","ping_status":"open","sticky":false,"template":"","format":"standard","meta":[],"categories":[2,6],"tags":[116,201,255,609,695,1115,1133,1234],"_links":{"self":[{"href":"https:\/\/projetocineb.com.br\/index.php?rest_route=\/wp\/v2\/posts\/11035"}],"collection":[{"href":"https:\/\/projetocineb.com.br\/index.php?rest_route=\/wp\/v2\/posts"}],"about":[{"href":"https:\/\/projetocineb.com.br\/index.php?rest_route=\/wp\/v2\/types\/post"}],"author":[{"embeddable":true,"href":"https:\/\/projetocineb.com.br\/index.php?rest_route=\/wp\/v2\/users\/3"}],"replies":[{"embeddable":true,"href":"https:\/\/projetocineb.com.br\/index.php?rest_route=%2Fwp%2Fv2%2Fcomments&post=11035"}],"version-history":[{"count":0,"href":"https:\/\/projetocineb.com.br\/index.php?rest_route=\/wp\/v2\/posts\/11035\/revisions"}],"wp:featuredmedia":[{"embeddable":true,"href":"https:\/\/projetocineb.com.br\/index.php?rest_route=\/wp\/v2\/media\/11098"}],"wp:attachment":[{"href":"https:\/\/projetocineb.com.br\/index.php?rest_route=%2Fwp%2Fv2%2Fmedia&parent=11035"}],"wp:term":[{"taxonomy":"category","embeddable":true,"href":"https:\/\/projetocineb.com.br\/index.php?rest_route=%2Fwp%2Fv2%2Fcategories&post=11035"},{"taxonomy":"post_tag","embeddable":true,"href":"https:\/\/projetocineb.com.br\/index.php?rest_route=%2Fwp%2Fv2%2Ftags&post=11035"}],"curies":[{"name":"wp","href":"https:\/\/api.w.org\/{rel}","templated":true}]}}