{"id":11043,"date":"2018-09-02T14:57:20","date_gmt":"2018-09-02T17:57:20","guid":{"rendered":"http:\/\/projetocineb.com.br\/?p=11043"},"modified":"2018-09-02T14:57:20","modified_gmt":"2018-09-02T17:57:20","slug":"cineb-exibe-encantados-em-itaquera","status":"publish","type":"post","link":"https:\/\/projetocineb.com.br\/?p=11043","title":{"rendered":"CineB exibe \u201cEncantados\u201d em Itaquera"},"content":{"rendered":"<p><em>O mais recente filme de Tizuka Yamazaki foi exibido no NCI Juntos Venceremos, no bairro Jos\u00e9 Bonif\u00e1cio, na \u00faltima quinta-feira, 30\/8\/2018.<\/em><\/p>\n<figure id=\"attachment_11045\" aria-describedby=\"caption-attachment-11045\" style=\"width: 831px\" class=\"wp-caption alignleft\"><a href=\"http:\/\/projetocineb.com.br\/wp-content\/uploads\/2018\/09\/DSC_0005.jpg\"><img fetchpriority=\"high\" decoding=\"async\" class=\"size-full wp-image-11045\" src=\"http:\/\/projetocineb.com.br\/wp-content\/uploads\/2018\/09\/DSC_0005.jpg\" alt=\"\" width=\"831\" height=\"552\" \/><\/a><figcaption id=\"caption-attachment-11045\" class=\"wp-caption-text\">NCI Juntos Venceremos virou uma sala de cinema no dia 30\/08\/2018.<\/figcaption><\/figure>\n<p>O N\u00facleo de Conviv\u00eancia do Idoso (NCI) Juntos Venceremos, que fica no bairro Jos\u00e9 Bonif\u00e1cio, regi\u00e3o de Itaquera, Zona Leste de S\u00e3o Paulo, recebeu, na \u00faltima quinta-feira, 30\/08\/2018, mais uma sess\u00e3o do CineB. \u00c9 terceira vez que o projeto exibe um filme na entidade que integra a rede de atendimento ao idoso da ONG Juntos \u2013 Jardins Unidos Num Trabalho de Obra Social.<\/p>\n<p>Para Humberto Canavesi, diretor administrativo da ONG Juntos, a parceria entre o CineB e a entidade j\u00e1 rendeu muito resultado positivo, pois foram dezenas de exibi\u00e7\u00f5es, nos \u00faltimos anos, nas entidades em que a ONG atua, em diversos bairros da Zona Leste. \u201cLevar o cinema nacional para a periferia, para esse povo que tem dificuldade e n\u00e3o tem, muitas vezes, a possibilidade de frequentar o cinema tradicional pelo pre\u00e7o, pela dist\u00e2ncia, pelo local aonde mora, pelo transporte foi uma ideia genial, elogia. \u201cE muito tem agradado a nossa comunidade, as nossas vov\u00f3s, que frequentam o espa\u00e7o\u201d, conclui.<\/p>\n<figure id=\"attachment_11046\" aria-describedby=\"caption-attachment-11046\" style=\"width: 831px\" class=\"wp-caption alignleft\"><a href=\"http:\/\/projetocineb.com.br\/wp-content\/uploads\/2018\/09\/DSC_0037.jpg\"><img decoding=\"async\" class=\"size-full wp-image-11046\" src=\"http:\/\/projetocineb.com.br\/wp-content\/uploads\/2018\/09\/DSC_0037.jpg\" alt=\"\" width=\"831\" height=\"552\" \/><\/a><figcaption id=\"caption-attachment-11046\" class=\"wp-caption-text\">Humberto Canavesi, diretor da ONG Juntos, Cid\u00e1lio Vieira Santos, coordenador do CineB e Claudia Martins, gerente do NCI.<\/figcaption><\/figure>\n<p>Cl\u00e1udia Marques Martins gerente da unidade, concorda com a opini\u00e3o. \u201cDa \u00faltima vez que voc\u00eas vieram nosso p\u00fablico pediu para voltar novamente. A maioria dos idosos n\u00e3o v\u00e3o ao cinema e tem quem fale que o CineB foi a primeira vez\u201d, destaca.<\/p>\n<p>O longa-metragem exibido, \u201cEncantados\u201d, de Tizuka Yamazaki, conta a de Zeneida (Carolina Oliveira) uma das filhas de um importante pol\u00edtico do Par\u00e1. Com mais dez irm\u00e3os, ela se destaca por seu jeito atrevido, perseverante e teimoso. Sensitiva, v\u00ea e escuta coisas que mais ningu\u00e9m enxerga ou ouve, e ap\u00f3s se mudar para a Ilha do Maraj\u00f3 fica encantada com Ant\u00f4nio (Thiago Martins), figura misteriosa que encontra nas andan\u00e7as pela propriedade da fam\u00edlia. A paix\u00e3o pelo estranho e a intimidade com a natureza n\u00e3o s\u00e3o vistas com bons olhos por seus pais e a rebelde jovem passa a enfrentar um grande conflito dentro de casa ao ser considerada lun\u00e1tica.<\/p>\n<figure id=\"attachment_11047\" aria-describedby=\"caption-attachment-11047\" style=\"width: 831px\" class=\"wp-caption alignleft\"><a href=\"http:\/\/projetocineb.com.br\/wp-content\/uploads\/2018\/09\/DSC_0044.jpg\"><img decoding=\"async\" class=\"size-full wp-image-11047\" src=\"http:\/\/projetocineb.com.br\/wp-content\/uploads\/2018\/09\/DSC_0044.jpg\" alt=\"\" width=\"831\" height=\"527\" \/><\/a><figcaption id=\"caption-attachment-11047\" class=\"wp-caption-text\">Luiz Claudio Marcolino, idealizador do CineB, deixa seu recado para o p\u00fablico de Itaquera.<\/figcaption><\/figure>\n<p>O p\u00fablico acompanhou atento ao filme a ao final elogiou a produ\u00e7\u00e3o. \u201cEu n\u00e3o sabia o que esperar do filme e quando vi, foi muito lindo\u201d, confessou a estudante do 9\u00ba ano, Gabriela Silva Vila\u00e7a, que acompanhava sua v\u00f3, Celia Maria dos Santos, que frequenta o espa\u00e7o h\u00e1 cerca de um ano e mora pr\u00f3ximo ao NCI.<\/p>\n<p>Maria Cleide da Silva estava impressionada com a semelhan\u00e7a do roteiro do filme com a pe\u00e7a de teatro que o grupo de idosos ensaiam toda a sexta-feira, e estreou no \u00faltimo dia 31, em S\u00e3o Mateus. \u201cVai ter curupira, eu vou ser a pag\u00e9 mais velha, vou ter uma filha e vou falar em tupi guarani\u201d, revela.<br \/>\nO CineB \u00e9 um circuito alternativo de exibi\u00e7\u00e3o que, desde 2007, leva cinema brasileiro para v\u00e1rias regi\u00f5es da cidade. O projeto, j\u00e1 contabiliza um p\u00fablico superior a 60 mil pessoas em mais de 480 sess\u00f5es gratuitas em comunidades, escolas e universidades de S\u00e3o Paulo. J\u00e1 foram exibidos na tela do CINEB mais de 116 longas metragens e 73 curtas metragens.<\/p>\n\t\t\t\n\t\t\t<!-- Blueimp gallery -->\n\t\t\t<div id=\"blueimp-gallery\" class=\"blueimp-gallery blueimp-gallery-controls\">\n\t\t\t\t<div class=\"slides\"><\/div>\n\t\t\t\t<h3 class=\"title\"><\/h3>\n\t\t\t\t<a class=\"prev\">\u2039<\/a>\n\t\t\t\t<a class=\"next\">\u203a<\/a>\n\t\t\t\t<a class=\"close\">\u00d7<\/a>\n\t\t\t\t<a class=\"play-pause\"><\/a>\n\t\t\t\t<ol class=\"indicator\"><\/ol>\n\t\t\t\t<div class=\"modal fade\">\n\t\t\t\t\t<div class=\"modal-dialog\">\n\t\t\t\t\t\t<div class=\"modal-content\">\n\t\t\t\t\t\t\t<div class=\"modal-header\">\n\t\t\t\t\t\t\t\t<button type=\"button\" class=\"close\" aria-hidden=\"true\">&times;<\/button>\n\t\t\t\t\t\t\t\t<h4 class=\"modal-title\"><\/h4>\n\t\t\t\t\t\t\t<\/div>\n\t\t\t\t\t\t\t<div class=\"modal-body next\"><\/div>\n\t\t\t\t\t\t\t<div class=\"modal-footer\">\n\t\t\t\t\t\t\t\t<button type=\"button\" class=\"btn btn-default pull-left prev\">\n\t\t\t\t\t\t\t\t\t<i class=\"glyphicon glyphicon-chevron-left\"><\/i>\n\t\t\t\t\t\t\t\t\tPrevious\t\t\t\t\t\t\t\t<\/button>\n\t\t\t\t\t\t\t\t<button type=\"button\" class=\"btn btn-primary next\">\n\t\t\t\t\t\t\t\t\tNext\t\t\t\t\t\t\t\t\t<i class=\"glyphicon glyphicon-chevron-right\"><\/i>\n\t\t\t\t\t\t\t\t<\/button>\n\t\t\t\t\t\t\t<\/div>\n\t\t\t\t\t\t<\/div>\n\t\t\t\t\t<\/div>\n\t\t\t\t<\/div>\n\t\t\t<\/div>\n\t\t\t<script type=\"text\/javascript\">\n\t\t\tjQuery(function() {\n\t\t\t\t\/\/ Set blueimp gallery options\n\t\t\t\tjQuery.extend(blueimp.Gallery.prototype.options, {\n\t\t\t\t\tuseBootstrapModal: false,\n\t\t\t\t\thidePageScrollbars: false\n\t\t\t\t});\n\t\t\t});\n\t\t\t<\/script>\n\t\t\t\n","protected":false},"excerpt":{"rendered":"<p>O mais recente filme de Tizuka Yamazaki foi exibido no NCI Juntos Venceremos, no bairro Jos\u00e9 Bonif\u00e1cio, na \u00faltima quinta-feira,[&#8230;]<\/p>\n","protected":false},"author":3,"featured_media":11099,"comment_status":"open","ping_status":"open","sticky":false,"template":"","format":"standard","meta":[],"categories":[2,6],"tags":[237,252,294,463,614,760,841,1133,1164],"_links":{"self":[{"href":"https:\/\/projetocineb.com.br\/index.php?rest_route=\/wp\/v2\/posts\/11043"}],"collection":[{"href":"https:\/\/projetocineb.com.br\/index.php?rest_route=\/wp\/v2\/posts"}],"about":[{"href":"https:\/\/projetocineb.com.br\/index.php?rest_route=\/wp\/v2\/types\/post"}],"author":[{"embeddable":true,"href":"https:\/\/projetocineb.com.br\/index.php?rest_route=\/wp\/v2\/users\/3"}],"replies":[{"embeddable":true,"href":"https:\/\/projetocineb.com.br\/index.php?rest_route=%2Fwp%2Fv2%2Fcomments&post=11043"}],"version-history":[{"count":0,"href":"https:\/\/projetocineb.com.br\/index.php?rest_route=\/wp\/v2\/posts\/11043\/revisions"}],"wp:featuredmedia":[{"embeddable":true,"href":"https:\/\/projetocineb.com.br\/index.php?rest_route=\/wp\/v2\/media\/11099"}],"wp:attachment":[{"href":"https:\/\/projetocineb.com.br\/index.php?rest_route=%2Fwp%2Fv2%2Fmedia&parent=11043"}],"wp:term":[{"taxonomy":"category","embeddable":true,"href":"https:\/\/projetocineb.com.br\/index.php?rest_route=%2Fwp%2Fv2%2Fcategories&post=11043"},{"taxonomy":"post_tag","embeddable":true,"href":"https:\/\/projetocineb.com.br\/index.php?rest_route=%2Fwp%2Fv2%2Ftags&post=11043"}],"curies":[{"name":"wp","href":"https:\/\/api.w.org\/{rel}","templated":true}]}}