{"id":11050,"date":"2018-09-02T15:34:48","date_gmt":"2018-09-02T18:34:48","guid":{"rendered":"http:\/\/projetocineb.com.br\/?p=11050"},"modified":"2018-09-02T15:34:48","modified_gmt":"2018-09-02T18:34:48","slug":"cinema-brasileiro-para-o-povo-sem-medo-do-capao","status":"publish","type":"post","link":"https:\/\/projetocineb.com.br\/?p=11050","title":{"rendered":"Cinema brasileiro para o Povo Sem Medo do Cap\u00e3o"},"content":{"rendered":"<p><em>Ocupa\u00e7\u00e3o do MTST na Zona Sul recebeu, no dia 31 de agosto, o CineB, que exibiu o longa-metragem \u201cEncantados\u201d de Tizuka Yamazaki e o curta \u201cBMW Vermelho\u201d, de Edu Ramos e Reinaldo Pinheiro.<\/em><\/p>\n<figure id=\"attachment_11052\" aria-describedby=\"caption-attachment-11052\" style=\"width: 831px\" class=\"wp-caption alignleft\"><a href=\"http:\/\/projetocineb.com.br\/wp-content\/uploads\/2018\/09\/DSC_0007.jpg\"><img fetchpriority=\"high\" decoding=\"async\" class=\"size-full wp-image-11052\" src=\"http:\/\/projetocineb.com.br\/wp-content\/uploads\/2018\/09\/DSC_0007.jpg\" alt=\"\" width=\"831\" height=\"552\" \/><\/a><figcaption id=\"caption-attachment-11052\" class=\"wp-caption-text\">O barrac\u00e3o da Ocupa\u00e7\u00e3o Povo Sem Medo do Cap\u00e3o virou uma sala de cinema.<\/figcaption><\/figure>\n<p>O CineB esteva mais uma vez em uma ocupa\u00e7\u00e3o do Movimento dos Trabalhadores Sem Teto (MTST), na \u00faltima sexta-feira, 31\/08\/2018, para exibir um filme brasileiro para esse povo trabalhador que luta por moradia e melhores condi\u00e7\u00f5es de vida. Dessa vez, a sess\u00e3o aconteceu na ocupa\u00e7\u00e3o Povo Sem Medo do Cap\u00e3o, localizado na Zona Sul de S\u00e3o Paulo.<\/p>\n<p>A ocupa\u00e7\u00e3o existe h\u00e1 dois anos na regi\u00e3o do Cap\u00e3o Redondo e o MTST conquistou uma importante vit\u00f3ria no final do ano passado com a negocia\u00e7\u00e3o, bem-sucedida, com o propriet\u00e1rio do terreno, Caixa Econ\u00f4mica Federal, Governo do Estado e Uni\u00e3o que beneficiar\u00e1 cerca de 3.100 pessoas com a constru\u00e7\u00e3o de 5 pr\u00e9dios de 18 andares.<\/p>\n<figure id=\"attachment_11053\" aria-describedby=\"caption-attachment-11053\" style=\"width: 831px\" class=\"wp-caption alignleft\"><a href=\"http:\/\/projetocineb.com.br\/wp-content\/uploads\/2018\/09\/DSC_0012.jpg\"><img decoding=\"async\" class=\"size-full wp-image-11053\" src=\"http:\/\/projetocineb.com.br\/wp-content\/uploads\/2018\/09\/DSC_0012.jpg\" alt=\"\" width=\"831\" height=\"552\" \/><\/a><figcaption id=\"caption-attachment-11053\" class=\"wp-caption-text\">E a pipoca no CineB \u00e9 de gra\u00e7a.<\/figcaption><\/figure>\n<p>A sess\u00e3o aconteceu no barrac\u00e3o cultural do movimento, um bonito espa\u00e7o comunit\u00e1rio reservado para aulas de costura, capoeira, jiu-jitsu, cursinho para os jovens e aulas para idosos, al\u00e9m de um privilegiado espa\u00e7o para realiza\u00e7\u00e3o de eventos. O barrac\u00e3o virou uma perfeita sala de cinema, com espa\u00e7o para a enorme tela de 200 polegadas.<\/p>\n<figure id=\"attachment_11054\" aria-describedby=\"caption-attachment-11054\" style=\"width: 831px\" class=\"wp-caption alignleft\"><a href=\"http:\/\/projetocineb.com.br\/wp-content\/uploads\/2018\/09\/DSC_0048.jpg\"><img decoding=\"async\" class=\"size-full wp-image-11054\" src=\"http:\/\/projetocineb.com.br\/wp-content\/uploads\/2018\/09\/DSC_0048.jpg\" alt=\"\" width=\"831\" height=\"552\" \/><\/a><figcaption id=\"caption-attachment-11054\" class=\"wp-caption-text\">No centro, Cid\u00e1lio Vieira Santos, coordenador do CineB, e integrantes do movimento social da Zona Sul e da ocupa\u00e7\u00e3o.<\/figcaption><\/figure>\n<p>Em cartaz, o filme \u201cEncantados\u201d, de Tizuka Yamazaki, que conta a hist\u00f3ria de Zeneida (Carolina Oliveira) uma das filhas de um importante pol\u00edtico do Par\u00e1. Com mais dez irm\u00e3os, ela se destaca por seu jeito atrevido, perseverante e teimoso. Sensitiva, v\u00ea e escuta coisas que mais ningu\u00e9m enxerga ou ouve, e ap\u00f3s se mudar para a Ilha do Maraj\u00f3 fica encantada com Ant\u00f4nio (Thiago Martins), figura misteriosa que encontra nas andan\u00e7as pela propriedade da fam\u00edlia. A paix\u00e3o pelo estranho e a intimidade com a natureza n\u00e3o s\u00e3o vistas com bons olhos por seus pais e a rebelde jovem passa a enfrentar um grande conflito dentro de casa ao ser considerada lun\u00e1tica.<\/p>\n<p>Pouco antes, foi exibido o curta-metragem \u201cBMW Vermelho\u201d (2000), de Edu Ramos e Reinaldo Pinheiro, com Ot\u00e1vio Augusto no elenco. O curta, \u00e9 uma com\u00e9dia sobre uma fam\u00edlia que recebe um verdadeiro presente de grego: um carro de luxo, que n\u00e3o pode ser vendido por dois anos. Para piorar a situa\u00e7\u00e3o, ningu\u00e9m sabe dirigir. O tempo passa, e o autom\u00f3vel acaba tendo usos bastante inusitados.<\/p>\n<figure id=\"attachment_11055\" aria-describedby=\"caption-attachment-11055\" style=\"width: 831px\" class=\"wp-caption alignleft\"><a href=\"http:\/\/projetocineb.com.br\/wp-content\/uploads\/2018\/09\/DSC_0087.jpg\"><img loading=\"lazy\" decoding=\"async\" class=\"size-full wp-image-11055\" src=\"http:\/\/projetocineb.com.br\/wp-content\/uploads\/2018\/09\/DSC_0087.jpg\" alt=\"\" width=\"831\" height=\"552\" \/><\/a><figcaption id=\"caption-attachment-11055\" class=\"wp-caption-text\">Ap\u00f3s a sess\u00e3o, uma roda de conversa sobre o filme.<\/figcaption><\/figure>\n<p>Segundo Cec\u00edlia Gomes de Souza Gladchi, que trabalha com vendas e integra a coordena\u00e7\u00e3o do movimento, foi atrav\u00e9s de Alberto Duarte, ex-banc\u00e1rio e atuante nos movimentos sociais na Zona Sul, que o MTST tomou contato com a possibilidade de levar a sess\u00e3o \u00e0 ocupa\u00e7\u00e3o. \u201cN\u00f3s temos um espa\u00e7o que precisa ser utilizado, e um projeto como o CineB \u00e9 sempre bem vindo. Achei maravilhoso o filme, n\u00e3o esperava que fosse t\u00e3o interessante assim, falando sobre a natureza\u201d, comentou, logo ap\u00f3s a exibi\u00e7\u00e3o.<\/p>\n<p>Para o m\u00fasico Josenildo Barros Bispo, tamb\u00e9m do movimento MTST, a sess\u00e3o atendeu a expectativa: \u201cfoi um \u00f3timo filme e um bom curta-metragem tamb\u00e9m. \u00c9 um projeto bem bacana. A periferia igual em qualquer lugar, precisa de cultura\u201d, destaca.\u00a0Ao final da sess\u00e3o, o grupo formou uma roda e realizou um descontra\u00eddo debate sobre o filme e a realidade da popula\u00e7\u00e3o brasileira, carente de atividades culturais.<\/p>\n<p>O CineB Solar \u00e9 um circuito alternativo de exibi\u00e7\u00e3o que, desde 2007, leva cinema brasileiro para v\u00e1rias regi\u00f5es da cidade. O projeto, que agora passa a se chamar CineB Solar quando estiver nas comunidades, j\u00e1 contabiliza um p\u00fablico superior a 60 mil pessoas em mais de 480 sess\u00f5es gratuitas em comunidades, escolas e universidades de S\u00e3o Paulo. J\u00e1 foram exibidos na tela do CineB mais de 116 longas metragens e 73 curtas metragens.<\/p>\n\t\t\t\n\t\t\t<!-- Blueimp gallery -->\n\t\t\t<div id=\"blueimp-gallery\" class=\"blueimp-gallery blueimp-gallery-controls\">\n\t\t\t\t<div class=\"slides\"><\/div>\n\t\t\t\t<h3 class=\"title\"><\/h3>\n\t\t\t\t<a class=\"prev\">\u2039<\/a>\n\t\t\t\t<a class=\"next\">\u203a<\/a>\n\t\t\t\t<a class=\"close\">\u00d7<\/a>\n\t\t\t\t<a class=\"play-pause\"><\/a>\n\t\t\t\t<ol class=\"indicator\"><\/ol>\n\t\t\t\t<div class=\"modal fade\">\n\t\t\t\t\t<div class=\"modal-dialog\">\n\t\t\t\t\t\t<div class=\"modal-content\">\n\t\t\t\t\t\t\t<div class=\"modal-header\">\n\t\t\t\t\t\t\t\t<button type=\"button\" class=\"close\" aria-hidden=\"true\">&times;<\/button>\n\t\t\t\t\t\t\t\t<h4 class=\"modal-title\"><\/h4>\n\t\t\t\t\t\t\t<\/div>\n\t\t\t\t\t\t\t<div class=\"modal-body next\"><\/div>\n\t\t\t\t\t\t\t<div class=\"modal-footer\">\n\t\t\t\t\t\t\t\t<button type=\"button\" class=\"btn btn-default pull-left prev\">\n\t\t\t\t\t\t\t\t\t<i class=\"glyphicon glyphicon-chevron-left\"><\/i>\n\t\t\t\t\t\t\t\t\tPrevious\t\t\t\t\t\t\t\t<\/button>\n\t\t\t\t\t\t\t\t<button type=\"button\" class=\"btn btn-primary next\">\n\t\t\t\t\t\t\t\t\tNext\t\t\t\t\t\t\t\t\t<i class=\"glyphicon glyphicon-chevron-right\"><\/i>\n\t\t\t\t\t\t\t\t<\/button>\n\t\t\t\t\t\t\t<\/div>\n\t\t\t\t\t\t<\/div>\n\t\t\t\t\t<\/div>\n\t\t\t\t<\/div>\n\t\t\t<\/div>\n\t\t\t<script type=\"text\/javascript\">\n\t\t\tjQuery(function() {\n\t\t\t\t\/\/ Set blueimp gallery options\n\t\t\t\tjQuery.extend(blueimp.Gallery.prototype.options, {\n\t\t\t\t\tuseBootstrapModal: false,\n\t\t\t\t\thidePageScrollbars: false\n\t\t\t\t});\n\t\t\t});\n\t\t\t<\/script>\n\t\t\t\n","protected":false},"excerpt":{"rendered":"<p>Ocupa\u00e7\u00e3o do MTST na Zona Sul recebeu, no dia 31 de agosto, o CineB, que exibiu o longa-metragem \u201cEncantados\u201d de[&#8230;]<\/p>\n","protected":false},"author":3,"featured_media":11153,"comment_status":"open","ping_status":"open","sticky":false,"template":"","format":"standard","meta":[],"categories":[2,6],"tags":[145,237,252,463,760,831,881,1133,1164],"_links":{"self":[{"href":"https:\/\/projetocineb.com.br\/index.php?rest_route=\/wp\/v2\/posts\/11050"}],"collection":[{"href":"https:\/\/projetocineb.com.br\/index.php?rest_route=\/wp\/v2\/posts"}],"about":[{"href":"https:\/\/projetocineb.com.br\/index.php?rest_route=\/wp\/v2\/types\/post"}],"author":[{"embeddable":true,"href":"https:\/\/projetocineb.com.br\/index.php?rest_route=\/wp\/v2\/users\/3"}],"replies":[{"embeddable":true,"href":"https:\/\/projetocineb.com.br\/index.php?rest_route=%2Fwp%2Fv2%2Fcomments&post=11050"}],"version-history":[{"count":0,"href":"https:\/\/projetocineb.com.br\/index.php?rest_route=\/wp\/v2\/posts\/11050\/revisions"}],"wp:featuredmedia":[{"embeddable":true,"href":"https:\/\/projetocineb.com.br\/index.php?rest_route=\/wp\/v2\/media\/11153"}],"wp:attachment":[{"href":"https:\/\/projetocineb.com.br\/index.php?rest_route=%2Fwp%2Fv2%2Fmedia&parent=11050"}],"wp:term":[{"taxonomy":"category","embeddable":true,"href":"https:\/\/projetocineb.com.br\/index.php?rest_route=%2Fwp%2Fv2%2Fcategories&post=11050"},{"taxonomy":"post_tag","embeddable":true,"href":"https:\/\/projetocineb.com.br\/index.php?rest_route=%2Fwp%2Fv2%2Ftags&post=11050"}],"curies":[{"name":"wp","href":"https:\/\/api.w.org\/{rel}","templated":true}]}}