{"id":11082,"date":"2018-09-20T09:06:57","date_gmt":"2018-09-20T12:06:57","guid":{"rendered":"http:\/\/projetocineb.com.br\/?p=11082"},"modified":"2018-09-20T09:06:57","modified_gmt":"2018-09-20T12:06:57","slug":"quadra-no-jardim-santa-fe-exibe-animacao","status":"publish","type":"post","link":"https:\/\/projetocineb.com.br\/?p=11082","title":{"rendered":"Quadra no Jardim Santa F\u00e9 exibe anima\u00e7\u00e3o"},"content":{"rendered":"<p><em>\u201cHistorietas Assombradas \u2013 O Filme\u201d, de Vitor-Hugo Gomes, foi atra\u00e7\u00e3o na regi\u00e3o do Graja\u00fa, Zona Sul da capital no \u00faltimo s\u00e1bado, 8\/09.<\/em><\/p>\n<figure id=\"attachment_11084\" aria-describedby=\"caption-attachment-11084\" style=\"width: 831px\" class=\"wp-caption alignleft\"><a href=\"http:\/\/projetocineb.com.br\/wp-content\/uploads\/2018\/09\/DSC_0013.jpg\"><img fetchpriority=\"high\" decoding=\"async\" class=\"size-full wp-image-11084\" src=\"http:\/\/projetocineb.com.br\/wp-content\/uploads\/2018\/09\/DSC_0013.jpg\" alt=\"\" width=\"831\" height=\"552\" \/><\/a><figcaption id=\"caption-attachment-11084\" class=\"wp-caption-text\">Moradores do bairro acompanharam, pela primeira vez, uma sess\u00e3o de cinema ao ar livre.<\/figcaption><\/figure>\n<p>Nem o feriad\u00e3o da Independ\u00eancia, nem o friozinho de fim de inverno, foi empecilho para p\u00fablico que compareceu no \u00faltimo s\u00e1bado, 8 de setembro, na sess\u00e3o do CineB Solar na Quadra de Esportes do Jardim Santa F\u00e9, regi\u00e3o do Graja\u00fa, Zona Sul de S\u00e3o Paulo, para acompanhar a anima\u00e7\u00e3o \u201cHistorietas Assombradas \u2013 O Filme, de Vitor-Hugo Gomes.<\/p>\n<p>O diretor j\u00e1 teve \u201cHistorietas Assombradas para Crian\u00e7as Mal-criadas\u201d inclu\u00eddo no segundo CD de curtas-metragens do selo CineB do cinema brasileiro e depois viu seu trabalho virar uma s\u00e9rie do canal Cartoon Network. No longa, Pepe \u00e9 uma crian\u00e7a que vive com a av\u00f3, uma bruxa-empres\u00e1ria. Ao saber que foi adotado e que seus pais est\u00e3o vivos, ele parte em uma aventura para encontr\u00e1-los. O menino atrai a aten\u00e7\u00e3o de Edmundo, um vil\u00e3o biomec\u00e2nico que precisa da energia de crian\u00e7as para se tornar imortal, que rapta a av\u00f3 de Pepe. Desta forma, o garoto e seus amigos precisam resgat\u00e1-la o quanto antes, ao mesmo tempo em que Pepe busca solucionar o mist\u00e9rio do desaparecimento de seus pais.<\/p>\n<figure id=\"attachment_11085\" aria-describedby=\"caption-attachment-11085\" style=\"width: 831px\" class=\"wp-caption alignleft\"><a href=\"http:\/\/projetocineb.com.br\/wp-content\/uploads\/2018\/09\/DSC_0037-1.jpg\"><img decoding=\"async\" class=\"size-full wp-image-11085\" src=\"http:\/\/projetocineb.com.br\/wp-content\/uploads\/2018\/09\/DSC_0037-1.jpg\" alt=\"\" width=\"831\" height=\"552\" \/><\/a><figcaption id=\"caption-attachment-11085\" class=\"wp-caption-text\">Abertura oficial da sess\u00e3o, com o coordenador do CineB, Cid\u00e1lio Vieira Santos, Sandra da Silva, funcion\u00e1ria do Sindicato dos Banc\u00e1rios de SP, e Santinha, l\u00edder comunit\u00e1ria.<\/figcaption><\/figure>\n<p>A sess\u00e3o, ao ar livre, foi organiza pela lideran\u00e7a comunit\u00e1ria Maria dos Reis Ara\u00fajo, Santinha, dom\u00e9stica que luta para que a comunidade do Jardim Santa F\u00e9 receba investimentos em cultura e lazer: \u201cA gente quer fazer um projeto para melhorar o bairro, aqui n\u00e3o tem nada. Queremos construir ao lado da quadra da prefeitura salas para cursos. J\u00e1 temos um projeto para cobrir a quadra pedido na subprefeitura, mas queremos tamb\u00e9m atender as crian\u00e7as com aulas de pintura, de viol\u00e3o, gin\u00e1stica para idosos\u201d, explica.<\/p>\n<p>Quem colocou Santinha em contato com o CineB Solar foi Sandra da Silva, funcion\u00e1ria do Sindicato dos Banc\u00e1rios na Regional Sul. \u201cO Sindicato j\u00e1 tem esse trabalho do cinema, ent\u00e3o \u00e9 importante trazer para c\u00e1, expandir. Nessa regi\u00e3o s\u00f3 tem alguma atividade de cultura quando algu\u00e9m se mobiliza para fazer uma festa, feita pelos moradores, mas \u00e9 raro. Aqui n\u00e3o tem um CEU, n\u00e3o tem playground, nada, ent\u00e3o quando a gente traz uma coisa assim \u00e9 diferente\u201d, completa.<\/p>\n<figure id=\"attachment_11086\" aria-describedby=\"caption-attachment-11086\" style=\"width: 831px\" class=\"wp-caption alignleft\"><a href=\"http:\/\/projetocineb.com.br\/wp-content\/uploads\/2018\/09\/DSC_0063.jpg\"><img decoding=\"async\" class=\"size-full wp-image-11086\" src=\"http:\/\/projetocineb.com.br\/wp-content\/uploads\/2018\/09\/DSC_0063.jpg\" alt=\"\" width=\"831\" height=\"552\" \/><\/a><figcaption id=\"caption-attachment-11086\" class=\"wp-caption-text\">O projeto sorteou camisetas no final da sess\u00e3o.<\/figcaption><\/figure>\n<p>As cerca de 100 pessoas que acompanharam a sess\u00e3o eram, na grande maioria, crian\u00e7as e adolescentes moradores da regi\u00e3o. O CineB Solar \u00e9 um circuito alternativo de exibi\u00e7\u00e3o que, desde 2007, leva cinema brasileiro para v\u00e1rias regi\u00f5es da cidade. O projeto, que agora passa a se chamar CineB Solar quando estiver nas comunidades, j\u00e1 contabiliza um p\u00fablico superior a 60 mil pessoas em mais de 480 sess\u00f5es gratuitas em comunidades, escolas e universidades de S\u00e3o Paulo. J\u00e1 foram exibidos na tela do CineB mais de 116 longas metragens e 73 curtas metragens.<\/p>\n\t\t\t\n\t\t\t<!-- Blueimp gallery -->\n\t\t\t<div id=\"blueimp-gallery\" class=\"blueimp-gallery blueimp-gallery-controls\">\n\t\t\t\t<div class=\"slides\"><\/div>\n\t\t\t\t<h3 class=\"title\"><\/h3>\n\t\t\t\t<a class=\"prev\">\u2039<\/a>\n\t\t\t\t<a class=\"next\">\u203a<\/a>\n\t\t\t\t<a class=\"close\">\u00d7<\/a>\n\t\t\t\t<a class=\"play-pause\"><\/a>\n\t\t\t\t<ol class=\"indicator\"><\/ol>\n\t\t\t\t<div class=\"modal fade\">\n\t\t\t\t\t<div class=\"modal-dialog\">\n\t\t\t\t\t\t<div class=\"modal-content\">\n\t\t\t\t\t\t\t<div class=\"modal-header\">\n\t\t\t\t\t\t\t\t<button type=\"button\" class=\"close\" aria-hidden=\"true\">&times;<\/button>\n\t\t\t\t\t\t\t\t<h4 class=\"modal-title\"><\/h4>\n\t\t\t\t\t\t\t<\/div>\n\t\t\t\t\t\t\t<div class=\"modal-body next\"><\/div>\n\t\t\t\t\t\t\t<div class=\"modal-footer\">\n\t\t\t\t\t\t\t\t<button type=\"button\" class=\"btn btn-default pull-left prev\">\n\t\t\t\t\t\t\t\t\t<i class=\"glyphicon glyphicon-chevron-left\"><\/i>\n\t\t\t\t\t\t\t\t\tPrevious\t\t\t\t\t\t\t\t<\/button>\n\t\t\t\t\t\t\t\t<button type=\"button\" class=\"btn btn-primary next\">\n\t\t\t\t\t\t\t\t\tNext\t\t\t\t\t\t\t\t\t<i class=\"glyphicon glyphicon-chevron-right\"><\/i>\n\t\t\t\t\t\t\t\t<\/button>\n\t\t\t\t\t\t\t<\/div>\n\t\t\t\t\t\t<\/div>\n\t\t\t\t\t<\/div>\n\t\t\t\t<\/div>\n\t\t\t<\/div>\n\t\t\t<script type=\"text\/javascript\">\n\t\t\tjQuery(function() {\n\t\t\t\t\/\/ Set blueimp gallery options\n\t\t\t\tjQuery.extend(blueimp.Gallery.prototype.options, {\n\t\t\t\t\tuseBootstrapModal: false,\n\t\t\t\t\thidePageScrollbars: false\n\t\t\t\t});\n\t\t\t});\n\t\t\t<\/script>\n\t\t\t\n","protected":false},"excerpt":{"rendered":"<p>\u201cHistorietas Assombradas \u2013 O Filme\u201d, de Vitor-Hugo Gomes, foi atra\u00e7\u00e3o na regi\u00e3o do Graja\u00fa, Zona Sul da capital no \u00faltimo[&#8230;]<\/p>\n","protected":false},"author":3,"featured_media":11152,"comment_status":"open","ping_status":"open","sticky":false,"template":"","format":"standard","meta":[],"categories":[2,6],"tags":[154,237,255,577,609,694,1133,1235],"_links":{"self":[{"href":"https:\/\/projetocineb.com.br\/index.php?rest_route=\/wp\/v2\/posts\/11082"}],"collection":[{"href":"https:\/\/projetocineb.com.br\/index.php?rest_route=\/wp\/v2\/posts"}],"about":[{"href":"https:\/\/projetocineb.com.br\/index.php?rest_route=\/wp\/v2\/types\/post"}],"author":[{"embeddable":true,"href":"https:\/\/projetocineb.com.br\/index.php?rest_route=\/wp\/v2\/users\/3"}],"replies":[{"embeddable":true,"href":"https:\/\/projetocineb.com.br\/index.php?rest_route=%2Fwp%2Fv2%2Fcomments&post=11082"}],"version-history":[{"count":0,"href":"https:\/\/projetocineb.com.br\/index.php?rest_route=\/wp\/v2\/posts\/11082\/revisions"}],"wp:featuredmedia":[{"embeddable":true,"href":"https:\/\/projetocineb.com.br\/index.php?rest_route=\/wp\/v2\/media\/11152"}],"wp:attachment":[{"href":"https:\/\/projetocineb.com.br\/index.php?rest_route=%2Fwp%2Fv2%2Fmedia&parent=11082"}],"wp:term":[{"taxonomy":"category","embeddable":true,"href":"https:\/\/projetocineb.com.br\/index.php?rest_route=%2Fwp%2Fv2%2Fcategories&post=11082"},{"taxonomy":"post_tag","embeddable":true,"href":"https:\/\/projetocineb.com.br\/index.php?rest_route=%2Fwp%2Fv2%2Ftags&post=11082"}],"curies":[{"name":"wp","href":"https:\/\/api.w.org\/{rel}","templated":true}]}}