{"id":11088,"date":"2018-09-20T09:47:17","date_gmt":"2018-09-20T12:47:17","guid":{"rendered":"http:\/\/projetocineb.com.br\/?p=11088"},"modified":"2018-09-20T09:47:17","modified_gmt":"2018-09-20T12:47:17","slug":"encantados-encerra-temporada-no-jaguare","status":"publish","type":"post","link":"https:\/\/projetocineb.com.br\/?p=11088","title":{"rendered":"\u201cEncantados\u201d encerra temporada no Jaguar\u00e9"},"content":{"rendered":"<p><em>O filme dirigido pela cineasta Tizuka Yamazaki, exibido em cinco sess\u00f5es no CineB, encerrou sua temporada, no dia 13\/9, no sal\u00e3o da Igreja S\u00e3o Jos\u00e9 do Jaguar\u00e9 para cerca de 200 pessoas. Estudantes da EE Maria Eug\u00eania participaram de um &#8220;quiz&#8221; de perguntas e respostas sobre o filme.<\/em><\/p>\n<figure id=\"attachment_11090\" aria-describedby=\"caption-attachment-11090\" style=\"width: 828px\" class=\"wp-caption alignleft\"><a href=\"http:\/\/projetocineb.com.br\/wp-content\/uploads\/2018\/09\/DSC00946.jpg\"><img fetchpriority=\"high\" decoding=\"async\" class=\"size-full wp-image-11090\" src=\"http:\/\/projetocineb.com.br\/wp-content\/uploads\/2018\/09\/DSC00946.jpg\" alt=\"\" width=\"828\" height=\"552\" \/><\/a><figcaption id=\"caption-attachment-11090\" class=\"wp-caption-text\">No CineB Solar a pipoca \u00e9 por nossa conta.<\/figcaption><\/figure>\n<p>O Sal\u00e3o da Par\u00f3quia S\u00e3o Jos\u00e9 do Jaguar\u00e9, localizado na Zona Oeste de S\u00e3o Paulo, foi um dos primeiros lugares a receber uma sess\u00e3o do CineB h\u00e1 mais de 11 anos. Desde ent\u00e3o, foram 13 sess\u00f5es no local, e na \u00faltima quinta-feira, 13\/9, foi a primeira vez que o CineB Solar esteve no local. A novidade, para os moradores do Jaguar\u00e9, \u00e9 que agora o projeto dispensa o uso de energia el\u00e9trica porque utiliza somente a energia solar para exibir os filmes. Uma van adaptada com placas fotovoltaicas sobre o teto, conversores e baterias transformam a energia do sol captada durante o dia em energia el\u00e9trica para fazer funcionar todo o sistema de imagem e som e ilumina\u00e7\u00e3o \u00e0 noite. Na sess\u00e3o, a van ficou ao lado do tel\u00e3o e o sistema foi apresentado ao p\u00fablico, que pode entrar na van e conhecer como tudo funciona.<\/p>\n<figure id=\"attachment_11091\" aria-describedby=\"caption-attachment-11091\" style=\"width: 825px\" class=\"wp-caption alignleft\"><a href=\"http:\/\/projetocineb.com.br\/wp-content\/uploads\/2018\/09\/DSC00961.jpg\"><img decoding=\"async\" class=\"size-full wp-image-11091\" src=\"http:\/\/projetocineb.com.br\/wp-content\/uploads\/2018\/09\/DSC00961.jpg\" alt=\"\" width=\"825\" height=\"552\" \/><\/a><figcaption id=\"caption-attachment-11091\" class=\"wp-caption-text\">O p\u00fablico conheceu como funciona o sistema da capta\u00e7\u00e3o de energia solar.<\/figcaption><\/figure>\n<p>E o p\u00fablico, de cerca de 200 pessoas, formado por frequentadores da par\u00f3quia, moradores da regi\u00e3o e sobretudo alunos do ensino m\u00e9dio da Escola Estadual Maria Eug\u00eania Martins, localizada a cerca de 100 metros de onde aconteceu a sess\u00e3o, acompanharam a \u00faltima exibi\u00e7\u00e3o do longa \u201cEncantados\u201d, de Tizuka Yamazaki. O longa conta a hist\u00f3ria de Zeneida (Carolina Oliveira) uma das filhas de um importante pol\u00edtico do Par\u00e1. Com mais dez irm\u00e3os, ela se destaca por seu jeito atrevido, perseverante e teimoso. Sensitiva, v\u00ea e escuta coisas que mais ningu\u00e9m enxerga ou ouve, e ap\u00f3s se mudar para a Ilha do Maraj\u00f3 fica encantada com Ant\u00f4nio (Thiago Martins), figura misteriosa que encontra nas andan\u00e7as pela propriedade da fam\u00edlia. A paix\u00e3o pelo estranho e a intimidade com a natureza n\u00e3o s\u00e3o vistas com bons olhos por seus pais e a rebelde jovem passa a enfrentar um grande conflito dentro de casa ao ser considerada lun\u00e1tica.<\/p>\n<figure id=\"attachment_11094\" aria-describedby=\"caption-attachment-11094\" style=\"width: 828px\" class=\"wp-caption alignleft\"><a href=\"http:\/\/projetocineb.com.br\/wp-content\/uploads\/2018\/09\/DSC01003.jpg\"><img decoding=\"async\" class=\"size-full wp-image-11094\" src=\"http:\/\/projetocineb.com.br\/wp-content\/uploads\/2018\/09\/DSC01003.jpg\" alt=\"\" width=\"828\" height=\"552\" \/><\/a><figcaption id=\"caption-attachment-11094\" class=\"wp-caption-text\">Abertura oficial da sess\u00e3o com o p\u00e1roco Laudenir Barbosa e o coordenador do CineB Solar Cid\u00e1lio Vieira Santos.<\/figcaption><\/figure>\n<p>Para o padre Laudenir Ramos Barbosa, que h\u00e1 cinco meses est\u00e1 \u00e0 frente da par\u00f3quia, \u00e9 importante aproximar as manifesta\u00e7\u00f5es culturais brasileiras dos jovens. \u201cTemos que conhecer melhor a produ\u00e7\u00e3o brasileira\u201d, sugeriu. O padre substituiu seu antecessor, Roberto Grandmaison, que passou a cuidar das diversas obras sociais da par\u00f3quia. \u201cEu conheci o projeto atrav\u00e9s do Cid\u00e1lio [Vieira Santos, coordenador do CineB]. Eu pedi informa\u00e7\u00e3o para o padre Roberto, que falou muito bem do trabalho de voc\u00eas\u201d, completou Barbosa.<\/p>\n<p>Logo depois da exibi\u00e7\u00e3o do filme, os alunos participaram de um animado \u201cquiz\u201d com perguntas formuladas por uma banca de professores formada por JJ de biologia, Emanuel, de filosofia, Bianca de matem\u00e1tica e Luciene, de hist\u00f3ria. O aluno que acertasse a resposta, ganhava brindes como camisetas do CineB, potes de pipoca e at\u00e9 um chinelo modelo havaianas.<\/p>\n<figure id=\"attachment_11095\" aria-describedby=\"caption-attachment-11095\" style=\"width: 886px\" class=\"wp-caption alignleft\"><a href=\"http:\/\/projetocineb.com.br\/wp-content\/uploads\/2018\/09\/Jaguare_13SET2018_Quiz_alunos.jpg\"><img loading=\"lazy\" decoding=\"async\" class=\"size-full wp-image-11095\" src=\"http:\/\/projetocineb.com.br\/wp-content\/uploads\/2018\/09\/Jaguare_13SET2018_Quiz_alunos.jpg\" alt=\"\" width=\"886\" height=\"591\" \/><\/a><figcaption id=\"caption-attachment-11095\" class=\"wp-caption-text\">Professores da EE Maria Eug\u00eania, no alto, \u00e0 esquerda, fizeram uma s\u00e9rie de perguntas sobre o filme aos alunos.<\/figcaption><\/figure>\n<p>Edilaine Ferreira, aluna do segundo ano do ensino m\u00e9dio ganhou dois brindes: uma camiseta e um pote. \u201cAdorei o filme, porque mostrou muita coisa sobre o Brasil que a gente n\u00e3o conhecia. Eu, particularmente, nunca assisti um filme brasileiro t\u00e3o bom como esse\u201d, comemorou.<\/p>\n<p>Para a professora de hist\u00f3ria Luciene, a intera\u00e7\u00e3o dos alunos foi grande. \u201cTinham alguns que queriam ficar s\u00f3 no in\u00edcio, mas eles ficaram at\u00e9 o final. O filme foi uma aula de cultura brasileira\u201d, avalia.<br \/>\nO CineB Solar \u00e9 um circuito alternativo de exibi\u00e7\u00e3o que, desde 2007, leva cinema brasileiro para v\u00e1rias regi\u00f5es da cidade. O projeto, que agora passa a se chamar CineB Solar quando estiver nas comunidades, j\u00e1 contabiliza um p\u00fablico superior a 60 mil pessoas em mais de 480 sess\u00f5es gratuitas em comunidades, escolas e universidades de S\u00e3o Paulo. J\u00e1 foram exibidos na tela do CineB mais de 116 longas metragens e 73 curtas metragens.<\/p>\n\t\t\t\n\t\t\t<!-- Blueimp gallery -->\n\t\t\t<div id=\"blueimp-gallery\" class=\"blueimp-gallery blueimp-gallery-controls\">\n\t\t\t\t<div class=\"slides\"><\/div>\n\t\t\t\t<h3 class=\"title\"><\/h3>\n\t\t\t\t<a class=\"prev\">\u2039<\/a>\n\t\t\t\t<a class=\"next\">\u203a<\/a>\n\t\t\t\t<a class=\"close\">\u00d7<\/a>\n\t\t\t\t<a class=\"play-pause\"><\/a>\n\t\t\t\t<ol class=\"indicator\"><\/ol>\n\t\t\t\t<div class=\"modal fade\">\n\t\t\t\t\t<div class=\"modal-dialog\">\n\t\t\t\t\t\t<div class=\"modal-content\">\n\t\t\t\t\t\t\t<div class=\"modal-header\">\n\t\t\t\t\t\t\t\t<button type=\"button\" class=\"close\" aria-hidden=\"true\">&times;<\/button>\n\t\t\t\t\t\t\t\t<h4 class=\"modal-title\"><\/h4>\n\t\t\t\t\t\t\t<\/div>\n\t\t\t\t\t\t\t<div class=\"modal-body next\"><\/div>\n\t\t\t\t\t\t\t<div class=\"modal-footer\">\n\t\t\t\t\t\t\t\t<button type=\"button\" class=\"btn btn-default pull-left prev\">\n\t\t\t\t\t\t\t\t\t<i class=\"glyphicon glyphicon-chevron-left\"><\/i>\n\t\t\t\t\t\t\t\t\tPrevious\t\t\t\t\t\t\t\t<\/button>\n\t\t\t\t\t\t\t\t<button type=\"button\" class=\"btn btn-primary next\">\n\t\t\t\t\t\t\t\t\tNext\t\t\t\t\t\t\t\t\t<i class=\"glyphicon glyphicon-chevron-right\"><\/i>\n\t\t\t\t\t\t\t\t<\/button>\n\t\t\t\t\t\t\t<\/div>\n\t\t\t\t\t\t<\/div>\n\t\t\t\t\t<\/div>\n\t\t\t\t<\/div>\n\t\t\t<\/div>\n\t\t\t<script type=\"text\/javascript\">\n\t\t\tjQuery(function() {\n\t\t\t\t\/\/ Set blueimp gallery options\n\t\t\t\tjQuery.extend(blueimp.Gallery.prototype.options, {\n\t\t\t\t\tuseBootstrapModal: false,\n\t\t\t\t\thidePageScrollbars: false\n\t\t\t\t});\n\t\t\t});\n\t\t\t<\/script>\n\t\t\t\n","protected":false},"excerpt":{"rendered":"<p>O filme dirigido pela cineasta Tizuka Yamazaki, exibido em cinco sess\u00f5es no CineB, encerrou sua temporada, no dia 13\/9, no[&#8230;]<\/p>\n","protected":false},"author":3,"featured_media":11155,"comment_status":"open","ping_status":"open","sticky":false,"template":"","format":"standard","meta":[],"categories":[2,6],"tags":[154,237,255,436,463,937,1133,1164],"_links":{"self":[{"href":"https:\/\/projetocineb.com.br\/index.php?rest_route=\/wp\/v2\/posts\/11088"}],"collection":[{"href":"https:\/\/projetocineb.com.br\/index.php?rest_route=\/wp\/v2\/posts"}],"about":[{"href":"https:\/\/projetocineb.com.br\/index.php?rest_route=\/wp\/v2\/types\/post"}],"author":[{"embeddable":true,"href":"https:\/\/projetocineb.com.br\/index.php?rest_route=\/wp\/v2\/users\/3"}],"replies":[{"embeddable":true,"href":"https:\/\/projetocineb.com.br\/index.php?rest_route=%2Fwp%2Fv2%2Fcomments&post=11088"}],"version-history":[{"count":0,"href":"https:\/\/projetocineb.com.br\/index.php?rest_route=\/wp\/v2\/posts\/11088\/revisions"}],"wp:featuredmedia":[{"embeddable":true,"href":"https:\/\/projetocineb.com.br\/index.php?rest_route=\/wp\/v2\/media\/11155"}],"wp:attachment":[{"href":"https:\/\/projetocineb.com.br\/index.php?rest_route=%2Fwp%2Fv2%2Fmedia&parent=11088"}],"wp:term":[{"taxonomy":"category","embeddable":true,"href":"https:\/\/projetocineb.com.br\/index.php?rest_route=%2Fwp%2Fv2%2Fcategories&post=11088"},{"taxonomy":"post_tag","embeddable":true,"href":"https:\/\/projetocineb.com.br\/index.php?rest_route=%2Fwp%2Fv2%2Ftags&post=11088"}],"curies":[{"name":"wp","href":"https:\/\/api.w.org\/{rel}","templated":true}]}}