{"id":11103,"date":"2018-09-29T14:38:19","date_gmt":"2018-09-29T17:38:19","guid":{"rendered":"http:\/\/projetocineb.com.br\/?p=11103"},"modified":"2018-09-29T14:38:19","modified_gmt":"2018-09-29T17:38:19","slug":"nota-de-falecimento","status":"publish","type":"post","link":"https:\/\/projetocineb.com.br\/?p=11103","title":{"rendered":"Nota de falecimento"},"content":{"rendered":"<p>A produ\u00e7\u00e3o do CineB informa que faleceu, na madrugada da sexta-feira, dia 28\/9\/2018, a l\u00edder comunit\u00e1ria Maria dos Reis Ara\u00fajo, conhecida como Santinha, moradora do Jardim Santa F\u00e9, regi\u00e3o do Graja\u00fa, Zona Sul de S\u00e3o Paulo.<\/p>\n<p>Santinha, que era dom\u00e9stica em casa de fam\u00edlia, atuava na comunidade por melhorias no bairro. No dia 8 de setembro, o CineB Solar esteve na Quadra Esportiva do Jardim Santa F\u00e9, localizado em frente \u00e0 casa de Santinha para uma sess\u00e3o a c\u00e9u aberto. Ela vinha lutando para que a quadra recebesse investimentos da Sub-prefeitura como a cobertura e a constru\u00e7\u00e3o de salas para a realiza\u00e7\u00e3o de atividades de cultura e lazer com crian\u00e7as, adolescentes e idosos. \u201cA gente quer fazer um projeto para melhorar o bairro porque aqui n\u00e3o tem nada\u201d, revelou, ao final da sess\u00e3o do CineB Solar. Santinha faleceu por conta de complica\u00e7\u00f5es ap\u00f3s uma cirurgia. Deixa filhos e netos.<\/p>\n<figure id=\"attachment_11104\" aria-describedby=\"caption-attachment-11104\" style=\"width: 831px\" class=\"wp-caption alignleft\"><a href=\"http:\/\/projetocineb.com.br\/wp-content\/uploads\/2018\/09\/DSC_0033.jpg\"><img fetchpriority=\"high\" decoding=\"async\" class=\"size-full wp-image-11104\" src=\"http:\/\/projetocineb.com.br\/wp-content\/uploads\/2018\/09\/DSC_0033.jpg\" alt=\"\" width=\"831\" height=\"552\" \/><\/a><figcaption id=\"caption-attachment-11104\" class=\"wp-caption-text\">Santinha na abertura da sess\u00e3o do dia 08\/09, ao lado do coordenador do CineB Solar, Cid\u00e1lio Vieira Santos.<\/figcaption><\/figure>\n","protected":false},"excerpt":{"rendered":"<p>A produ\u00e7\u00e3o do CineB informa que faleceu, na madrugada da sexta-feira, dia 28\/9\/2018, a l\u00edder comunit\u00e1ria Maria dos Reis Ara\u00fajo,[&#8230;]<\/p>\n","protected":false},"author":3,"featured_media":11108,"comment_status":"open","ping_status":"open","sticky":false,"template":"","format":"standard","meta":[],"categories":[2,6],"tags":[252,255,577,694,793,1088],"_links":{"self":[{"href":"https:\/\/projetocineb.com.br\/index.php?rest_route=\/wp\/v2\/posts\/11103"}],"collection":[{"href":"https:\/\/projetocineb.com.br\/index.php?rest_route=\/wp\/v2\/posts"}],"about":[{"href":"https:\/\/projetocineb.com.br\/index.php?rest_route=\/wp\/v2\/types\/post"}],"author":[{"embeddable":true,"href":"https:\/\/projetocineb.com.br\/index.php?rest_route=\/wp\/v2\/users\/3"}],"replies":[{"embeddable":true,"href":"https:\/\/projetocineb.com.br\/index.php?rest_route=%2Fwp%2Fv2%2Fcomments&post=11103"}],"version-history":[{"count":0,"href":"https:\/\/projetocineb.com.br\/index.php?rest_route=\/wp\/v2\/posts\/11103\/revisions"}],"wp:featuredmedia":[{"embeddable":true,"href":"https:\/\/projetocineb.com.br\/index.php?rest_route=\/wp\/v2\/media\/11108"}],"wp:attachment":[{"href":"https:\/\/projetocineb.com.br\/index.php?rest_route=%2Fwp%2Fv2%2Fmedia&parent=11103"}],"wp:term":[{"taxonomy":"category","embeddable":true,"href":"https:\/\/projetocineb.com.br\/index.php?rest_route=%2Fwp%2Fv2%2Fcategories&post=11103"},{"taxonomy":"post_tag","embeddable":true,"href":"https:\/\/projetocineb.com.br\/index.php?rest_route=%2Fwp%2Fv2%2Ftags&post=11103"}],"curies":[{"name":"wp","href":"https:\/\/api.w.org\/{rel}","templated":true}]}}