{"id":11109,"date":"2018-10-02T13:45:20","date_gmt":"2018-10-02T16:45:20","guid":{"rendered":"http:\/\/projetocineb.com.br\/?p=11109"},"modified":"2018-10-02T13:45:20","modified_gmt":"2018-10-02T16:45:20","slug":"cine-b-na-associacao-auriverde","status":"publish","type":"post","link":"https:\/\/projetocineb.com.br\/?p=11109","title":{"rendered":"Cine B na Associa\u00e7\u00e3o Auriverde"},"content":{"rendered":"<p><em>Entidade localizada na Zona Sul da capital recebeu o projeto pela primeira vez no \u00faltimo s\u00e1bado, 22\/9, para a exibi\u00e7\u00e3o da anima\u00e7\u00e3o brasileira \u201cHistorietas Assombradas \u2013 O Filme\u201d, de Vitor-Hugo Borges.<\/em><\/p>\n<figure id=\"attachment_11111\" aria-describedby=\"caption-attachment-11111\" style=\"width: 831px\" class=\"wp-caption alignleft\"><a href=\"http:\/\/projetocineb.com.br\/wp-content\/uploads\/2018\/10\/DSC_0003.jpg\"><img fetchpriority=\"high\" decoding=\"async\" class=\"size-full wp-image-11111\" src=\"http:\/\/projetocineb.com.br\/wp-content\/uploads\/2018\/10\/DSC_0003.jpg\" alt=\"\" width=\"831\" height=\"552\" \/><\/a><figcaption id=\"caption-attachment-11111\" class=\"wp-caption-text\">A pipoca \u00e9 por nossa conta!<\/figcaption><\/figure>\n<p>O Cine B tem circulado por muitos bairros da cidade de S\u00e3o Paulo desde sua cria\u00e7\u00e3o h\u00e1 11 anos, e mais uma vez chegou em uma nova comunidade: a Associa\u00e7\u00e3o Comunit\u00e1ria Auriverde, localizada no Jardim Varginha na Zona Sul. A entidade, criada em 1992 para defender a luta por moradia, hoje \u00e9 refer\u00eancia na \u00e1rea de educa\u00e7\u00e3o, pois administra seis Centros Educacionais Infantis (CEIs) que atendem crian\u00e7as de 0 a 4 anos, e um Centro para Crian\u00e7a e Adolescentes (CCA) com idade entre 6 e 14 anos, focado no contraturno escolar. Ambos os servi\u00e7os funcionam por conta de parceria com a secretaria de Educa\u00e7\u00e3o da prefeitura.<\/p>\n<p>A sede da entidade, onde todo o trabalho comunit\u00e1rio come\u00e7ou e segundo Vera L\u00facia dos Santos, l\u00edder comunit\u00e1ria e fundadora da Auriverde, j\u00e1 foi uma escola infantil, hoje \u00e9 um espa\u00e7o aberto para a comunidade. \u201cAqui tem aula de capoeira, de zumba, aula de grafite e at\u00e9 um est\u00fadio aberto para a comunidade\u201d, explica.<\/p>\n<figure id=\"attachment_11112\" aria-describedby=\"caption-attachment-11112\" style=\"width: 831px\" class=\"wp-caption alignleft\"><a href=\"http:\/\/projetocineb.com.br\/wp-content\/uploads\/2018\/10\/DSC_0016.jpg\"><img decoding=\"async\" class=\"size-full wp-image-11112\" src=\"http:\/\/projetocineb.com.br\/wp-content\/uploads\/2018\/10\/DSC_0016.jpg\" alt=\"\" width=\"831\" height=\"552\" \/><\/a><figcaption id=\"caption-attachment-11112\" class=\"wp-caption-text\">Cid\u00e1lio Vieira Santos, coordenador do Cine B e Vera L\u00facia dos Santos, fundadora da Associa\u00e7\u00e3o Auriverde.<\/figcaption><\/figure>\n<p>O filme exibido foi \u201cHistorietas Assombradas \u2013 O Filme\u201d, de Vitor-Hugo Borges. No longa, Pepe \u00e9 uma crian\u00e7a que vive com a av\u00f3, uma bruxa-empres\u00e1ria. Ao saber que foi adotado e que seus pais est\u00e3o vivos, ele parte em uma aventura para encontr\u00e1-los. O menino atrai a aten\u00e7\u00e3o de Edmundo, um vil\u00e3o biomec\u00e2nico que precisa da energia de crian\u00e7as para se tornar imortal, que rapta a av\u00f3 de Pepe. Desta forma, o garoto e seus amigos precisam resgat\u00e1-la o quanto antes, ao mesmo tempo em que Pepe busca solucionar o mist\u00e9rio do desaparecimento de seus pais.<\/p>\n<p>Ao final da sess\u00e3o, o coordenador do Cine B, Cid\u00e1lio Vieira Santos, fez uma brincadeira universidades de S\u00e3o Paulo. J\u00e1 foram exibidos na tela do CineB mais de 116 longas metragens e 73 curtas metragens com as crian\u00e7as que assistiram ao filme, e distribuiu brindes para quem acertou perguntas formuladas pela produ\u00e7\u00e3o sobre a anima\u00e7\u00e3o.<\/p>\n<figure id=\"attachment_11113\" aria-describedby=\"caption-attachment-11113\" style=\"width: 831px\" class=\"wp-caption alignleft\"><a href=\"http:\/\/projetocineb.com.br\/wp-content\/uploads\/2018\/10\/DSC_0054.jpg\"><img decoding=\"async\" class=\"size-full wp-image-11113\" src=\"http:\/\/projetocineb.com.br\/wp-content\/uploads\/2018\/10\/DSC_0054.jpg\" alt=\"\" width=\"831\" height=\"552\" \/><\/a><figcaption id=\"caption-attachment-11113\" class=\"wp-caption-text\">Brindes foram distribu\u00eddos para quem acertou as perguntas sobre os filmes.<\/figcaption><\/figure>\n<p>O Cine B \u00e9 um circuito alternativo de exibi\u00e7\u00e3o que, desde 2007, leva cinema brasileiro para v\u00e1rias regi\u00f5es da cidade. O projeto, que agora passa a se chamar Cine B quando estiver nas comunidades, j\u00e1 contabiliza um p\u00fablico superior a\u00a060 mil\u00a0pessoas em\u00a0mais de 480 sess\u00f5es gratuitas em comunidades, escolas e universidades de S\u00e3o Paulo. J\u00e1 foram exibidos na tela do Cine B mais de 116 longas metragens e 73 curtas metragens.<\/p>\n\t\t\t\n\t\t\t<!-- Blueimp gallery -->\n\t\t\t<div id=\"blueimp-gallery\" class=\"blueimp-gallery blueimp-gallery-controls\">\n\t\t\t\t<div class=\"slides\"><\/div>\n\t\t\t\t<h3 class=\"title\"><\/h3>\n\t\t\t\t<a class=\"prev\">\u2039<\/a>\n\t\t\t\t<a class=\"next\">\u203a<\/a>\n\t\t\t\t<a class=\"close\">\u00d7<\/a>\n\t\t\t\t<a class=\"play-pause\"><\/a>\n\t\t\t\t<ol class=\"indicator\"><\/ol>\n\t\t\t\t<div class=\"modal fade\">\n\t\t\t\t\t<div class=\"modal-dialog\">\n\t\t\t\t\t\t<div class=\"modal-content\">\n\t\t\t\t\t\t\t<div class=\"modal-header\">\n\t\t\t\t\t\t\t\t<button type=\"button\" class=\"close\" aria-hidden=\"true\">&times;<\/button>\n\t\t\t\t\t\t\t\t<h4 class=\"modal-title\"><\/h4>\n\t\t\t\t\t\t\t<\/div>\n\t\t\t\t\t\t\t<div class=\"modal-body next\"><\/div>\n\t\t\t\t\t\t\t<div class=\"modal-footer\">\n\t\t\t\t\t\t\t\t<button type=\"button\" class=\"btn btn-default pull-left prev\">\n\t\t\t\t\t\t\t\t\t<i class=\"glyphicon glyphicon-chevron-left\"><\/i>\n\t\t\t\t\t\t\t\t\tPrevious\t\t\t\t\t\t\t\t<\/button>\n\t\t\t\t\t\t\t\t<button type=\"button\" class=\"btn btn-primary next\">\n\t\t\t\t\t\t\t\t\tNext\t\t\t\t\t\t\t\t\t<i class=\"glyphicon glyphicon-chevron-right\"><\/i>\n\t\t\t\t\t\t\t\t<\/button>\n\t\t\t\t\t\t\t<\/div>\n\t\t\t\t\t\t<\/div>\n\t\t\t\t\t<\/div>\n\t\t\t\t<\/div>\n\t\t\t<\/div>\n\t\t\t<script type=\"text\/javascript\">\n\t\t\tjQuery(function() {\n\t\t\t\t\/\/ Set blueimp gallery options\n\t\t\t\tjQuery.extend(blueimp.Gallery.prototype.options, {\n\t\t\t\t\tuseBootstrapModal: false,\n\t\t\t\t\thidePageScrollbars: false\n\t\t\t\t});\n\t\t\t});\n\t\t\t<\/script>\n\t\t\t\n","protected":false},"excerpt":{"rendered":"<p>Entidade localizada na Zona Sul da capital recebeu o projeto pela primeira vez no \u00faltimo s\u00e1bado, 22\/9, para a exibi\u00e7\u00e3o[&#8230;]<\/p>\n","protected":false},"author":3,"featured_media":11110,"comment_status":"open","ping_status":"open","sticky":false,"template":"","format":"standard","meta":[],"categories":[2,6],"tags":[104,237,252,607,1133,1208,1234],"_links":{"self":[{"href":"https:\/\/projetocineb.com.br\/index.php?rest_route=\/wp\/v2\/posts\/11109"}],"collection":[{"href":"https:\/\/projetocineb.com.br\/index.php?rest_route=\/wp\/v2\/posts"}],"about":[{"href":"https:\/\/projetocineb.com.br\/index.php?rest_route=\/wp\/v2\/types\/post"}],"author":[{"embeddable":true,"href":"https:\/\/projetocineb.com.br\/index.php?rest_route=\/wp\/v2\/users\/3"}],"replies":[{"embeddable":true,"href":"https:\/\/projetocineb.com.br\/index.php?rest_route=%2Fwp%2Fv2%2Fcomments&post=11109"}],"version-history":[{"count":0,"href":"https:\/\/projetocineb.com.br\/index.php?rest_route=\/wp\/v2\/posts\/11109\/revisions"}],"wp:featuredmedia":[{"embeddable":true,"href":"https:\/\/projetocineb.com.br\/index.php?rest_route=\/wp\/v2\/media\/11110"}],"wp:attachment":[{"href":"https:\/\/projetocineb.com.br\/index.php?rest_route=%2Fwp%2Fv2%2Fmedia&parent=11109"}],"wp:term":[{"taxonomy":"category","embeddable":true,"href":"https:\/\/projetocineb.com.br\/index.php?rest_route=%2Fwp%2Fv2%2Fcategories&post=11109"},{"taxonomy":"post_tag","embeddable":true,"href":"https:\/\/projetocineb.com.br\/index.php?rest_route=%2Fwp%2Fv2%2Ftags&post=11109"}],"curies":[{"name":"wp","href":"https:\/\/api.w.org\/{rel}","templated":true}]}}