{"id":11117,"date":"2018-10-04T12:06:39","date_gmt":"2018-10-04T15:06:39","guid":{"rendered":"http:\/\/projetocineb.com.br\/?p=11117"},"modified":"2018-10-04T12:06:39","modified_gmt":"2018-10-04T15:06:39","slug":"cinema-na-rampa","status":"publish","type":"post","link":"https:\/\/projetocineb.com.br\/?p=11117","title":{"rendered":"Rampa de acesso na CEI S\u00e3o Jos\u00e9 vira sala de cinema"},"content":{"rendered":"<p><em>Por conta da chuva, a estreia do longa-metragem \u201cMade in China\u201d, com Regina Cas\u00e9, aconteceu na rampa de acesso da CEI da Associa\u00e7\u00e3o SSJ S\u00e3o Jos\u00e9, na Zona Sul da capital, na \u00faltima sexta-feira, 28\/9.<\/em><\/p>\n<figure id=\"attachment_11119\" aria-describedby=\"caption-attachment-11119\" style=\"width: 831px\" class=\"wp-caption aligncenter\"><a href=\"http:\/\/projetocineb.com.br\/wp-content\/uploads\/2018\/10\/DSC_0444.jpg\"><img fetchpriority=\"high\" decoding=\"async\" class=\"size-full wp-image-11119\" src=\"http:\/\/projetocineb.com.br\/wp-content\/uploads\/2018\/10\/DSC_0444.jpg\" alt=\"\" width=\"831\" height=\"552\" \/><\/a><figcaption id=\"caption-attachment-11119\" class=\"wp-caption-text\">A rampa de acesso da escola se tornou uma sala de cinema.<\/figcaption><\/figure>\n<p>O Cine B Solar organizou uma exibi\u00e7\u00e3o diferente na \u00faltima sexta-feira, 28\/9, na Associa\u00e7\u00e3o SSJ S\u00e3o Jos\u00e9, localizada na Cidade Ademar, Zona Sul de S\u00e3o Paulo. Por conta da forte chuva que caiu no in\u00edcio da noite, a sess\u00e3o, que estava prevista para acontecer na \u00e1rea de lazer da entidade, a c\u00e9u aberto, foi transferida para uma rampa coberta que d\u00e1 acesso ao pr\u00e9dio do Centro Educacional Infantil (CEI), que atende crian\u00e7as de 0 a 4 anos.<\/p>\n<p>Com a chuva que interrompeu a montagem da sess\u00e3o, a produ\u00e7\u00e3o do Cine B Solar improvisou, rapidamente, um novo espa\u00e7o que acomodou cerca de 100 pessoas, distribu\u00eddas na rampa de acesso, sagu\u00e3o e no refeit\u00f3rio da escola, de onde era poss\u00edvel acompanhar a exibi\u00e7\u00e3o atrav\u00e9s das janelas do pr\u00e9dio. Foi a primeira vez que o espa\u00e7o recebeu o projeto e segundo sua diretora, a educadora Nerize Angelina Lopes, \u201ctodos foram bem acolhidos e assistiram uma bela com\u00e9dia\u201d, comentou.<br \/>\nNerize conta que a creche funciona desde 2002, antes mesmo de ter conv\u00eanio com a prefeitura. \u201cA creche era mantida atrav\u00e9s de doa\u00e7\u00f5es\u201d, relembra. Com o passar dos anos, a Associa\u00e7\u00e3o SSJ S\u00e3o Jos\u00e9 cresceu e deu in\u00edcio a outra entidade, a Associa\u00e7\u00e3o Nosso Caminho, que atualmente administra sete unidades de educa\u00e7\u00e3o infantil em conv\u00eanio com a prefeitura. \u201cHoje a gente atende 2.400 crian\u00e7as e temos mais de 300 funcion\u00e1rios\u201d, destaca.<\/p>\n<figure id=\"attachment_11121\" aria-describedby=\"caption-attachment-11121\" style=\"width: 831px\" class=\"wp-caption alignleft\"><a href=\"http:\/\/projetocineb.com.br\/wp-content\/uploads\/2018\/10\/DSC_0485.jpg\"><img decoding=\"async\" class=\"size-full wp-image-11121\" src=\"http:\/\/projetocineb.com.br\/wp-content\/uploads\/2018\/10\/DSC_0485.jpg\" alt=\"\" width=\"831\" height=\"552\" \/><\/a><figcaption id=\"caption-attachment-11121\" class=\"wp-caption-text\">Nerize Angelina Lopes, Cid\u00e1lio Vieira Santos, S\u00e9tima Ara\u00fajo e Luiz Claudio Marcolino.<\/figcaption><\/figure>\n<p>O filme em cartaz agradou muito quem foi at\u00e9 a escola. A com\u00e9dia, lan\u00e7ada em 2014, \u00e9 estrelada por Regina Cas\u00e9, Juliana Alves, Luis Lobianco e Xande de Pilares, que exploram com muito humor a disputa pelos consumidores do Saara, espa\u00e7o comercial do centro do Rio de Janeiro. Francis (Cas\u00e9) decide investigar como os chineses conseguem vender t\u00e3o barato, enquanto seu namorado se encanta pela chinesinha filha do dono. A dire\u00e7\u00e3o \u00e9 de Estev\u00e3o Ciavatta.<\/p>\n<p>Na abertura oficial da sess\u00e3o, al\u00e9m de Nerize e do coordenador do CineB Solar, Cid\u00e1lio Vieira Santos, marcaram presen\u00e7a a pedagoga e fundadora da Associa\u00e7\u00e3o Nosso Caminho, S\u00e9tima Ara\u00fajo, e Luiz Claudio Marcolino, idealizador do projeto Cine B quando era presidente do Sindicato dos Banc\u00e1rios de S\u00e3o Paulo, Osasco e Regi\u00e3o.<\/p>\n<figure id=\"attachment_11120\" aria-describedby=\"caption-attachment-11120\" style=\"width: 831px\" class=\"wp-caption alignleft\"><a href=\"http:\/\/projetocineb.com.br\/wp-content\/uploads\/2018\/10\/DSC_0510.jpg\"><img decoding=\"async\" class=\"size-full wp-image-11120\" src=\"http:\/\/projetocineb.com.br\/wp-content\/uploads\/2018\/10\/DSC_0510.jpg\" alt=\"\" width=\"831\" height=\"552\" \/><\/a><figcaption id=\"caption-attachment-11120\" class=\"wp-caption-text\">O p\u00fablico acompanhou a sess\u00e3o atrav\u00e9s da janela.<\/figcaption><\/figure>\n<p>Ana Maria da Silva, aposentada e moradora do bairro, era uma das que mais se divertiram com a com\u00e9dia. \u201cAdoro a Regina Cas\u00e9\u201d, confessou. Ficou o tempo todo sentado na mureta da rampa acompanhada da filha e da neta.<\/p>\n<p>J\u00e1 Maria Cristina, que trabalha com limpeza, diz que \u00e9 f\u00e3 de filmes brasileiros. \u201cCostumo ir no cinema, levo minha filha, meu filho tamb\u00e9m vai, mas assistir um filme perto de casa \u00e9 uma oportunidade \u00fanica, muito legal\u201d, comentou<\/p>\n<p>O CineB Solar \u00e9 um circuito alternativo de exibi\u00e7\u00e3o que, desde 2007, leva cinema brasileiro para v\u00e1rias regi\u00f5es da cidade. O projeto, que agora passa a se chamar CineB Solar quando estiver nas comunidades, j\u00e1 contabiliza um p\u00fablico superior a 60 mil pessoas em mais de 480 sess\u00f5es gratuitas em comunidades, escolas e universidades de S\u00e3o Paulo. J\u00e1 foram exibidos na tela do CineB mais de 116 longas metragens e 73 curtas metragens.<\/p>\n\t\t\t\n\t\t\t<!-- Blueimp gallery -->\n\t\t\t<div id=\"blueimp-gallery\" class=\"blueimp-gallery blueimp-gallery-controls\">\n\t\t\t\t<div class=\"slides\"><\/div>\n\t\t\t\t<h3 class=\"title\"><\/h3>\n\t\t\t\t<a class=\"prev\">\u2039<\/a>\n\t\t\t\t<a class=\"next\">\u203a<\/a>\n\t\t\t\t<a class=\"close\">\u00d7<\/a>\n\t\t\t\t<a class=\"play-pause\"><\/a>\n\t\t\t\t<ol class=\"indicator\"><\/ol>\n\t\t\t\t<div class=\"modal fade\">\n\t\t\t\t\t<div class=\"modal-dialog\">\n\t\t\t\t\t\t<div class=\"modal-content\">\n\t\t\t\t\t\t\t<div class=\"modal-header\">\n\t\t\t\t\t\t\t\t<button type=\"button\" class=\"close\" aria-hidden=\"true\">&times;<\/button>\n\t\t\t\t\t\t\t\t<h4 class=\"modal-title\"><\/h4>\n\t\t\t\t\t\t\t<\/div>\n\t\t\t\t\t\t\t<div class=\"modal-body next\"><\/div>\n\t\t\t\t\t\t\t<div class=\"modal-footer\">\n\t\t\t\t\t\t\t\t<button type=\"button\" class=\"btn btn-default pull-left prev\">\n\t\t\t\t\t\t\t\t\t<i class=\"glyphicon glyphicon-chevron-left\"><\/i>\n\t\t\t\t\t\t\t\t\tPrevious\t\t\t\t\t\t\t\t<\/button>\n\t\t\t\t\t\t\t\t<button type=\"button\" class=\"btn btn-primary next\">\n\t\t\t\t\t\t\t\t\tNext\t\t\t\t\t\t\t\t\t<i class=\"glyphicon glyphicon-chevron-right\"><\/i>\n\t\t\t\t\t\t\t\t<\/button>\n\t\t\t\t\t\t\t<\/div>\n\t\t\t\t\t\t<\/div>\n\t\t\t\t\t<\/div>\n\t\t\t\t<\/div>\n\t\t\t<\/div>\n\t\t\t<script type=\"text\/javascript\">\n\t\t\tjQuery(function() {\n\t\t\t\t\/\/ Set blueimp gallery options\n\t\t\t\tjQuery.extend(blueimp.Gallery.prototype.options, {\n\t\t\t\t\tuseBootstrapModal: false,\n\t\t\t\t\thidePageScrollbars: false\n\t\t\t\t});\n\t\t\t});\n\t\t\t<\/script>\n\t\t\t\n","protected":false},"excerpt":{"rendered":"<p>Por conta da chuva, a estreia do longa-metragem \u201cMade in China\u201d, com Regina Cas\u00e9, aconteceu na rampa de acesso da[&#8230;]<\/p>\n","protected":false},"author":3,"featured_media":11137,"comment_status":"open","ping_status":"open","sticky":false,"template":"","format":"standard","meta":[],"categories":[2,6],"tags":[116,118,154,237,255,488,760,773,848,897,1044,1115,1132],"_links":{"self":[{"href":"https:\/\/projetocineb.com.br\/index.php?rest_route=\/wp\/v2\/posts\/11117"}],"collection":[{"href":"https:\/\/projetocineb.com.br\/index.php?rest_route=\/wp\/v2\/posts"}],"about":[{"href":"https:\/\/projetocineb.com.br\/index.php?rest_route=\/wp\/v2\/types\/post"}],"author":[{"embeddable":true,"href":"https:\/\/projetocineb.com.br\/index.php?rest_route=\/wp\/v2\/users\/3"}],"replies":[{"embeddable":true,"href":"https:\/\/projetocineb.com.br\/index.php?rest_route=%2Fwp%2Fv2%2Fcomments&post=11117"}],"version-history":[{"count":0,"href":"https:\/\/projetocineb.com.br\/index.php?rest_route=\/wp\/v2\/posts\/11117\/revisions"}],"wp:featuredmedia":[{"embeddable":true,"href":"https:\/\/projetocineb.com.br\/index.php?rest_route=\/wp\/v2\/media\/11137"}],"wp:attachment":[{"href":"https:\/\/projetocineb.com.br\/index.php?rest_route=%2Fwp%2Fv2%2Fmedia&parent=11117"}],"wp:term":[{"taxonomy":"category","embeddable":true,"href":"https:\/\/projetocineb.com.br\/index.php?rest_route=%2Fwp%2Fv2%2Fcategories&post=11117"},{"taxonomy":"post_tag","embeddable":true,"href":"https:\/\/projetocineb.com.br\/index.php?rest_route=%2Fwp%2Fv2%2Ftags&post=11117"}],"curies":[{"name":"wp","href":"https:\/\/api.w.org\/{rel}","templated":true}]}}