{"id":11123,"date":"2018-10-04T12:39:14","date_gmt":"2018-10-04T15:39:14","guid":{"rendered":"http:\/\/projetocineb.com.br\/?p=11123"},"modified":"2018-10-04T12:39:14","modified_gmt":"2018-10-04T15:39:14","slug":"cine-b-solar-no-city-jaragua","status":"publish","type":"post","link":"https:\/\/projetocineb.com.br\/?p=11123","title":{"rendered":"Cine B Solar no City Jaragu\u00e1"},"content":{"rendered":"<p><em>Cine B Solar exibe \u201cHistorietas Assombradas \u2013 O Filme\u201d, e re\u00fane moradores no campo de futebol do Conjunto Habitacional City Jaragu\u00e1, Zona Norte da capital no \u00faltimo s\u00e1bado, 29\/09.<\/em><\/p>\n<figure id=\"attachment_11126\" aria-describedby=\"caption-attachment-11126\" style=\"width: 831px\" class=\"wp-caption alignleft\"><a href=\"http:\/\/projetocineb.com.br\/wp-content\/uploads\/2018\/10\/DSC_0586.jpg\"><img fetchpriority=\"high\" decoding=\"async\" class=\"size-full wp-image-11126\" src=\"http:\/\/projetocineb.com.br\/wp-content\/uploads\/2018\/10\/DSC_0586.jpg\" alt=\"\" width=\"831\" height=\"552\" \/><\/a><figcaption id=\"caption-attachment-11126\" class=\"wp-caption-text\">Antes de come\u00e7ar a sess\u00e3o, perguntas sobre o cinema brasileiro.<\/figcaption><\/figure>\n<p>No s\u00e1bado, 29\/9, mesmo dia que aconteceram as manifesta\u00e7\u00f5es contra Bolsonaro em todo o pa\u00eds, o Cine B Solar organizou uma sess\u00e3o especial no campo de futebol em frente \u00e0 escola City 4, localizado no Conjunto Habitacional City Jaragu\u00e1, Zona Norte de S\u00e3o Paulo, e exibiu uma anima\u00e7\u00e3o brasileira: \u201cHistorietas Assobradas \u2013 O Filme\u201d, de Vitor-Hugo Borges.<\/p>\n<p>O diretor j\u00e1 teve \u201cHistorietas Assombradas para Crian\u00e7as Mal-criadas\u201d inclu\u00eddo no segundo CD de curtas-metragens do selo CineB do cinema brasileiro e depois viu seu trabalho virar uma s\u00e9rie do canal Cartoon Network. No longa, Pepe \u00e9 uma crian\u00e7a que vive com a av\u00f3, uma bruxa-empres\u00e1ria. Ao saber que foi adotado e que seus pais est\u00e3o vivos, ele parte em uma aventura para encontr\u00e1-los. O menino atrai a aten\u00e7\u00e3o de Edmundo, um vil\u00e3o biomec\u00e2nico que precisa da energia de crian\u00e7as para se tornar imortal, que rapta a av\u00f3 de Pepe. Desta forma, o garoto e seus amigos precisam resgat\u00e1-la o quanto antes, ao mesmo tempo em que Pepe busca solucionar o mist\u00e9rio do desaparecimento de seus pais.<\/p>\n<figure id=\"attachment_11127\" aria-describedby=\"caption-attachment-11127\" style=\"width: 831px\" class=\"wp-caption alignleft\"><a href=\"http:\/\/projetocineb.com.br\/wp-content\/uploads\/2018\/10\/DSC_0610.jpg\"><img decoding=\"async\" class=\"size-full wp-image-11127\" src=\"http:\/\/projetocineb.com.br\/wp-content\/uploads\/2018\/10\/DSC_0610.jpg\" alt=\"\" width=\"831\" height=\"552\" \/><\/a><figcaption id=\"caption-attachment-11127\" class=\"wp-caption-text\">Muitas crian\u00e7as e adolescentes acompanharam uma sess\u00e3o de cinema pela primeira vez.<\/figcaption><\/figure>\n<p>A organiza\u00e7\u00e3o de toda a atividade foi feita por Marli Siqueira, lideran\u00e7a comunit\u00e1ria, que est\u00e1 sempre envolvida nas lutas por melhorias para a comunidade. Ela conta que conheceu o projeto por meio de Luiz Claudio Marcolino, um dos idealizadores do Cine B quando era presidente do Sindicato dos Banc\u00e1rios de S\u00e3o Paulo, Osasco e Regi\u00e3o. Ela conta que os moradores do conjunto habitacional s\u00e3o provenientes de \u00e1reas de risco e o governo municipal deixa muito a desejar nas \u00e1reas de cutura. \u201cTem muita crian\u00e7a aqui no bairro, mas n\u00e3o existe nenhum tipo de atividade de cultura ou de lazer para nossos filhos\u201d, reclama.<\/p>\n<p>Enquanto a produ\u00e7\u00e3o montava o tel\u00e3o e as cadeiras, dezenas de pessoas se postaram ao lado do campo, esperando o momento para sentar. Em poucos minutos o espa\u00e7o ficou tomado por fam\u00edlias e sobretudo crian\u00e7as. O coordenador do Cine B, Cid\u00e1lio Vieira Santos, sorteou alguns brindes para o p\u00fablico antes da abertura oficial da sess\u00e3o e do in\u00edcio do filme.<\/p>\n<figure id=\"attachment_11128\" aria-describedby=\"caption-attachment-11128\" style=\"width: 831px\" class=\"wp-caption alignleft\"><a href=\"http:\/\/projetocineb.com.br\/wp-content\/uploads\/2018\/10\/DSC_0685.jpg\"><img decoding=\"async\" class=\"size-full wp-image-11128\" src=\"http:\/\/projetocineb.com.br\/wp-content\/uploads\/2018\/10\/DSC_0685.jpg\" alt=\"\" width=\"831\" height=\"552\" \/><\/a><figcaption id=\"caption-attachment-11128\" class=\"wp-caption-text\">Cid\u00e1lio Vieira Santos, coordenador do CineB Solar, Marli Siqueira lideran\u00e7a comunit\u00e1ria e colaboradoras.<\/figcaption><\/figure>\n<p>Ao final do filme, muitos elogios e pedidos de retorno. O casal Ervaldo e Mauriceia de Souza estavam acompanhados da filha Sara, de 1 ano e 9 meses elogiaram a iniciativa. \u201cMoro aqui h\u00e1 10 anos e a gente nunca viu nada parecido\u201d, comentou Mauriceia. Opini\u00e3o semelhante teve Lucas Henrique, que trabalha como porteiro e ficou de longe assistindo o filme. Para ele o projeto \u201c\u00e9 importante porque estimula as crian\u00e7as a pensar, a sair, a se desligar do celular e da internet\u201d, declarou.<\/p>\n<p>Para a auxiliar administrativa Solange Ferreira do Nascimento, que ajudou na organiza\u00e7\u00e3o do evento, a necessidade de cultura \u00e9 grande entre os moradores da regi\u00e3o: \u201ctem muita crian\u00e7a que nunca foi ao cinema. Hoje eu conheci v\u00e1rias que falaram \u2018tia, eu t\u00f4 sonhando porque eu nunca fui ao cinema\u2019. Isso me deixou tocada, e hoje eles tiveram a oportunidade de vir ao cinema, comer pipoca. Estou feliz\u201d, confessou.<\/p>\n<figure id=\"attachment_11129\" aria-describedby=\"caption-attachment-11129\" style=\"width: 831px\" class=\"wp-caption alignleft\"><a href=\"http:\/\/projetocineb.com.br\/wp-content\/uploads\/2018\/10\/DSC_0737.jpg\"><img loading=\"lazy\" decoding=\"async\" class=\"size-full wp-image-11129\" src=\"http:\/\/projetocineb.com.br\/wp-content\/uploads\/2018\/10\/DSC_0737.jpg\" alt=\"\" width=\"831\" height=\"546\" \/><\/a><figcaption id=\"caption-attachment-11129\" class=\"wp-caption-text\">Foi o dia do #EleN\u00e3o!<\/figcaption><\/figure>\n<p>O depoimento de Solange confirmou-se poucos minutos depois, quando Fran Pereira, que trabalha com log\u00edstica, mora no City Jaragu\u00e1 h\u00e1 9 anos e \u00e9 m\u00e3e de tr\u00eas filhos pediu para falar com a reportagem para agradecer a organiza\u00e7\u00e3o da sess\u00e3o de cinema: \u201cEu estou aqui pelos meus tr\u00eas filhos e gostaria que acontecesse bem mais. Se \u00e9 legal para as crian\u00e7as, para mim tamb\u00e9m \u00e9. Tem dia que eu n\u00e3o tenho dinheiro para comprar uma pipoca, ent\u00e3o o que voc\u00eas fizeram foi importante para a gente. Parece nada, mas \u00e9\u201d, finaliza.<\/p>\n<p>O CineB Solar \u00e9 um circuito alternativo de exibi\u00e7\u00e3o que, desde 2007, leva cinema brasileiro para v\u00e1rias regi\u00f5es da cidade. O projeto, que agora passa a se chamar CineB Solar quando estiver nas comunidades, j\u00e1 contabiliza um p\u00fablico superior a 60 mil pessoas em mais de 480 sess\u00f5es gratuitas em comunidades, escolas e universidades de S\u00e3o Paulo. J\u00e1 foram exibidos na tela do CineB mais de 116 longas metragens e 73 curtas metragens.<\/p>\n\t\t\t\n\t\t\t<!-- Blueimp gallery -->\n\t\t\t<div id=\"blueimp-gallery\" class=\"blueimp-gallery blueimp-gallery-controls\">\n\t\t\t\t<div class=\"slides\"><\/div>\n\t\t\t\t<h3 class=\"title\"><\/h3>\n\t\t\t\t<a class=\"prev\">\u2039<\/a>\n\t\t\t\t<a class=\"next\">\u203a<\/a>\n\t\t\t\t<a class=\"close\">\u00d7<\/a>\n\t\t\t\t<a class=\"play-pause\"><\/a>\n\t\t\t\t<ol class=\"indicator\"><\/ol>\n\t\t\t\t<div class=\"modal fade\">\n\t\t\t\t\t<div class=\"modal-dialog\">\n\t\t\t\t\t\t<div class=\"modal-content\">\n\t\t\t\t\t\t\t<div class=\"modal-header\">\n\t\t\t\t\t\t\t\t<button type=\"button\" class=\"close\" aria-hidden=\"true\">&times;<\/button>\n\t\t\t\t\t\t\t\t<h4 class=\"modal-title\"><\/h4>\n\t\t\t\t\t\t\t<\/div>\n\t\t\t\t\t\t\t<div class=\"modal-body next\"><\/div>\n\t\t\t\t\t\t\t<div class=\"modal-footer\">\n\t\t\t\t\t\t\t\t<button type=\"button\" class=\"btn btn-default pull-left prev\">\n\t\t\t\t\t\t\t\t\t<i class=\"glyphicon glyphicon-chevron-left\"><\/i>\n\t\t\t\t\t\t\t\t\tPrevious\t\t\t\t\t\t\t\t<\/button>\n\t\t\t\t\t\t\t\t<button type=\"button\" class=\"btn btn-primary next\">\n\t\t\t\t\t\t\t\t\tNext\t\t\t\t\t\t\t\t\t<i class=\"glyphicon glyphicon-chevron-right\"><\/i>\n\t\t\t\t\t\t\t\t<\/button>\n\t\t\t\t\t\t\t<\/div>\n\t\t\t\t\t\t<\/div>\n\t\t\t\t\t<\/div>\n\t\t\t\t<\/div>\n\t\t\t<\/div>\n\t\t\t<script type=\"text\/javascript\">\n\t\t\tjQuery(function() {\n\t\t\t\t\/\/ Set blueimp gallery options\n\t\t\t\tjQuery.extend(blueimp.Gallery.prototype.options, {\n\t\t\t\t\tuseBootstrapModal: false,\n\t\t\t\t\thidePageScrollbars: false\n\t\t\t\t});\n\t\t\t});\n\t\t\t<\/script>\n\t\t\t\n","protected":false},"excerpt":{"rendered":"<p>Cine B Solar exibe \u201cHistorietas Assombradas \u2013 O Filme\u201d, e re\u00fane moradores no campo de futebol do Conjunto Habitacional City[&#8230;]<\/p>\n","protected":false},"author":3,"featured_media":11140,"comment_status":"open","ping_status":"open","sticky":false,"template":"","format":"standard","meta":[],"categories":[2,6],"tags":[154,237,255,292,607,1133,1234],"_links":{"self":[{"href":"https:\/\/projetocineb.com.br\/index.php?rest_route=\/wp\/v2\/posts\/11123"}],"collection":[{"href":"https:\/\/projetocineb.com.br\/index.php?rest_route=\/wp\/v2\/posts"}],"about":[{"href":"https:\/\/projetocineb.com.br\/index.php?rest_route=\/wp\/v2\/types\/post"}],"author":[{"embeddable":true,"href":"https:\/\/projetocineb.com.br\/index.php?rest_route=\/wp\/v2\/users\/3"}],"replies":[{"embeddable":true,"href":"https:\/\/projetocineb.com.br\/index.php?rest_route=%2Fwp%2Fv2%2Fcomments&post=11123"}],"version-history":[{"count":0,"href":"https:\/\/projetocineb.com.br\/index.php?rest_route=\/wp\/v2\/posts\/11123\/revisions"}],"wp:featuredmedia":[{"embeddable":true,"href":"https:\/\/projetocineb.com.br\/index.php?rest_route=\/wp\/v2\/media\/11140"}],"wp:attachment":[{"href":"https:\/\/projetocineb.com.br\/index.php?rest_route=%2Fwp%2Fv2%2Fmedia&parent=11123"}],"wp:term":[{"taxonomy":"category","embeddable":true,"href":"https:\/\/projetocineb.com.br\/index.php?rest_route=%2Fwp%2Fv2%2Fcategories&post=11123"},{"taxonomy":"post_tag","embeddable":true,"href":"https:\/\/projetocineb.com.br\/index.php?rest_route=%2Fwp%2Fv2%2Ftags&post=11123"}],"curies":[{"name":"wp","href":"https:\/\/api.w.org\/{rel}","templated":true}]}}