{"id":11131,"date":"2018-10-04T12:48:05","date_gmt":"2018-10-04T15:48:05","guid":{"rendered":"http:\/\/projetocineb.com.br\/?p=11131"},"modified":"2018-10-04T12:48:05","modified_gmt":"2018-10-04T15:48:05","slug":"made-in-china-e-exibido-na-barragem","status":"publish","type":"post","link":"https:\/\/projetocineb.com.br\/?p=11131","title":{"rendered":"\u201cMade in China\u201d \u00e9 exibido na Barragem"},"content":{"rendered":"<p><em>Cine B Solar esteve no \u00faltimo domingo, 30\/9, na EE Prof. Joaquim Alvares Cruz, na Barragem, Zona Sul da capital para exibir o filme com Regina Cas\u00e9. Ao final da sess\u00e3o, a fanfarra fez uma apresenta\u00e7\u00e3o.<\/em><\/p>\n<figure id=\"attachment_11133\" aria-describedby=\"caption-attachment-11133\" style=\"width: 831px\" class=\"wp-caption alignleft\"><a href=\"http:\/\/projetocineb.com.br\/wp-content\/uploads\/2018\/10\/DSC_0779.jpg\"><img fetchpriority=\"high\" decoding=\"async\" class=\"size-full wp-image-11133\" src=\"http:\/\/projetocineb.com.br\/wp-content\/uploads\/2018\/10\/DSC_0779.jpg\" alt=\"\" width=\"831\" height=\"552\" \/><\/a><figcaption id=\"caption-attachment-11133\" class=\"wp-caption-text\">Fanfarra da escola se apresentou ap\u00f3s a exibi\u00e7\u00e3o do filme.<\/figcaption><\/figure>\n<p>A Escola Estadual (EE) Prof. Joaquim Alvares Cruz, localizada na Barragem, bairro do extremo sul da cidade de S\u00e3o Paulo, distante 48 km do marco zero da cidade, foi palco de mais uma sess\u00e3o do Cine B no \u00faltimo domingo, 30\/9. A escola recebeu pela quarta vez o projeto para a exibi\u00e7\u00e3o da com\u00e9dia \u201cMade in China\u201d, que tem como protagonista a atriz Regina Cas\u00e9. A produ\u00e7\u00e3o, lan\u00e7ada em 2014, tamb\u00e9m tem atua\u00e7\u00e3o de Juliana Alves, Luis Lobianco e Xande de Pilares. O elenco explora com muito humor a disputa pelos consumidores do Saara, espa\u00e7o comercial do centro do Rio. Francis (Cas\u00e9) decide investigar como os chineses conseguem vender t\u00e3o barato, enquanto seu namorado se encanta pela chinesinha filha do dono. A dire\u00e7\u00e3o \u00e9 de Estev\u00e3o Ciavatta.<\/p>\n<p>A exibi\u00e7\u00e3o integrou as atividades do Programa Escola da Fam\u00edlia, que organiza atividades culturais, de esporte e lazer aos finais de semana, segundo Socorro Barbosa, professora de Artes e vice-diretora da Escola da Fam\u00edlia. \u201c\u00c9 excelente essa parceria, porque a popula\u00e7\u00e3o aqui \u00e9 bem distante de tudo, carente de lazer e cultura. Temos muita atividade nos finais de semana, at\u00e9 um projeto de cinema, na televis\u00e3o, uma vez por m\u00eas. Mas essa estrutura, com tel\u00e3o enorme e pipoca, faz isso aqui parecer um cinema de verdade\u201d, elogia.<\/p>\n<figure id=\"attachment_11134\" aria-describedby=\"caption-attachment-11134\" style=\"width: 831px\" class=\"wp-caption alignleft\"><a href=\"http:\/\/projetocineb.com.br\/wp-content\/uploads\/2018\/10\/DSC_0792.jpg\"><img decoding=\"async\" class=\"size-full wp-image-11134\" src=\"http:\/\/projetocineb.com.br\/wp-content\/uploads\/2018\/10\/DSC_0792.jpg\" alt=\"\" width=\"831\" height=\"552\" \/><\/a><figcaption id=\"caption-attachment-11134\" class=\"wp-caption-text\">Fam\u00edlia reunida para o lazer de fim de semana.<\/figcaption><\/figure>\n<p>O casal Anderson Aparecido da Cruz e Dalila Maria de Deus, moradores pr\u00f3ximos da escola aproveitaram o final de domingo para acompanhar \u201cum cineminha\u201d ao lado da filha, a pequena Eduarda, de 1 ano e 7 meses. Dalila conta que mora h\u00e1 25 anos no bairro Barragem e nunca tinha visto nada parecido antes. Cruz, contou que sempre foi f\u00e3 de cinema brasileiros. \u201cTrabalhava em locadora em outros tempos e assistia a v\u00e1rios filmes\u201d, conta.<\/p>\n<p>Ao final da sess\u00e3o, a fanfarra da escola fez uma r\u00e1pida apresenta\u00e7\u00e3o. O grupo \u00e9 formado por alunos e, principalmente ex-alunos da escola, que ensaiam diariamente, segundo o atual regente, Alexandre Moreira Martins, produtor cultural do Sindicato dos Banc\u00e1rios de S\u00e3o Paulo. \u201cFaz mais de 10 anos que a fanfarra existe e a gente vem tentando fazer ela voltar \u00e0 origem quando era o sonho de todo mundo tocar nela\u201d, explica. O final, num clima de festa, a fanfarra puxou um \u201cOl\u00ea, ol\u00ea, Ol\u00ea, Ol\u00e1, Lula, Lula\u201d com os instrumentos de sopro. A sess\u00e3o foi articulada por S\u00f4nia Estela da Silva, a Fuma\u00e7a, funcion\u00e1ria do Sindicato dos Banc\u00e1rios de S\u00e3o Paulo, Osasco e Regi\u00e3o e lideran\u00e7a comunit\u00e1ria, que mora h\u00e1 30 anos na Barragem.<\/p>\n<figure id=\"attachment_11143\" aria-describedby=\"caption-attachment-11143\" style=\"width: 831px\" class=\"wp-caption alignleft\"><a href=\"http:\/\/projetocineb.com.br\/wp-content\/uploads\/2018\/10\/DSC_0794.jpg\"><img decoding=\"async\" class=\"size-full wp-image-11143\" src=\"http:\/\/projetocineb.com.br\/wp-content\/uploads\/2018\/10\/DSC_0794.jpg\" alt=\"\" width=\"831\" height=\"547\" \/><\/a><figcaption id=\"caption-attachment-11143\" class=\"wp-caption-text\">Equipe do Programa Escola da Fam\u00edlia, que deu todo o apoio na organiza\u00e7\u00e3o da sess\u00e3o.<\/figcaption><\/figure>\n<p>O CineB Solar \u00e9 um circuito alternativo de exibi\u00e7\u00e3o que, desde 2007, leva cinema brasileiro para v\u00e1rias regi\u00f5es da cidade. O projeto, que agora passa a se chamar CineB Solar quando estiver nas comunidades, j\u00e1 contabiliza um p\u00fablico superior a 60 mil pessoas em mais de 480 sess\u00f5es gratuitas em comunidades, escolas e universidades de S\u00e3o Paulo. J\u00e1 foram exibidos na tela do CineB mais de 116 longas metragens e 73 curtas metragens.<\/p>\n\t\t\t\n\t\t\t<!-- Blueimp gallery -->\n\t\t\t<div id=\"blueimp-gallery\" class=\"blueimp-gallery blueimp-gallery-controls\">\n\t\t\t\t<div class=\"slides\"><\/div>\n\t\t\t\t<h3 class=\"title\"><\/h3>\n\t\t\t\t<a class=\"prev\">\u2039<\/a>\n\t\t\t\t<a class=\"next\">\u203a<\/a>\n\t\t\t\t<a class=\"close\">\u00d7<\/a>\n\t\t\t\t<a class=\"play-pause\"><\/a>\n\t\t\t\t<ol class=\"indicator\"><\/ol>\n\t\t\t\t<div class=\"modal fade\">\n\t\t\t\t\t<div class=\"modal-dialog\">\n\t\t\t\t\t\t<div class=\"modal-content\">\n\t\t\t\t\t\t\t<div class=\"modal-header\">\n\t\t\t\t\t\t\t\t<button type=\"button\" class=\"close\" aria-hidden=\"true\">&times;<\/button>\n\t\t\t\t\t\t\t\t<h4 class=\"modal-title\"><\/h4>\n\t\t\t\t\t\t\t<\/div>\n\t\t\t\t\t\t\t<div class=\"modal-body next\"><\/div>\n\t\t\t\t\t\t\t<div class=\"modal-footer\">\n\t\t\t\t\t\t\t\t<button type=\"button\" class=\"btn btn-default pull-left prev\">\n\t\t\t\t\t\t\t\t\t<i class=\"glyphicon glyphicon-chevron-left\"><\/i>\n\t\t\t\t\t\t\t\t\tPrevious\t\t\t\t\t\t\t\t<\/button>\n\t\t\t\t\t\t\t\t<button type=\"button\" class=\"btn btn-primary next\">\n\t\t\t\t\t\t\t\t\tNext\t\t\t\t\t\t\t\t\t<i class=\"glyphicon glyphicon-chevron-right\"><\/i>\n\t\t\t\t\t\t\t\t<\/button>\n\t\t\t\t\t\t\t<\/div>\n\t\t\t\t\t\t<\/div>\n\t\t\t\t\t<\/div>\n\t\t\t\t<\/div>\n\t\t\t<\/div>\n\t\t\t<script type=\"text\/javascript\">\n\t\t\tjQuery(function() {\n\t\t\t\t\/\/ Set blueimp gallery options\n\t\t\t\tjQuery.extend(blueimp.Gallery.prototype.options, {\n\t\t\t\t\tuseBootstrapModal: false,\n\t\t\t\t\thidePageScrollbars: false\n\t\t\t\t});\n\t\t\t});\n\t\t\t<\/script>\n\t\t\t\n","protected":false},"excerpt":{"rendered":"<p>Cine B Solar esteve no \u00faltimo domingo, 30\/9, na EE Prof. Joaquim Alvares Cruz, na Barragem, Zona Sul da capital[&#8230;]<\/p>\n","protected":false},"author":3,"featured_media":11154,"comment_status":"open","ping_status":"open","sticky":false,"template":"","format":"standard","meta":[],"categories":[2,6],"tags":[130,154,237,255,437,1133],"_links":{"self":[{"href":"https:\/\/projetocineb.com.br\/index.php?rest_route=\/wp\/v2\/posts\/11131"}],"collection":[{"href":"https:\/\/projetocineb.com.br\/index.php?rest_route=\/wp\/v2\/posts"}],"about":[{"href":"https:\/\/projetocineb.com.br\/index.php?rest_route=\/wp\/v2\/types\/post"}],"author":[{"embeddable":true,"href":"https:\/\/projetocineb.com.br\/index.php?rest_route=\/wp\/v2\/users\/3"}],"replies":[{"embeddable":true,"href":"https:\/\/projetocineb.com.br\/index.php?rest_route=%2Fwp%2Fv2%2Fcomments&post=11131"}],"version-history":[{"count":0,"href":"https:\/\/projetocineb.com.br\/index.php?rest_route=\/wp\/v2\/posts\/11131\/revisions"}],"wp:featuredmedia":[{"embeddable":true,"href":"https:\/\/projetocineb.com.br\/index.php?rest_route=\/wp\/v2\/media\/11154"}],"wp:attachment":[{"href":"https:\/\/projetocineb.com.br\/index.php?rest_route=%2Fwp%2Fv2%2Fmedia&parent=11131"}],"wp:term":[{"taxonomy":"category","embeddable":true,"href":"https:\/\/projetocineb.com.br\/index.php?rest_route=%2Fwp%2Fv2%2Fcategories&post=11131"},{"taxonomy":"post_tag","embeddable":true,"href":"https:\/\/projetocineb.com.br\/index.php?rest_route=%2Fwp%2Fv2%2Ftags&post=11131"}],"curies":[{"name":"wp","href":"https:\/\/api.w.org\/{rel}","templated":true}]}}