{"id":11165,"date":"2018-11-06T10:57:26","date_gmt":"2018-11-06T12:57:26","guid":{"rendered":"http:\/\/projetocineb.com.br\/?p=11165"},"modified":"2018-11-06T10:57:26","modified_gmt":"2018-11-06T12:57:26","slug":"cineb-solar-exibe-regina-case-em-embu-das-artes","status":"publish","type":"post","link":"https:\/\/projetocineb.com.br\/?p=11165","title":{"rendered":"CineB Solar exibe Regina Cas\u00e9 em Embu das Artes"},"content":{"rendered":"<p style=\"text-align: left;\"><em>A com\u00e9dia \u201cMade in China\u201d, estrelada por Regina Cas\u00e9, foi exibida no \u00faltimo s\u00e1bado, 13 de novembro, no sal\u00e3o da Par\u00f3quia Nossa Senhora da Vit\u00f3ria e S\u00e3o Lucas, em Embu das Artes.<\/em><a style=\"font-weight: bold; font-size: 1.0625rem;\" href=\"http:\/\/projetocineb.com.br\/wp-content\/uploads\/2018\/11\/DSC_0054.jpg\"><img fetchpriority=\"high\" decoding=\"async\" class=\"size-full wp-image-11167 aligncenter\" src=\"http:\/\/projetocineb.com.br\/wp-content\/uploads\/2018\/11\/DSC_0054.jpg\" alt=\"\" width=\"831\" height=\"552\" \/><\/a><span style=\"font-size: 14px;\"><em>Pela primeira vez na comunidade, CineB Solar atraiu grande p\u00fablico<\/em><\/span><\/p>\n<p>A comunidade que frequenta a Par\u00f3quia Nossa Senhora da Vit\u00f3ria e S\u00e3o Lucas, no Jardim Independ\u00eancia, em Embu das Artes, acompanhou, pela primeira vez, uma sess\u00e3o do CineB no \u00faltimo s\u00e1bado, 3 de novembro. A Par\u00f3quia, comandada pelo padre Roberto dos Santos, recebeu o projeto depois do p\u00e1roco acompanhar uma sess\u00e3o em 2017 no Jardim Ip\u00ea, Zona Sul de S\u00e3o Paulo, e demonstrar interesse em levar o projeto para sua comunidade.<\/p>\n<p>O filme exibido foi a com\u00e9dia \u201cMade in China\u201d, lan\u00e7ada em 2014, estrelada por Regina Cas\u00e9, Juliana Alves, Luis Lobianco e Xande de Pilares, que explora com muito humor a disputa pelos consumidores do Saara, espa\u00e7o comercial do centro do Rio. Francis (Cas\u00e9) decide investigar como os chineses conseguem vender t\u00e3o barato, enquanto seu namorado se encanta pela chinesinha filha do dono. A dire\u00e7\u00e3o \u00e9 de Estev\u00e3o Ciavatta.<\/p>\n<figure id=\"attachment_11174\" aria-describedby=\"caption-attachment-11174\" style=\"width: 831px\" class=\"wp-caption alignleft\"><a href=\"http:\/\/projetocineb.com.br\/wp-content\/uploads\/2018\/11\/DSC_0027.jpg\"><img decoding=\"async\" class=\"size-full wp-image-11174\" src=\"http:\/\/projetocineb.com.br\/wp-content\/uploads\/2018\/11\/DSC_0027.jpg\" alt=\"\" width=\"831\" height=\"547\" \/><\/a><figcaption id=\"caption-attachment-11174\" class=\"wp-caption-text\"><em>O p\u00fablico recebeu exemplares do jornal Le Monde Diplomatique Brasil, que apoia o projeto.<\/em><\/figcaption><\/figure>\n<p>Padre Roberto conta que a organiza\u00e7\u00e3o da sess\u00e3o teve a ajuda de Ver\u00f4nica Lima e Odair Jos\u00e9 Rocha Nascimento, que atuavam na comunidade da Par\u00f3quia Senhor dos Passos e Nossa Senhora das Dores, no Jardim Ip\u00ea, e colaboraram com a divulga\u00e7\u00e3o e a organiza\u00e7\u00e3o da sess\u00e3o. \u201cEu acho uma experi\u00eancia muito positiva, que tira nosso comodismo e nos faz viver as coisas boas que ainda temos como brasileiros\u201d, analisa. Ele conta que a divulga\u00e7\u00e3o da sess\u00e3o foi feita durante as missas e no whatsapp. Ele destaca que a comunidade existe h\u00e1 38 anos.<\/p>\n<p>Para Elizabete Soares, jornalista e frequentadora da par\u00f3quia, que tamb\u00e9m ajudou a divulgar a atividade, acompanhou a sess\u00e3o e tirou fotos do p\u00fablico, o projeto atraiu \u201cpessoas de todas as idades, crian\u00e7as, adultos, idosos, e todo mundo se divertiu\u201d, destacou. \u00c9 o caso de Elizandra de C\u00e1ssia Leopoldo, dona de casa, que estava acompanhada de toda a fam\u00edlia: a m\u00e3e, Maria das Gra\u00e7as, os filhos Gabriel e Pietro Lucas e o sobrinho Jos\u00e9 Ryan. \u201cMuitas pessoas n\u00e3o t\u00eam condi\u00e7\u00f5es de ir ao cinema, se deslocar. E o filme foi muito bom\u201d, elogiou.<\/p>\n<figure id=\"attachment_11168\" aria-describedby=\"caption-attachment-11168\" style=\"width: 831px\" class=\"wp-caption alignleft\"><a href=\"http:\/\/projetocineb.com.br\/wp-content\/uploads\/2018\/11\/DSC_0058.jpg\"><img decoding=\"async\" class=\"size-full wp-image-11168\" src=\"http:\/\/projetocineb.com.br\/wp-content\/uploads\/2018\/11\/DSC_0058.jpg\" alt=\"\" width=\"831\" height=\"552\" \/><\/a><figcaption id=\"caption-attachment-11168\" class=\"wp-caption-text\"><em>Odair Nascimento e Ver\u00f4nica Lima, que organizaram a sess\u00e3o, Cid\u00e1lio Vieira Santos, coordenador do CineB, e padre Roberto dos Santos.<\/em><\/figcaption><\/figure>\n<p>Efig\u00eania Cordeiro Caldeira, dom\u00e9stica e ministra na par\u00f3quia j\u00e1 cobrou o retorno do projeto. \u201cTem muito tempo que eu n\u00e3o assisto um filminho, uns 10 anos e eu gostei do filme. Voc\u00eas poderiam retornas com novas atra\u00e7\u00f5es\u201d, cobrou. Diante de tanto envolvimento da comunidade, que atraiu cerca de 120 pessoas em sua primeira exibi\u00e7\u00e3o, ser\u00e1 um honra para o CineB Solar retornar \u00e0 Embu das Artes.<\/p>\n<figure id=\"attachment_11169\" aria-describedby=\"caption-attachment-11169\" style=\"width: 831px\" class=\"wp-caption alignleft\"><a href=\"http:\/\/projetocineb.com.br\/wp-content\/uploads\/2018\/11\/DSC_0068.jpg\"><img loading=\"lazy\" decoding=\"async\" class=\"size-full wp-image-11169\" src=\"http:\/\/projetocineb.com.br\/wp-content\/uploads\/2018\/11\/DSC_0068.jpg\" alt=\"\" width=\"831\" height=\"537\" \/><\/a><figcaption id=\"caption-attachment-11169\" class=\"wp-caption-text\"><em>As g\u00eameas Ana Rodrigues Nunes e Maria Rodrigues Nunes de 75 anos prestigiaram o evento.<\/em><\/figcaption><\/figure>\n<p>O CineB Solar \u00e9 um circuito alternativo de exibi\u00e7\u00e3o que, desde 2007, leva cinema brasileiro para v\u00e1rias regi\u00f5es da cidade. O projeto, que agora passa a se chamar CineB Solar quando estiver nas comunidades, j\u00e1 contabiliza um p\u00fablico superior a 60 mil pessoas em mais de 480 sess\u00f5es gratuitas em comunidades, escolas e universidades de S\u00e3o Paulo. J\u00e1 foram exibidos na tela do CineB mais de 116 longas metragens e 73 curtas metragens.<\/p>\n\t\t\t\n\t\t\t<!-- Blueimp gallery -->\n\t\t\t<div id=\"blueimp-gallery\" class=\"blueimp-gallery blueimp-gallery-controls\">\n\t\t\t\t<div class=\"slides\"><\/div>\n\t\t\t\t<h3 class=\"title\"><\/h3>\n\t\t\t\t<a class=\"prev\">\u2039<\/a>\n\t\t\t\t<a class=\"next\">\u203a<\/a>\n\t\t\t\t<a class=\"close\">\u00d7<\/a>\n\t\t\t\t<a class=\"play-pause\"><\/a>\n\t\t\t\t<ol class=\"indicator\"><\/ol>\n\t\t\t\t<div class=\"modal fade\">\n\t\t\t\t\t<div class=\"modal-dialog\">\n\t\t\t\t\t\t<div class=\"modal-content\">\n\t\t\t\t\t\t\t<div class=\"modal-header\">\n\t\t\t\t\t\t\t\t<button type=\"button\" class=\"close\" aria-hidden=\"true\">&times;<\/button>\n\t\t\t\t\t\t\t\t<h4 class=\"modal-title\"><\/h4>\n\t\t\t\t\t\t\t<\/div>\n\t\t\t\t\t\t\t<div class=\"modal-body next\"><\/div>\n\t\t\t\t\t\t\t<div class=\"modal-footer\">\n\t\t\t\t\t\t\t\t<button type=\"button\" class=\"btn btn-default pull-left prev\">\n\t\t\t\t\t\t\t\t\t<i class=\"glyphicon glyphicon-chevron-left\"><\/i>\n\t\t\t\t\t\t\t\t\tPrevious\t\t\t\t\t\t\t\t<\/button>\n\t\t\t\t\t\t\t\t<button type=\"button\" class=\"btn btn-primary next\">\n\t\t\t\t\t\t\t\t\tNext\t\t\t\t\t\t\t\t\t<i class=\"glyphicon glyphicon-chevron-right\"><\/i>\n\t\t\t\t\t\t\t\t<\/button>\n\t\t\t\t\t\t\t<\/div>\n\t\t\t\t\t\t<\/div>\n\t\t\t\t\t<\/div>\n\t\t\t\t<\/div>\n\t\t\t<\/div>\n\t\t\t<script type=\"text\/javascript\">\n\t\t\tjQuery(function() {\n\t\t\t\t\/\/ Set blueimp gallery options\n\t\t\t\tjQuery.extend(blueimp.Gallery.prototype.options, {\n\t\t\t\t\tuseBootstrapModal: false,\n\t\t\t\t\thidePageScrollbars: false\n\t\t\t\t});\n\t\t\t});\n\t\t\t<\/script>\n\t\t\t\n","protected":false},"excerpt":{"rendered":"<p>A com\u00e9dia \u201cMade in China\u201d, estrelada por Regina Cas\u00e9, foi exibida no \u00faltimo s\u00e1bado, 13 de novembro, no sal\u00e3o da[&#8230;]<\/p>\n","protected":false},"author":3,"featured_media":11166,"comment_status":"open","ping_status":"open","sticky":false,"template":"","format":"standard","meta":[],"categories":[2,6],"tags":[237,255,452,488,685,773,914,932,1044,1133],"_links":{"self":[{"href":"https:\/\/projetocineb.com.br\/index.php?rest_route=\/wp\/v2\/posts\/11165"}],"collection":[{"href":"https:\/\/projetocineb.com.br\/index.php?rest_route=\/wp\/v2\/posts"}],"about":[{"href":"https:\/\/projetocineb.com.br\/index.php?rest_route=\/wp\/v2\/types\/post"}],"author":[{"embeddable":true,"href":"https:\/\/projetocineb.com.br\/index.php?rest_route=\/wp\/v2\/users\/3"}],"replies":[{"embeddable":true,"href":"https:\/\/projetocineb.com.br\/index.php?rest_route=%2Fwp%2Fv2%2Fcomments&post=11165"}],"version-history":[{"count":0,"href":"https:\/\/projetocineb.com.br\/index.php?rest_route=\/wp\/v2\/posts\/11165\/revisions"}],"wp:featuredmedia":[{"embeddable":true,"href":"https:\/\/projetocineb.com.br\/index.php?rest_route=\/wp\/v2\/media\/11166"}],"wp:attachment":[{"href":"https:\/\/projetocineb.com.br\/index.php?rest_route=%2Fwp%2Fv2%2Fmedia&parent=11165"}],"wp:term":[{"taxonomy":"category","embeddable":true,"href":"https:\/\/projetocineb.com.br\/index.php?rest_route=%2Fwp%2Fv2%2Fcategories&post=11165"},{"taxonomy":"post_tag","embeddable":true,"href":"https:\/\/projetocineb.com.br\/index.php?rest_route=%2Fwp%2Fv2%2Ftags&post=11165"}],"curies":[{"name":"wp","href":"https:\/\/api.w.org\/{rel}","templated":true}]}}