{"id":11189,"date":"2018-11-17T19:54:20","date_gmt":"2018-11-17T21:54:20","guid":{"rendered":"http:\/\/projetocineb.com.br\/?p=11189"},"modified":"2018-11-17T19:54:20","modified_gmt":"2018-11-17T21:54:20","slug":"tata-amaral-lanca-filme-no-cineb-solar-dia-24","status":"publish","type":"post","link":"https:\/\/projetocineb.com.br\/?p=11189","title":{"rendered":"Tata Amaral lan\u00e7a filme no CineB Solar dia 24"},"content":{"rendered":"<p><em>\u201cSequestro Rel\u00e2mpago\u201d ser\u00e1 exibido na quadra da EMEF General de Gaulle, Jardim Ibirapuera, Zona Sul de S\u00e3o Paulo, no s\u00e1bado, dia 24\/11, e contar\u00e1 com a presen\u00e7a da diretora.<\/em><\/p>\n<figure id=\"attachment_11191\" aria-describedby=\"caption-attachment-11191\" style=\"width: 800px\" class=\"wp-caption alignnone\"><a href=\"http:\/\/projetocineb.com.br\/wp-content\/uploads\/2018\/11\/Sequestro-relampago2.jpg\"><img fetchpriority=\"high\" decoding=\"async\" class=\"size-full wp-image-11191\" src=\"http:\/\/projetocineb.com.br\/wp-content\/uploads\/2018\/11\/Sequestro-relampago2.jpg\" alt=\"\" width=\"800\" height=\"450\" \/><\/a><figcaption id=\"caption-attachment-11191\" class=\"wp-caption-text\">Parte das cenas do filme foram gravadas no Jardim Ibirapuera, onde acontece a sess\u00e3o do CineB Solar.<\/figcaption><\/figure>\n<p>No pr\u00f3ximo s\u00e1bado, 24 de novembro, 19h, a cineasta Tata Amaral far\u00e1 o lan\u00e7amento do filme \u201cSequestro Rel\u00e2mpago\u201d numa sess\u00e3o especial do CineB Solar na quadra da EMEF General de Gaulle, localizado no Jardim Ibirapuera,\u00a0 Zona Sul de S\u00e3o Paulo. Com entrada franca e direito a pipoca.<\/p>\n<p>O novo longa da cineasta \u00e9 baseado em uma hist\u00f3ria real e tem como protagonista Isabel (Marina Ruy Barbosa), uma jovem que acaba sendo levada por Matheus (Sidney Santiago) e Japon\u00eas (Daniel Rocha) depois de beber com os amigos em um bar. O que deveria ser um assalto se torna um sequestro rel\u00e2mpago depois que eles n\u00e3o conseguem tirar dinheiro da conta da menina. Com ela at\u00e9 a manh\u00e3 seguinte, eles andam por S\u00e3o Paulo e planejam o que fazer com as horas que t\u00eam pela frente. Parte das cenas do filme foram gravadas no Jardim Ibirapuera, onde o CineB realiza a sess\u00e3o.<\/p>\n<p>\u201cSequestro Rel\u00e2mpago\u201d entrar\u00e1 em cartaz no circuito comercial em 22 de novembro, dois dias antes da exibi\u00e7\u00e3o no CineB. Tata Amaral, que estar\u00e1 na sess\u00e3o para um debate com a comunidade ap\u00f3s o filme, \u00e9 uma grande entusiasta do projeto e desde o in\u00edcio do CineB j\u00e1 teve seus filmes \u201cAntonia\u201d, \u201cHoje\u201d, \u201cTrago Comigo\u201d e \u201cCausando na Rua\u201d sendo exibidos em sess\u00f5es nos bairros de S\u00e3o Paulo.<\/p>\n<p>O CineB Solar \u00e9 um circuito alternativo de exibi\u00e7\u00e3o que, desde 2007, leva cinema brasileiro para v\u00e1rias regi\u00f5es da cidade. O projeto, que agora passa a se chamar CineB Solar quando estiver nas comunidades por utilizar energia solar para exibir os filmes, j\u00e1 contabiliza um p\u00fablico superior a 60 mil pessoas em mais de 480 sess\u00f5es gratuitas em comunidades, escolas e universidades de S\u00e3o Paulo. J\u00e1 foram exibidos na tela do CineB mais de 116 longas metragens e 73 curtas metragens.<\/p>\n<p><strong>SERVI\u00c7O<\/strong><br \/>\n<strong>FILME: Sequestro Rel\u00e2mpago<\/strong><br \/>\n<strong>LOCAL:<\/strong> Quadra da EMEF General de Gaulle<br \/>\n<strong>ENDERE\u00c7O:<\/strong> Rua Mourisca, 16 \u2013 Jardim Ibirapuera, S\u00e3o Paulo<br \/>\n<strong>CONVITES:<\/strong> Bar da Preta<br \/>\n<strong>INFORMA\u00c7\u00d5ES:<\/strong> producaocineb@brazucah.com.br<\/p>\n","protected":false},"excerpt":{"rendered":"<p>\u201cSequestro Rel\u00e2mpago\u201d ser\u00e1 exibido na quadra da EMEF General de Gaulle, Jardim Ibirapuera, Zona Sul de S\u00e3o Paulo, no s\u00e1bado,[&#8230;]<\/p>\n","protected":false},"author":3,"featured_media":11190,"comment_status":"open","ping_status":"open","sticky":false,"template":"","format":"standard","meta":[],"categories":[2,6],"tags":[255,458,1110,1121,1133,1155],"_links":{"self":[{"href":"https:\/\/projetocineb.com.br\/index.php?rest_route=\/wp\/v2\/posts\/11189"}],"collection":[{"href":"https:\/\/projetocineb.com.br\/index.php?rest_route=\/wp\/v2\/posts"}],"about":[{"href":"https:\/\/projetocineb.com.br\/index.php?rest_route=\/wp\/v2\/types\/post"}],"author":[{"embeddable":true,"href":"https:\/\/projetocineb.com.br\/index.php?rest_route=\/wp\/v2\/users\/3"}],"replies":[{"embeddable":true,"href":"https:\/\/projetocineb.com.br\/index.php?rest_route=%2Fwp%2Fv2%2Fcomments&post=11189"}],"version-history":[{"count":0,"href":"https:\/\/projetocineb.com.br\/index.php?rest_route=\/wp\/v2\/posts\/11189\/revisions"}],"wp:featuredmedia":[{"embeddable":true,"href":"https:\/\/projetocineb.com.br\/index.php?rest_route=\/wp\/v2\/media\/11190"}],"wp:attachment":[{"href":"https:\/\/projetocineb.com.br\/index.php?rest_route=%2Fwp%2Fv2%2Fmedia&parent=11189"}],"wp:term":[{"taxonomy":"category","embeddable":true,"href":"https:\/\/projetocineb.com.br\/index.php?rest_route=%2Fwp%2Fv2%2Fcategories&post=11189"},{"taxonomy":"post_tag","embeddable":true,"href":"https:\/\/projetocineb.com.br\/index.php?rest_route=%2Fwp%2Fv2%2Ftags&post=11189"}],"curies":[{"name":"wp","href":"https:\/\/api.w.org\/{rel}","templated":true}]}}