{"id":1120,"date":"2010-08-02T01:19:51","date_gmt":"2010-08-02T04:19:51","guid":{"rendered":"http:\/\/projetocineb.com.br\/?p=1120"},"modified":"2010-08-02T01:19:51","modified_gmt":"2010-08-02T04:19:51","slug":"ferraz-de-vasconcelos","status":"publish","type":"post","link":"https:\/\/projetocineb.com.br\/?p=1120","title":{"rendered":"FERRAZ DE VASCONCELOS"},"content":{"rendered":"<p><em>Fotos de Vivian Szelpal<\/em><\/p>\n<p>Entre beijos apaixonados, mesas e carteiras foi estendido o tel\u00e3o do <span style=\"color: #ff6600;\">Cine B na ETEC de Ferraz de Vasconcelos<\/span>. O <span style=\"color: #ff6600;\">col\u00e9gio de ensino m\u00e9dio e t\u00e9cnio foi transformado num cinema<\/span> pelo Sindicato dos Banc\u00e1rios de S\u00e3o Paulo, Osasco e Regi\u00e3o e Brazucah Produ\u00e7\u00f5es.<\/p>\n<figure id=\"attachment_1138\" aria-describedby=\"caption-attachment-1138\" style=\"width: 384px\" class=\"wp-caption aligncenter\"><a href=\"http:\/\/projetocineb.com.br\/wp-content\/uploads\/2010\/08\/ferraz17.jpg\"><img fetchpriority=\"high\" decoding=\"async\" class=\"size-full wp-image-1138  \" title=\"Foto de uma simp\u00e1tica pra\u00e7a em frente \u00e0 ETEC\" src=\"http:\/\/projetocineb.com.br\/wp-content\/uploads\/2010\/08\/ferraz17.jpg\" alt=\"Foto de uma simp\u00e1tica pra\u00e7a em frente \u00e0 ETEC\" width=\"384\" height=\"255\" \/><\/a><figcaption id=\"caption-attachment-1138\" class=\"wp-caption-text\">Uma simp\u00e1tica pra\u00e7a em frente \u00e0 ETEC<\/figcaption><\/figure>\n<p><span style=\"color: #ff6600;\">Rodrigo Pimentel Negr\u00e3o \u00e9 um rec\u00e9m-formado aluno da ETEC em Seguran\u00e7a no Trabalho<\/span>. Consciente de seu dever como cidad\u00e3o, <span style=\"color: #ff6600;\">sempre busca participar de movimentos sociais e culturais<\/span>. Tinha contato com a Brazucah e resolveu agitar um Cine B na regi\u00e3o.<\/p>\n<p><span style=\"color: #ff6600;\">\u201cFerraz tem aproximadamente 200 mil habitantes, nenhuma sala de cinema e nenhuma programa\u00e7\u00e3o cultural, por isso achei legal um projeto como o Cine B ser realizado aqui\u201d, disse Rodrigo Negr\u00e3o<\/span>. Segundo ele, para chegar ao cinema mais pr\u00f3ximo, que fica em S\u00e3o Paulo, leva uma hora para chegar. \u201cIsso porque vou de trem\u201d, disse Rodrigo.<\/p>\n<figure id=\"attachment_1124\" aria-describedby=\"caption-attachment-1124\" style=\"width: 319px\" class=\"wp-caption aligncenter\"><a href=\"http:\/\/projetocineb.com.br\/wp-content\/uploads\/2010\/08\/ferraz03.jpg\"><img decoding=\"async\" class=\"size-full wp-image-1124 \" title=\"Rodrigo Pimentel Negr\u00e3o que teve a iniciativa em chamar o Cine B para a regi\u00e3o\" src=\"http:\/\/projetocineb.com.br\/wp-content\/uploads\/2010\/08\/ferraz03.jpg\" alt=\"Rodrigo Pimentel Negr\u00e3o que teve a iniciativa em chamar o Cine B para a regi\u00e3o\" width=\"319\" height=\"480\" \/><\/a><figcaption id=\"caption-attachment-1124\" class=\"wp-caption-text\">Rodrigo Pimentel Negr\u00e3o que teve a iniciativa em chamar o Cine B para a regi\u00e3o<\/figcaption><\/figure>\n<p>O diretor da ETEC, Benedito S\u00e9rgio Leme de Faria esteve presente na sess\u00e3o. <span style=\"color: #ff6600;\">\u201cConheci o Cine B atrav\u00e9s do Rodrigo e achei uma boa ideia. Com ajuda do Gr\u00eamio que temos, foi poss\u00edvel realizar o projeto\u201d, disse o diretor<\/span>.<\/p>\n<p><span style=\"color: #ff6600;\">\u201cO Cine B \u00e9 o terceiro evento que ajudamos a fazer aqui no col\u00e9gio e este \u00e9 um projeto muito importante para toda a nossa escola\u201d<\/span>, disse na abertura do Cine B, o <span style=\"color: #ff6600;\">presidente do Gr\u00eamio CHAPADOZ<\/span> (Chapa Democr\u00e1tica Ordem e Zelo), <span style=\"color: #ff6600;\">Anderson Sebasti\u00e3o da Silva, que cursa o terceiro ano do ensino m\u00e9dio e o t\u00e9cnico em Log\u00edstica<\/span>.<\/p>\n<p>\u201cAgrade\u00e7o ao Rodrigo que truxe este \u00f3timo projeto para ser realizado aqui e estamos de portas abertas para outras exibi\u00e7\u00f5es\u201d, disse o diretor Benedito S\u00e9rgio Leme de Faria na abertura do evento, acompanhado de Rodrigo Negr\u00e3o e Anderson Sebasti\u00e3o da Silva, presidente do Gr\u00eamio.<\/p>\n<figure id=\"attachment_1135\" aria-describedby=\"caption-attachment-1135\" style=\"width: 384px\" class=\"wp-caption aligncenter\"><a href=\"http:\/\/projetocineb.com.br\/wp-content\/uploads\/2010\/08\/ferraz14.jpg\"><img decoding=\"async\" class=\"size-full wp-image-1135  \" title=\"Na abertura do Cine B em Ferraz de Vasconcelos, Cid\u00e1lio Vieira Santos da Brazucah Produ\u00e7\u00f5es, acompanhando pelo diretor da ETEC de Ferraz, Benedito S\u00e9rgio Leme de Faria e Rodrigo Negr\u00e3o\" src=\"http:\/\/projetocineb.com.br\/wp-content\/uploads\/2010\/08\/ferraz14.jpg\" alt=\"Na abertura do Cine B em Ferraz de Vasconcelos, Cid\u00e1lio Vieira Santos da Brazucah Produ\u00e7\u00f5es, acompanhando pelo diretor da ETEC de Ferraz, Benedito S\u00e9rgio Leme de Faria e Rodrigo Negr\u00e3o\" width=\"384\" height=\"255\" \/><\/a><figcaption id=\"caption-attachment-1135\" class=\"wp-caption-text\">Na abertura do Cine B em Ferraz de Vasconcelos, Cid\u00e1lio Vieira Santos da Brazucah Produ\u00e7\u00f5es, acompanhando pelo diretor da ETEC de Ferraz, Benedito S\u00e9rgio Leme de Faria e Rodrigo Negr\u00e3o<\/figcaption><\/figure>\n<h2><span style=\"color: #008000;\">CLICKS<\/span><\/h2>\n<figure id=\"attachment_1122\" aria-describedby=\"caption-attachment-1122\" style=\"width: 384px\" class=\"wp-caption aligncenter\"><a href=\"http:\/\/projetocineb.com.br\/wp-content\/uploads\/2010\/08\/ferraz01.jpg\"><img loading=\"lazy\" decoding=\"async\" class=\"size-full wp-image-1122  \" title=\"A ETEC j\u00e1 transformada numa sala de exibi\u00e7\u00e3o, antes do p\u00fablico ocupar as cadeiras\" src=\"http:\/\/projetocineb.com.br\/wp-content\/uploads\/2010\/08\/ferraz01.jpg\" alt=\"A ETEC j\u00e1 transformada numa sala de exibi\u00e7\u00e3o, antes do p\u00fablico ocupar as cadeiras\" width=\"384\" height=\"255\" \/><\/a><figcaption id=\"caption-attachment-1122\" class=\"wp-caption-text\">A ETEC j\u00e1 transformada numa sala de exibi\u00e7\u00e3o, antes do p\u00fablico ocupar as cadeiras<\/figcaption><\/figure>\n<figure id=\"attachment_1137\" aria-describedby=\"caption-attachment-1137\" style=\"width: 384px\" class=\"wp-caption aligncenter\"><a href=\"http:\/\/projetocineb.com.br\/wp-content\/uploads\/2010\/08\/ferraz16.jpg\"><img loading=\"lazy\" decoding=\"async\" class=\"size-full wp-image-1137  \" title=\"Juvandia Moreira, presidente do Sindicato dos Banc\u00e1rios, na vinheta de abertura do Cine B\" src=\"http:\/\/projetocineb.com.br\/wp-content\/uploads\/2010\/08\/ferraz16.jpg\" alt=\"Juvandia Moreira, presidente do Sindicato dos Banc\u00e1rios, na vinheta de abertura do Cine B\" width=\"384\" height=\"255\" \/><\/a><figcaption id=\"caption-attachment-1137\" class=\"wp-caption-text\">Juvandia Moreira, presidente do Sindicato dos Banc\u00e1rios, na vinheta de abertura do Cine B, fala da import\u00e2ncia do acesso \u00e0 cultura<\/figcaption><\/figure>\n<p style=\"text-align: center;\"><a href=\"http:\/\/projetocineb.com.br\/wp-content\/uploads\/2010\/08\/ferraz04.jpg\"><img loading=\"lazy\" decoding=\"async\" class=\"aligncenter size-full wp-image-1125\" title=\"04\" src=\"http:\/\/projetocineb.com.br\/wp-content\/uploads\/2010\/08\/ferraz04.jpg\" alt=\"\" width=\"319\" height=\"480\" \/><\/a><\/p>\n<figure id=\"attachment_1131\" aria-describedby=\"caption-attachment-1131\" style=\"width: 384px\" class=\"wp-caption aligncenter\"><a href=\"http:\/\/projetocineb.com.br\/wp-content\/uploads\/2010\/08\/ferraz10.jpg\"><img loading=\"lazy\" decoding=\"async\" class=\"size-full wp-image-1131  \" title=\"Ariane Fernandes, Graziely Ramos Nascimento, Pedro Medeiros, Monique Miranda e Anderson Sebasti\u00e3o da Silva, todos do Gr\u00eamio CHAPADOZ.\" src=\"http:\/\/projetocineb.com.br\/wp-content\/uploads\/2010\/08\/ferraz10.jpg\" alt=\"Ariane Fernandes, Graziely Ramos Nascimento, Pedro Medeiros, Monique Miranda e Anderson Sebasti\u00e3o da Silva, todos do Gr\u00eamio CHAPADOZ.\" width=\"384\" height=\"255\" \/><\/a><figcaption id=\"caption-attachment-1131\" class=\"wp-caption-text\">Ariane Fernandes, Graziely Ramos Nascimento, Pedro Medeiros, Monique Miranda e Anderson Sebasti\u00e3o da Silva, todos do Gr\u00eamio CHAPADOZ.<\/figcaption><\/figure>\n<figure id=\"attachment_1128\" aria-describedby=\"caption-attachment-1128\" style=\"width: 384px\" class=\"wp-caption aligncenter\"><a href=\"http:\/\/projetocineb.com.br\/wp-content\/uploads\/2010\/08\/ferraz07.jpg\"><img loading=\"lazy\" decoding=\"async\" class=\"size-full wp-image-1128  \" title=\"Marcio Leite da Silva, Philip Klauss Pimentel Negr\u00e3o, Selma Pimentel \u2013 m\u00e3e do Rodrigo Negr\u00e3o \u2013 e Livia Negr\u00e3o\" src=\"http:\/\/projetocineb.com.br\/wp-content\/uploads\/2010\/08\/ferraz07.jpg\" alt=\"Marcio Leite da Silva, Philip Klauss Pimentel Negr\u00e3o, Selma Pimentel \u2013 m\u00e3e do Rodrigo Negr\u00e3o \u2013 e Livia Negr\u00e3o\" width=\"384\" height=\"255\" \/><\/a><figcaption id=\"caption-attachment-1128\" class=\"wp-caption-text\">Marcio Leite da Silva, Philip Klauss Pimentel Negr\u00e3o, Selma Pimentel \u2013 m\u00e3e do Rodrigo Negr\u00e3o \u2013 e Livia Negr\u00e3o<\/figcaption><\/figure>\n<figure id=\"attachment_1127\" aria-describedby=\"caption-attachment-1127\" style=\"width: 384px\" class=\"wp-caption aligncenter\"><a href=\"http:\/\/projetocineb.com.br\/wp-content\/uploads\/2010\/08\/ferraz06.jpg\"><img loading=\"lazy\" decoding=\"async\" class=\"size-full wp-image-1127  \" title=\"Jorge dos Santos Campos, Luana Gon\u00e7alves Rodrigues Martins e Julio Eduardo Rodrigues Martins\" src=\"http:\/\/projetocineb.com.br\/wp-content\/uploads\/2010\/08\/ferraz06.jpg\" alt=\"Jorge dos Santos Campos, Luana Gon\u00e7alves Rodrigues Martins e Julio Eduardo Rodrigues Martins\" width=\"384\" height=\"255\" \/><\/a><figcaption id=\"caption-attachment-1127\" class=\"wp-caption-text\">Jorge dos Santos Campos, Luana Gon\u00e7alves Rodrigues Martins e Julio Eduardo Rodrigues Martins<\/figcaption><\/figure>\n<figure id=\"attachment_1129\" aria-describedby=\"caption-attachment-1129\" style=\"width: 384px\" class=\"wp-caption aligncenter\"><a href=\"http:\/\/projetocineb.com.br\/wp-content\/uploads\/2010\/08\/ferraz08.jpg\"><img loading=\"lazy\" decoding=\"async\" class=\"size-full wp-image-1129  \" title=\"\u201cEla \u00e9 corintiana, eu sou s\u00e3opaulino. Fazer o que? Ningu\u00e9m e perfeito\u201d, disse Airton Nascimento sobre sua esposa Rosimary da Silva Santos. Outro s\u00e3opaulino se juntou na foto, Jos\u00e9 Carlos Bento\" src=\"http:\/\/projetocineb.com.br\/wp-content\/uploads\/2010\/08\/ferraz08.jpg\" alt=\"\u201cEla \u00e9 corintiana, eu sou s\u00e3opaulino. Fazer o que? Ningu\u00e9m e perfeito\u201d, disse Airton Nascimento sobre sua esposa Rosimary da Silva Santos. Outro s\u00e3opaulino se juntou na foto, Jos\u00e9 Carlos Bento\" width=\"384\" height=\"255\" \/><\/a><figcaption id=\"caption-attachment-1129\" class=\"wp-caption-text\">\u201cEla \u00e9 corintiana, eu sou s\u00e3opaulino. Fazer o que? Ningu\u00e9m e perfeito\u201d, disse Airton Nascimento sobre sua esposa Rosimary da Silva Santos. Outro s\u00e3opaulino se juntou na foto, Jos\u00e9 Carlos Bento<\/figcaption><\/figure>\n<figure id=\"attachment_1132\" aria-describedby=\"caption-attachment-1132\" style=\"width: 384px\" class=\"wp-caption aligncenter\"><a href=\"http:\/\/projetocineb.com.br\/wp-content\/uploads\/2010\/08\/ferraz11.jpg\"><img loading=\"lazy\" decoding=\"async\" class=\"size-full wp-image-1132  \" title=\"Oldair Jos\u00e9 Rodrigues, Adriele Moreira Costa de 5 anos e Rosane Moreira Gomes\" src=\"http:\/\/projetocineb.com.br\/wp-content\/uploads\/2010\/08\/ferraz11.jpg\" alt=\"Oldair Jos\u00e9 Rodrigues, Adriele Moreira Costa de 5 anos e Rosane Moreira Gomes\" width=\"384\" height=\"255\" \/><\/a><figcaption id=\"caption-attachment-1132\" class=\"wp-caption-text\">Oldair Jos\u00e9 Rodrigues, Adriele Moreira Costa de 5 anos e Rosane Moreira Gomes<\/figcaption><\/figure>\n<figure id=\"attachment_1139\" aria-describedby=\"caption-attachment-1139\" style=\"width: 319px\" class=\"wp-caption aligncenter\"><a href=\"http:\/\/projetocineb.com.br\/wp-content\/uploads\/2010\/08\/ferraz18.jpg\"><img loading=\"lazy\" decoding=\"async\" class=\"size-full wp-image-1139 \" title=\"O casal Romeu e Julieta da exibi\u00e7\u00e3o: Rafael Felipe Moraes dos Santos, corintiano e sua namorada Jenni Karolyni Nascimento, palmeirense\" src=\"http:\/\/projetocineb.com.br\/wp-content\/uploads\/2010\/08\/ferraz18.jpg\" alt=\"O casal Romeu e Julieta da exibi\u00e7\u00e3o: Rafael Felipe Moraes dos Santos, corintiano e sua namorada Jenni Karolyni Nascimento, palmeirense\" width=\"319\" height=\"480\" \/><\/a><figcaption id=\"caption-attachment-1139\" class=\"wp-caption-text\">O casal Romeu e Julieta da exibi\u00e7\u00e3o: Rafael Felipe Moraes dos Santos, corintiano e sua namorada Jenni Karolyni Nascimento, palmeirense<\/figcaption><\/figure>\n<figure id=\"attachment_1123\" aria-describedby=\"caption-attachment-1123\" style=\"width: 384px\" class=\"wp-caption aligncenter\"><a href=\"http:\/\/projetocineb.com.br\/wp-content\/uploads\/2010\/08\/ferraz02.jpg\"><img loading=\"lazy\" decoding=\"async\" class=\"size-full wp-image-1123  \" title=\"Na entrada da ETEC de Ferraz de Vasconcelos colocamos o banner de fotos das exibi\u00e7\u00f5es o Cine B\" src=\"http:\/\/projetocineb.com.br\/wp-content\/uploads\/2010\/08\/ferraz02.jpg\" alt=\"Na entrada da ETEC de Ferraz de Vasconcelos colocamos o banner de fotos das exibi\u00e7\u00f5es o Cine B\" width=\"384\" height=\"255\" \/><\/a><figcaption id=\"caption-attachment-1123\" class=\"wp-caption-text\">Na entrada da ETEC de Ferraz de Vasconcelos colocamos o banner de fotos das exibi\u00e7\u00f5es o Cine B<\/figcaption><\/figure>\n<figure id=\"attachment_1133\" aria-describedby=\"caption-attachment-1133\" style=\"width: 384px\" class=\"wp-caption aligncenter\"><a href=\"http:\/\/projetocineb.com.br\/wp-content\/uploads\/2010\/08\/ferraz12.jpg\"><img loading=\"lazy\" decoding=\"async\" class=\"size-full wp-image-1133  \" title=\"P\u00fablico assiste ao curta-metragem O astista contra o caba do mal, no Cine B na ETEC de Ferraz de Vasconcelos\" src=\"http:\/\/projetocineb.com.br\/wp-content\/uploads\/2010\/08\/ferraz12.jpg\" alt=\"P\u00fablico assiste ao curta-metragem O astista contra o caba do mal, no Cine B na ETEC de Ferraz de Vasconcelos\" width=\"384\" height=\"255\" \/><\/a><figcaption id=\"caption-attachment-1133\" class=\"wp-caption-text\">P\u00fablico assiste ao curta-metragem O astista contra o caba do mal, no Cine B na ETEC de Ferraz de Vasconcelos<\/figcaption><\/figure>\n<figure id=\"attachment_1130\" aria-describedby=\"caption-attachment-1130\" style=\"width: 384px\" class=\"wp-caption aligncenter\"><a href=\"http:\/\/projetocineb.com.br\/wp-content\/uploads\/2010\/08\/ferraz09.jpg\"><img loading=\"lazy\" decoding=\"async\" class=\"size-full wp-image-1130  \" title=\"Cid\u00e1lio explica como entrar no Blog do Cine B\" src=\"http:\/\/projetocineb.com.br\/wp-content\/uploads\/2010\/08\/ferraz09.jpg\" alt=\"Cid\u00e1lio explica como entrar no Blog do Cine B\" width=\"384\" height=\"255\" \/><\/a><figcaption id=\"caption-attachment-1130\" class=\"wp-caption-text\">Cid\u00e1lio explica como entrar no Blog do Cine B<\/figcaption><\/figure>\n<figure id=\"attachment_1134\" aria-describedby=\"caption-attachment-1134\" style=\"width: 384px\" class=\"wp-caption aligncenter\"><a href=\"http:\/\/projetocineb.com.br\/wp-content\/uploads\/2010\/08\/ferraz13.jpg\"><img loading=\"lazy\" decoding=\"async\" class=\"size-full wp-image-1134  \" title=\"Cid\u00e1lio Vieira Santos da Brazucah Produ\u00e7\u00f5es conversa com o p\u00fablico do evento\" src=\"http:\/\/projetocineb.com.br\/wp-content\/uploads\/2010\/08\/ferraz13.jpg\" alt=\"Cid\u00e1lio Vieira Santos da Brazucah Produ\u00e7\u00f5es conversa com o p\u00fablico do evento\" width=\"384\" height=\"255\" \/><\/a><figcaption id=\"caption-attachment-1134\" class=\"wp-caption-text\">Cid\u00e1lio Vieira Santos da Brazucah Produ\u00e7\u00f5es fala sobre o projeto ao p\u00fablico do evento<\/figcaption><\/figure>\n<figure id=\"attachment_1121\" aria-describedby=\"caption-attachment-1121\" style=\"width: 384px\" class=\"wp-caption aligncenter\"><a href=\"http:\/\/projetocineb.com.br\/wp-content\/uploads\/2010\/08\/ferraz19.jpg\"><img loading=\"lazy\" decoding=\"async\" class=\"size-full wp-image-1121  \" title=\"E um viva para os sortudos da noite que levaram para casa v\u00e1rios brindes!\" src=\"http:\/\/projetocineb.com.br\/wp-content\/uploads\/2010\/08\/ferraz19.jpg\" alt=\"E um viva para os sortudos da noite que levaram para casa v\u00e1rios brindes!\" width=\"384\" height=\"255\" \/><\/a><figcaption id=\"caption-attachment-1121\" class=\"wp-caption-text\">E um viva para os sortudos da noite que levaram para casa v\u00e1rios brindes!<\/figcaption><\/figure>\n","protected":false},"excerpt":{"rendered":"<p>Fotos de Vivian Szelpal Entre beijos apaixonados, mesas e carteiras foi estendido o tel\u00e3o do Cine B na ETEC de[&#8230;]<\/p>\n","protected":false},"author":2,"featured_media":0,"comment_status":"open","ping_status":"open","sticky":false,"template":"","format":"standard","meta":[],"categories":[2],"tags":[154,263,266,529,856,859,1132],"_links":{"self":[{"href":"https:\/\/projetocineb.com.br\/index.php?rest_route=\/wp\/v2\/posts\/1120"}],"collection":[{"href":"https:\/\/projetocineb.com.br\/index.php?rest_route=\/wp\/v2\/posts"}],"about":[{"href":"https:\/\/projetocineb.com.br\/index.php?rest_route=\/wp\/v2\/types\/post"}],"author":[{"embeddable":true,"href":"https:\/\/projetocineb.com.br\/index.php?rest_route=\/wp\/v2\/users\/2"}],"replies":[{"embeddable":true,"href":"https:\/\/projetocineb.com.br\/index.php?rest_route=%2Fwp%2Fv2%2Fcomments&post=1120"}],"version-history":[{"count":0,"href":"https:\/\/projetocineb.com.br\/index.php?rest_route=\/wp\/v2\/posts\/1120\/revisions"}],"wp:attachment":[{"href":"https:\/\/projetocineb.com.br\/index.php?rest_route=%2Fwp%2Fv2%2Fmedia&parent=1120"}],"wp:term":[{"taxonomy":"category","embeddable":true,"href":"https:\/\/projetocineb.com.br\/index.php?rest_route=%2Fwp%2Fv2%2Fcategories&post=1120"},{"taxonomy":"post_tag","embeddable":true,"href":"https:\/\/projetocineb.com.br\/index.php?rest_route=%2Fwp%2Fv2%2Ftags&post=1120"}],"curies":[{"name":"wp","href":"https:\/\/api.w.org\/{rel}","templated":true}]}}