{"id":11210,"date":"2018-12-01T09:42:11","date_gmt":"2018-12-01T11:42:11","guid":{"rendered":"http:\/\/projetocineb.com.br\/?p=11210"},"modified":"2018-12-01T09:42:11","modified_gmt":"2018-12-01T11:42:11","slug":"estreia-de-sequestro-relampago-com-presenca-de-tata-amaral","status":"publish","type":"post","link":"https:\/\/projetocineb.com.br\/?p=11210","title":{"rendered":"Tata Amaral na estreia de \u201cSequestro Rel\u00e2mpago\u201d"},"content":{"rendered":"<p><em>Sess\u00e3o especial aconteceu no Jardim Ibirapuera, na Zona Sul de S\u00e3o Paulo &#8211; onde Tata Amaral gravou parte das sequ\u00eancias do filme \u2013, na quadra da EMEF General de Gaulle, no \u00faltimo s\u00e1bado, 24\/11.<\/em><\/p>\n<figure id=\"attachment_11212\" aria-describedby=\"caption-attachment-11212\" style=\"width: 831px\" class=\"wp-caption alignleft\"><a href=\"http:\/\/projetocineb.com.br\/wp-content\/uploads\/2018\/12\/DSC_0110.jpg\"><img fetchpriority=\"high\" decoding=\"async\" class=\"size-full wp-image-11212\" src=\"http:\/\/projetocineb.com.br\/wp-content\/uploads\/2018\/12\/DSC_0110.jpg\" alt=\"\" width=\"831\" height=\"552\" \/><\/a><figcaption id=\"caption-attachment-11212\" class=\"wp-caption-text\">Estreia com pipoca<\/figcaption><\/figure>\n<p>O CineB teve uma noite de gala no s\u00e1bado, 24\/11, ao levar, pela primeira vez, uma sess\u00e3o ao Jardim Ibirapuera, na Zona Sul de S\u00e3o Paulo, com direito a tapete vermelho e a presen\u00e7a de parte do elenco e produ\u00e7\u00e3o do longa-metragem \u201cSequestro Rel\u00e2mpago\u201d, dirigido por Tata Amaral. O filme entrou no circuito de exibi\u00e7\u00e3o do projeto ao mesmo tempo que no circuito comercial.<\/p>\n<p>O novo longa da cineasta \u00e9 baseado em uma hist\u00f3ria real e tem como protagonista Isabel (Marina Ruy Barbosa), uma jovem que acaba sendo levada por Matheus (Sidney Santiago) e Japon\u00eas (Daniel Rocha) depois de beber com os amigos em um bar. O que deveria ser um assalto se torna um sequestro rel\u00e2mpago depois que eles n\u00e3o conseguem tirar dinheiro da conta da menina. Com ela at\u00e9 a manh\u00e3 seguinte, eles andam por S\u00e3o Paulo e planejam o que fazer com as horas que t\u00eam pela frente.<\/p>\n<figure id=\"attachment_11213\" aria-describedby=\"caption-attachment-11213\" style=\"width: 813px\" class=\"wp-caption alignleft\"><a href=\"http:\/\/projetocineb.com.br\/wp-content\/uploads\/2018\/12\/DSC_0204.jpg\"><img decoding=\"async\" class=\"size-full wp-image-11213\" src=\"http:\/\/projetocineb.com.br\/wp-content\/uploads\/2018\/12\/DSC_0204.jpg\" alt=\"\" width=\"813\" height=\"552\" \/><\/a><figcaption id=\"caption-attachment-11213\" class=\"wp-caption-text\">O coordenador do CineB Cid\u00e1lio Vieira Santos e parte da produ\u00e7\u00e3o do filme &#8220;Sequestro Rel\u00e2mpago&#8221;.<\/figcaption><\/figure>\n<p>A sess\u00e3o foi organizada por Ivonete Pereira de Almeida, Preta, l\u00edder da comunidade h\u00e1 mais de 15 anos, na Quadra da Escola Municipal de Ensino Fundamental (EMEF) General de Gaulle. Preta tamb\u00e9m colaborou com a produ\u00e7\u00e3o do filme, que teve v\u00e1rias sequ\u00eancias gravadas nas ruas e em um bar na comunidade, al\u00e9m de contar com v\u00e1rios moradores como atores extras nas sequ\u00eancias do bairro. \u201cFoi um orgulho muito grande a Tata escolher nossa comunidade para fazer o filme. Eu trabalhei orientando os moradores para n\u00e3o atrapalhar o trabalho deles\u201d, destaca.<\/p>\n<p>Tata Amaral chegou cedo para a sess\u00e3o, bem antes que boa parte dos moradores, acompanhada de parte da equipe de produ\u00e7\u00e3o do filme: \u201cDesde Antonia, todos os meus filmes t\u00eam pr\u00e9-estreia no CineB. Eu sou admiradora do projeto que leva cinema para lugares onde n\u00e3o t\u00eam salas de cinema. E permite que as pessoas tenham a experi\u00eancia do cinema, \u00e0s vezes pela primeira vez. Ent\u00e3o \u00e9 um prazer muito grande, vida longa ao CineB\u201d, comentou pouco antes da exibi\u00e7\u00e3o do filme.<\/p>\n<figure id=\"attachment_11214\" aria-describedby=\"caption-attachment-11214\" style=\"width: 813px\" class=\"wp-caption alignleft\"><a href=\"http:\/\/projetocineb.com.br\/wp-content\/uploads\/2018\/12\/DSC_0188.jpg\"><img decoding=\"async\" class=\"size-full wp-image-11214\" src=\"http:\/\/projetocineb.com.br\/wp-content\/uploads\/2018\/12\/DSC_0188.jpg\" alt=\"\" width=\"813\" height=\"552\" \/><\/a><figcaption id=\"caption-attachment-11214\" class=\"wp-caption-text\">Gislaine Costa, inspetora da E.E. General de Gaulle e Preta, l\u00edder comunit\u00e1ria no Jardim Ibirapuera.<\/figcaption><\/figure>\n<p>Parte dos figurantes do filme que moram no bairro estavam presentes \u00e0 estreia. Neusa Maria da Silva, Carlos Alberto dos Santos e Jailton Meire dos Santos, o Chalita, assistiram pela primeira vez o longa na quadra da escola e se emocionaram com o que viram. Quando, l\u00e1 pela metade do filme, apareceu a primeira imagem do morro do Jardim Ibirapuera, que fica \u00e0s margens do Rio Pinheiros, pr\u00f3ximo \u00e0 Santo Amaro, o p\u00fablico a reconheceu, com aplausos e muito burburinho, e veio abaixo com a longa sequ\u00eancia de imagens das ruas do bairro, do bar e da vista que se tem de l\u00e1 da cidade de S\u00e3o Paulo.<\/p>\n<figure id=\"attachment_11217\" aria-describedby=\"caption-attachment-11217\" style=\"width: 831px\" class=\"wp-caption alignleft\"><a href=\"http:\/\/projetocineb.com.br\/wp-content\/uploads\/2018\/12\/DSC_0120.jpg\"><img loading=\"lazy\" decoding=\"async\" class=\"size-full wp-image-11217\" src=\"http:\/\/projetocineb.com.br\/wp-content\/uploads\/2018\/12\/DSC_0120.jpg\" alt=\"\" width=\"831\" height=\"535\" \/><\/a><figcaption id=\"caption-attachment-11217\" class=\"wp-caption-text\">A dona de casa Neusa Maria, o pizzaiolo Carlos Alberto dos Santos e Chalita, figurantes do filme.<\/figcaption><\/figure>\n<p>As mais de 120 pessoas que estavam na sess\u00e3o n\u00e3o arredaram o p\u00e9 at\u00e9 o final do filme e uma boa parte acompanhou o debate que reuniu al\u00e9m da Tata Amaral, Preta, os atores figurantes da comunidade, o montador do filme, Rodrigo Menicucci, o ator Ch\u00ea Moais, o foto <em>still\/making off <\/em>do filme\u00a0Cadu Silva, a produtora de lan\u00e7amento, Juliana Lira, e a inspetora da escola, Gislaine Costa.<\/p>\n<figure id=\"attachment_11215\" aria-describedby=\"caption-attachment-11215\" style=\"width: 831px\" class=\"wp-caption alignleft\"><a href=\"http:\/\/projetocineb.com.br\/wp-content\/uploads\/2018\/12\/DSC_0210.jpg\"><img loading=\"lazy\" decoding=\"async\" class=\"size-full wp-image-11215\" src=\"http:\/\/projetocineb.com.br\/wp-content\/uploads\/2018\/12\/DSC_0210.jpg\" alt=\"\" width=\"831\" height=\"552\" \/><\/a><figcaption id=\"caption-attachment-11215\" class=\"wp-caption-text\">A cineasta Tata Amaral no tapete vermelho.<\/figcaption><\/figure>\n<p>Fagner da Silva Oliveira, morador do bairro e gerente de um centro automotivo era um dos que estava \u201cligado\u201d no debate. Ele contou que fez testes para o filme, n\u00e3o foi selecionado, mas acompanhou as grava\u00e7\u00f5es. \u201cNas horas vagas eu procuro fazer arte. N\u00e3o conhecia a Tata, foi a primeira vez que eu tive contato com eles\u201d, confessou, o rapaz, que recentemente atuou como figurante na miniss\u00e9rie Hebe Camargo, que vai ao ar em 2019. \u201cSempre que eu posso eu estou no meio da arte\u201d, destacou.<\/p>\n<p>O Ator Tch\u00ea Moraes incentivou, no debate, as possibilidades que os adolescentes e jovens t\u00eam, hoje, para fazer cinema. \u201dEu me sinto muito feliz de estar na comunidade, porque a democratiza\u00e7\u00e3o do cinema na periferia, trazendo o cinema, fomentando o cinema, possa mostrar para cada adolescente que tem seu celular, que filma seu passinho, que filma a sua cena de com\u00e9dia, que isso j\u00e1 \u00e9 cinema, e se sinta empolgado e mais presente nessa arte\u201d, destacou.<\/p>\n<figure id=\"attachment_11216\" aria-describedby=\"caption-attachment-11216\" style=\"width: 803px\" class=\"wp-caption alignleft\"><a href=\"http:\/\/projetocineb.com.br\/wp-content\/uploads\/2018\/12\/DSC_0341.jpg\"><img loading=\"lazy\" decoding=\"async\" class=\"size-full wp-image-11216\" src=\"http:\/\/projetocineb.com.br\/wp-content\/uploads\/2018\/12\/DSC_0341.jpg\" alt=\"\" width=\"803\" height=\"552\" \/><\/a><figcaption id=\"caption-attachment-11216\" class=\"wp-caption-text\">O debate, ao final da sess\u00e3o.<\/figcaption><\/figure>\n<p>A atriz Bruna Oliveira, de Osasco, que participou de v\u00e1rios debates quando o CineB exibiu \u201cTudo que Aprendemos Juntos\u201d, em 2016, prestigiou a sess\u00e3o. \u201cMinha vida \u00e9 respirar arte. Hoje eu vim prestigiar o pessoal, conhe\u00e7o o Ch\u00ea, que fez o filme \u201cScape from Brazil\u201d comigo, que ser\u00e1 lan\u00e7ado em 2019, a Tata, e \u00e9 muito gostoso acompanhar o projeto CineB, sempre trazendo cinema para a comunidade\u201d, elogia.<\/p>\n<p>O CineB Solar \u00e9 um circuito alternativo de exibi\u00e7\u00e3o que, desde 2007, leva cinema brasileiro para v\u00e1rias regi\u00f5es da cidade. O projeto, que agora passa a se chamar CineB Solar quando estiver nas comunidades por utilizar energia solar para exibir os filmes, j\u00e1 contabiliza um p\u00fablico superior a 60 mil pessoas em mais de 480 sess\u00f5es gratuitas em comunidades, escolas e universidades de S\u00e3o Paulo. J\u00e1 foram exibidos na tela do CineB mais de 116 longas metragens e 73 curtas metragens.<\/p>\n\t\t\t\n\t\t\t<!-- Blueimp gallery -->\n\t\t\t<div id=\"blueimp-gallery\" class=\"blueimp-gallery blueimp-gallery-controls\">\n\t\t\t\t<div class=\"slides\"><\/div>\n\t\t\t\t<h3 class=\"title\"><\/h3>\n\t\t\t\t<a class=\"prev\">\u2039<\/a>\n\t\t\t\t<a class=\"next\">\u203a<\/a>\n\t\t\t\t<a class=\"close\">\u00d7<\/a>\n\t\t\t\t<a class=\"play-pause\"><\/a>\n\t\t\t\t<ol class=\"indicator\"><\/ol>\n\t\t\t\t<div class=\"modal fade\">\n\t\t\t\t\t<div class=\"modal-dialog\">\n\t\t\t\t\t\t<div class=\"modal-content\">\n\t\t\t\t\t\t\t<div class=\"modal-header\">\n\t\t\t\t\t\t\t\t<button type=\"button\" class=\"close\" aria-hidden=\"true\">&times;<\/button>\n\t\t\t\t\t\t\t\t<h4 class=\"modal-title\"><\/h4>\n\t\t\t\t\t\t\t<\/div>\n\t\t\t\t\t\t\t<div class=\"modal-body next\"><\/div>\n\t\t\t\t\t\t\t<div class=\"modal-footer\">\n\t\t\t\t\t\t\t\t<button type=\"button\" class=\"btn btn-default pull-left prev\">\n\t\t\t\t\t\t\t\t\t<i class=\"glyphicon glyphicon-chevron-left\"><\/i>\n\t\t\t\t\t\t\t\t\tPrevious\t\t\t\t\t\t\t\t<\/button>\n\t\t\t\t\t\t\t\t<button type=\"button\" class=\"btn btn-primary next\">\n\t\t\t\t\t\t\t\t\tNext\t\t\t\t\t\t\t\t\t<i class=\"glyphicon glyphicon-chevron-right\"><\/i>\n\t\t\t\t\t\t\t\t<\/button>\n\t\t\t\t\t\t\t<\/div>\n\t\t\t\t\t\t<\/div>\n\t\t\t\t\t<\/div>\n\t\t\t\t<\/div>\n\t\t\t<\/div>\n\t\t\t<script type=\"text\/javascript\">\n\t\t\tjQuery(function() {\n\t\t\t\t\/\/ Set blueimp gallery options\n\t\t\t\tjQuery.extend(blueimp.Gallery.prototype.options, {\n\t\t\t\t\tuseBootstrapModal: false,\n\t\t\t\t\thidePageScrollbars: false\n\t\t\t\t});\n\t\t\t});\n\t\t\t<\/script>\n\t\t\t\n","protected":false},"excerpt":{"rendered":"<p>Sess\u00e3o especial aconteceu no Jardim Ibirapuera, na Zona Sul de S\u00e3o Paulo &#8211; onde Tata Amaral gravou parte das sequ\u00eancias[&#8230;]<\/p>\n","protected":false},"author":3,"featured_media":11211,"comment_status":"open","ping_status":"open","sticky":false,"template":"","format":"standard","meta":[],"categories":[2,6],"tags":[157,219,237,252,429,661,682,1110,1133,1155],"_links":{"self":[{"href":"https:\/\/projetocineb.com.br\/index.php?rest_route=\/wp\/v2\/posts\/11210"}],"collection":[{"href":"https:\/\/projetocineb.com.br\/index.php?rest_route=\/wp\/v2\/posts"}],"about":[{"href":"https:\/\/projetocineb.com.br\/index.php?rest_route=\/wp\/v2\/types\/post"}],"author":[{"embeddable":true,"href":"https:\/\/projetocineb.com.br\/index.php?rest_route=\/wp\/v2\/users\/3"}],"replies":[{"embeddable":true,"href":"https:\/\/projetocineb.com.br\/index.php?rest_route=%2Fwp%2Fv2%2Fcomments&post=11210"}],"version-history":[{"count":0,"href":"https:\/\/projetocineb.com.br\/index.php?rest_route=\/wp\/v2\/posts\/11210\/revisions"}],"wp:featuredmedia":[{"embeddable":true,"href":"https:\/\/projetocineb.com.br\/index.php?rest_route=\/wp\/v2\/media\/11211"}],"wp:attachment":[{"href":"https:\/\/projetocineb.com.br\/index.php?rest_route=%2Fwp%2Fv2%2Fmedia&parent=11210"}],"wp:term":[{"taxonomy":"category","embeddable":true,"href":"https:\/\/projetocineb.com.br\/index.php?rest_route=%2Fwp%2Fv2%2Fcategories&post=11210"},{"taxonomy":"post_tag","embeddable":true,"href":"https:\/\/projetocineb.com.br\/index.php?rest_route=%2Fwp%2Fv2%2Ftags&post=11210"}],"curies":[{"name":"wp","href":"https:\/\/api.w.org\/{rel}","templated":true}]}}