{"id":11222,"date":"2018-12-11T10:53:19","date_gmt":"2018-12-11T12:53:19","guid":{"rendered":"http:\/\/projetocineb.com.br\/?p=11222"},"modified":"2018-12-11T10:53:19","modified_gmt":"2018-12-11T12:53:19","slug":"era-o-hotel-cambridge-e-exibido-para-alunos-da-universidade-brasil","status":"publish","type":"post","link":"https:\/\/projetocineb.com.br\/?p=11222","title":{"rendered":"\u201cEra o Hotel Cambridge\u201d \u00e9 exibido para alunos da Universidade Brasil"},"content":{"rendered":"<p><em>O CineB esteve no dia 21\/11 na Universidade Brasil, localizada em Itaquera, Zona Leste de S\u00e3o Paulo, para exibir o filme \u201cEra o Hotel Cambridge\u201d de Eliane Caff\u00e9.<\/em><\/p>\n<figure id=\"attachment_11224\" aria-describedby=\"caption-attachment-11224\" style=\"width: 831px\" class=\"wp-caption alignleft\"><a href=\"http:\/\/projetocineb.com.br\/wp-content\/uploads\/2018\/12\/DSC_0035.jpg\"><img fetchpriority=\"high\" decoding=\"async\" class=\"size-full wp-image-11224\" src=\"http:\/\/projetocineb.com.br\/wp-content\/uploads\/2018\/12\/DSC_0035.jpg\" alt=\"\" width=\"831\" height=\"552\" \/><\/a><figcaption id=\"caption-attachment-11224\" class=\"wp-caption-text\">Alunos de pedagogia da Universidade Brasil lotam o sal\u00e3o paroquial.<\/figcaption><\/figure>\n<p>O CineB exibiu, pela primeira vez, uma sess\u00e3o de cinema para os alunos da Universidade Brasil, localizada em Itaquera, Zona Leste de S\u00e3o Paulo. A sess\u00e3o, aconteceu no sal\u00e3o paroquial da Igreja do Santana que fica ao lado da universidade, em 21 de novembro. Acompanharam a exibi\u00e7\u00e3o do filme \u201cEra o Hotel Cambridge\u201d, da cineasta Eliane Caff\u00e9, alunos de pedagogia.<\/p>\n<p>O filme aborda a quest\u00e3o das ocupa\u00e7\u00f5es nos pr\u00e9dios do Centro de S\u00e3o Paulo. Refugiados rec\u00e9m-chegados ao Brasil dividem com um grupo de sem-tetos um velho edif\u00edcio abandonado no centro de S\u00e3o Paulo. Al\u00e9m da tens\u00e3o di\u00e1ria que a amea\u00e7a de despejo causa, os novos moradores do pr\u00e9dio ter\u00e3o que lidar com seus dramas pessoais e aprender a conviver com pessoas que, apesar de diferentes, enfrentam juntos a vida nas ruas. \u201cEra o Hotel Cambridge\u201d mescla atores profissionais como Jos\u00e9 Dumont e Suely Franco com moradores e lideran\u00e7as da ocupa\u00e7\u00e3o como Carmen Silva, Isam Ahamadi Issa e Guylain Mukendi. O filme foi premiado em diversos festivais de cinema do mundo como o Festival de San Sebatian (Espanha) e Festival de Cinema e Direitos Humanos (Sui\u00e7a) al\u00e9m da 40\u00aa Mostra Internacional de Cinema de S\u00e3o Paulo.<\/p>\n<figure id=\"attachment_11225\" aria-describedby=\"caption-attachment-11225\" style=\"width: 831px\" class=\"wp-caption alignleft\"><a href=\"http:\/\/projetocineb.com.br\/wp-content\/uploads\/2018\/12\/DSC_0039.jpg\"><img decoding=\"async\" class=\"size-full wp-image-11225\" src=\"http:\/\/projetocineb.com.br\/wp-content\/uploads\/2018\/12\/DSC_0039.jpg\" alt=\"\" width=\"831\" height=\"552\" \/><\/a><figcaption id=\"caption-attachment-11225\" class=\"wp-caption-text\">o professor Eduardo Silveira Nunes e o coordenador do CineB Cid\u00e1lio Vieira Santos, na abertura da sess\u00e3o do CineB.<\/figcaption><\/figure>\n<p>Quem fez a \u201cponte\u201d entre o CineB e a comunidade universit\u00e1ria foi Eduardo Silveira Nunes, professor do curso de pedagogia, historiador e pesquisador da \u00e1rea de educa\u00e7\u00e3o. Nunes tamb\u00e9m \u00e9 professor da UniSant\u2019Anna, na Zona Norte, local que recebeu o CineB v\u00e1rias vezes. \u201cPor conhecer o projeto achei oportuno trazer para a universidade um projeto para fomentar um debate sobre moradia e direitos humanos na cidade de S\u00e3o Paulo, no Brasil\u201d, apontou.<\/p>\n<p>Ap\u00f3s a sess\u00e3o, os alunos participaram de um debate conduzido por Nunes e pelo coordenador do CineB, Cid\u00e1lio Vieira Santos, onde muitas alunas se viram, em algum momento da vida, na mesma realidade dos protagonistas do filme, que lutam pelo direito \u00e0 moradia. \u00c9 o caso de Erica Ferreira Silva, aluna do \u00faltimo ano do curso de pedagogia e auxiliar de classe de ensino fundamental e educa\u00e7\u00e3o infantil. \u201cEu me deparei com uma realidade que eu j\u00e1 vivi, com os meus pais. Fiz a mem\u00f3ria de como foi dif\u00edcil conquistar o espa\u00e7o no qual eu moro hoje, mas que valeu a pena, \u00e9 minha hist\u00f3ria\u201d, refletiu.<\/p>\n<figure id=\"attachment_11226\" aria-describedby=\"caption-attachment-11226\" style=\"width: 831px\" class=\"wp-caption alignleft\"><a href=\"http:\/\/projetocineb.com.br\/wp-content\/uploads\/2018\/12\/DSC_0049.jpg\"><img decoding=\"async\" class=\"size-full wp-image-11226\" src=\"http:\/\/projetocineb.com.br\/wp-content\/uploads\/2018\/12\/DSC_0049.jpg\" alt=\"\" width=\"831\" height=\"552\" \/><\/a><figcaption id=\"caption-attachment-11226\" class=\"wp-caption-text\">Erica Ferreira Silva (esquerda) e colegas, alunas do \u00faltimo ano do curso de pedagogia.<\/figcaption><\/figure>\n<p>Para Evelin dos Reis, aluna do primeiro semestre de pedagogia e moradora da regi\u00e3o de Guaianases elogiou o filme, e destacou a necessidade de se respeitar a luta das fam\u00edlias mais humildes. \u201cH\u00e1 pouco tempo, em Guaianases, teve uma reintegra\u00e7\u00e3o de posse e as pessoas j\u00e1 tinham constru\u00eddo casas de tijolos, ou seja, foi dinheiro, foi tempo. Ent\u00e3o penso o seguinte: se o terreno est\u00e1 abandonado, n\u00e3o tem vida, \u00e9 dep\u00f3sito de lixo, e aparece fam\u00edlias que n\u00e3o t\u00eam possibilidade de comprar uma casa, vai l\u00e1, limpa o terreno, come\u00e7a do zero e d\u00e1 a vida para aquele lugar, porque elas n\u00e3o podem ter o direito de permanecer ali?. Porque o governo, o \u00f3rg\u00e3o respons\u00e1vel, n\u00e3o passa a cobrar um valor, como se fosse uma parcela, para as pessoas poderem pagar e morar dignamente?\u201d pergunta.<\/p>\n<p>Para a professora de Direitos Humanos, G\u00eanero e Rela\u00e7\u00f5es Sociais, N\u00fabia Lima, o filme ajudou bastante no di\u00e1logo da disciplina. \u201cO filme fez uma boa finaliza\u00e7\u00e3o para essa discuss\u00e3o t\u00e3o premente que \u00e9 de direitos humanos\u201d, referindo-se \u00e0 luta e a conquista do direito a moradia pelos ocupantes do antigo Hotel Cambridge.<\/p>\n<p>O CineB \u00e9 um circuito alternativo de exibi\u00e7\u00e3o que, desde 2007, leva cinema brasileiro para v\u00e1rias regi\u00f5es da cidade. O projeto, j\u00e1 contabiliza um p\u00fablico superior a 60 mil pessoas em mais de 480 sess\u00f5es gratuitas em comunidades, escolas e universidades de S\u00e3o Paulo. J\u00e1 foram exibidos na tela do CineB mais de 116 longas metragens e 73 curtas metragens.<\/p>\n\t\t\t\n\t\t\t<!-- Blueimp gallery -->\n\t\t\t<div id=\"blueimp-gallery\" class=\"blueimp-gallery blueimp-gallery-controls\">\n\t\t\t\t<div class=\"slides\"><\/div>\n\t\t\t\t<h3 class=\"title\"><\/h3>\n\t\t\t\t<a class=\"prev\">\u2039<\/a>\n\t\t\t\t<a class=\"next\">\u203a<\/a>\n\t\t\t\t<a class=\"close\">\u00d7<\/a>\n\t\t\t\t<a class=\"play-pause\"><\/a>\n\t\t\t\t<ol class=\"indicator\"><\/ol>\n\t\t\t\t<div class=\"modal fade\">\n\t\t\t\t\t<div class=\"modal-dialog\">\n\t\t\t\t\t\t<div class=\"modal-content\">\n\t\t\t\t\t\t\t<div class=\"modal-header\">\n\t\t\t\t\t\t\t\t<button type=\"button\" class=\"close\" aria-hidden=\"true\">&times;<\/button>\n\t\t\t\t\t\t\t\t<h4 class=\"modal-title\"><\/h4>\n\t\t\t\t\t\t\t<\/div>\n\t\t\t\t\t\t\t<div class=\"modal-body next\"><\/div>\n\t\t\t\t\t\t\t<div class=\"modal-footer\">\n\t\t\t\t\t\t\t\t<button type=\"button\" class=\"btn btn-default pull-left prev\">\n\t\t\t\t\t\t\t\t\t<i class=\"glyphicon glyphicon-chevron-left\"><\/i>\n\t\t\t\t\t\t\t\t\tPrevious\t\t\t\t\t\t\t\t<\/button>\n\t\t\t\t\t\t\t\t<button type=\"button\" class=\"btn btn-primary next\">\n\t\t\t\t\t\t\t\t\tNext\t\t\t\t\t\t\t\t\t<i class=\"glyphicon glyphicon-chevron-right\"><\/i>\n\t\t\t\t\t\t\t\t<\/button>\n\t\t\t\t\t\t\t<\/div>\n\t\t\t\t\t\t<\/div>\n\t\t\t\t\t<\/div>\n\t\t\t\t<\/div>\n\t\t\t<\/div>\n\t\t\t<script type=\"text\/javascript\">\n\t\t\tjQuery(function() {\n\t\t\t\t\/\/ Set blueimp gallery options\n\t\t\t\tjQuery.extend(blueimp.Gallery.prototype.options, {\n\t\t\t\t\tuseBootstrapModal: false,\n\t\t\t\t\thidePageScrollbars: false\n\t\t\t\t});\n\t\t\t});\n\t\t\t<\/script>\n\t\t\t\n","protected":false},"excerpt":{"rendered":"<p>O CineB esteve no dia 21\/11 na Universidade Brasil, localizada em Itaquera, Zona Leste de S\u00e3o Paulo, para exibir o[&#8230;]<\/p>\n","protected":false},"author":3,"featured_media":11223,"comment_status":"open","ping_status":"open","sticky":false,"template":"","format":"standard","meta":[],"categories":[2,6],"tags":[237,252,423,447,471,620,1133,1200],"_links":{"self":[{"href":"https:\/\/projetocineb.com.br\/index.php?rest_route=\/wp\/v2\/posts\/11222"}],"collection":[{"href":"https:\/\/projetocineb.com.br\/index.php?rest_route=\/wp\/v2\/posts"}],"about":[{"href":"https:\/\/projetocineb.com.br\/index.php?rest_route=\/wp\/v2\/types\/post"}],"author":[{"embeddable":true,"href":"https:\/\/projetocineb.com.br\/index.php?rest_route=\/wp\/v2\/users\/3"}],"replies":[{"embeddable":true,"href":"https:\/\/projetocineb.com.br\/index.php?rest_route=%2Fwp%2Fv2%2Fcomments&post=11222"}],"version-history":[{"count":0,"href":"https:\/\/projetocineb.com.br\/index.php?rest_route=\/wp\/v2\/posts\/11222\/revisions"}],"wp:featuredmedia":[{"embeddable":true,"href":"https:\/\/projetocineb.com.br\/index.php?rest_route=\/wp\/v2\/media\/11223"}],"wp:attachment":[{"href":"https:\/\/projetocineb.com.br\/index.php?rest_route=%2Fwp%2Fv2%2Fmedia&parent=11222"}],"wp:term":[{"taxonomy":"category","embeddable":true,"href":"https:\/\/projetocineb.com.br\/index.php?rest_route=%2Fwp%2Fv2%2Fcategories&post=11222"},{"taxonomy":"post_tag","embeddable":true,"href":"https:\/\/projetocineb.com.br\/index.php?rest_route=%2Fwp%2Fv2%2Ftags&post=11222"}],"curies":[{"name":"wp","href":"https:\/\/api.w.org\/{rel}","templated":true}]}}