{"id":11229,"date":"2018-12-11T17:19:24","date_gmt":"2018-12-11T19:19:24","guid":{"rendered":"http:\/\/projetocineb.com.br\/?p=11229"},"modified":"2018-12-11T17:19:24","modified_gmt":"2018-12-11T19:19:24","slug":"detox-sp-estreia-no-cineb","status":"publish","type":"post","link":"https:\/\/projetocineb.com.br\/?p=11229","title":{"rendered":"Detox SP estreia no CineB"},"content":{"rendered":"<p><em>O document\u00e1rio, que faz uma reflex\u00e3o sobre a qualidade da \u00e1gua dos rios de S\u00e3o Paulo foi exibido dia 29\/11, no Audit\u00f3rio Amarelo na sede do Sindicato dos Banc\u00e1rios de SP. Os diretores participaram de um debate com o p\u00fablico.<\/em><\/p>\n<figure id=\"attachment_11232\" aria-describedby=\"caption-attachment-11232\" style=\"width: 831px\" class=\"wp-caption alignleft\"><a href=\"http:\/\/projetocineb.com.br\/wp-content\/uploads\/2018\/12\/DSC_0012.jpg\"><img fetchpriority=\"high\" decoding=\"async\" class=\"size-full wp-image-11232\" src=\"http:\/\/projetocineb.com.br\/wp-content\/uploads\/2018\/12\/DSC_0012.jpg\" alt=\"\" width=\"831\" height=\"552\" \/><\/a><figcaption id=\"caption-attachment-11232\" class=\"wp-caption-text\">Felipe Kurc, Cid\u00e1lio Vieira Santos (centro) e Rodolfo Amaral na abertura da sess\u00e3o.<\/figcaption><\/figure>\n<p>O CineB realizou, no dia 29\/11, uma sess\u00e3o especial com a exibi\u00e7\u00e3o de Detox SP. O document\u00e1rio traz uma abordagem que relaciona a circula\u00e7\u00e3o das \u00e1guas de dentro de nosso corpo com os rios, considerado as \u00e1guas de fora. A dupla de jovens cineastas, Felipe Kurc e Rodolfo Amaral, procuraram entender como a polui\u00e7\u00e3o das \u00e1guas e dos rios da cidade de S\u00e3o Paulo, em especial o rio Pinheiros, revelam as emo\u00e7\u00f5es de quem mora na maior cidade do pa\u00eds. Eles fazem isso por meio de entrevistas que analisam o descaso ambiental, mostrando a import\u00e2ncia de se ter o fluxo natural das \u00e1guas restabelecida para o necess\u00e1rio desenvolvimento dos paulistas.<\/p>\n<p>A sess\u00e3o aconteceu no Audit\u00f3rio Amarelo do Sindicato dos Banc\u00e1rios de S\u00e3o Paulo, Osasco e regi\u00e3o e reuniu al\u00e9m de banc\u00e1rios, algumas das lideran\u00e7as de comunidades onde o CineB foi exibido este ano, como Humberto Canavesi, diretor da ONG Juntos e Marli Siqueira, do City Jaragu\u00e1. Ao final, Kurc e Amaral participaram de um debate com o p\u00fablico, que elogiou a abordagem do filme.<\/p>\n<figure id=\"attachment_11233\" aria-describedby=\"caption-attachment-11233\" style=\"width: 831px\" class=\"wp-caption alignleft\"><a href=\"http:\/\/projetocineb.com.br\/wp-content\/uploads\/2018\/12\/DSC_0030.jpg\"><img decoding=\"async\" class=\"size-full wp-image-11233\" src=\"http:\/\/projetocineb.com.br\/wp-content\/uploads\/2018\/12\/DSC_0030.jpg\" alt=\"\" width=\"831\" height=\"552\" \/><\/a><figcaption id=\"caption-attachment-11233\" class=\"wp-caption-text\">P\u00fablico preenche a ficha de avalia\u00e7\u00e3o do document\u00e1rio.<\/figcaption><\/figure>\n<p>\u201cFiquei encantada. Falar de \u00e1gua e emo\u00e7\u00f5es, falar do ser humano. Quero divulgar, assistir com outras pessoas, formar grupo para assistir\u201d, destacou Dilma Lessa Teixeira, banc\u00e1ria aposentada e atualmente servidora p\u00fablica municipal, frequentadora das sess\u00f5es do CineB h\u00e1 anos.<\/p>\n<p>Valdina da Silva, presidente da Associa\u00e7\u00e3o de Trabalhadoras e Trabalhadores Ambulantes e feirantes do Brasil, destacou a import\u00e2ncia do direito \u00e0 cidade. \u201cTemos deixado muito para depois, e temos que lutar pelo que \u00e9 certo, pelo desenvolvimento\u201d, apontou.<\/p>\n<p>Para Alexandra Aparecida da Silva, assistente social, \u00e9 imposs\u00edvel debater a \u00e1gua sem falar de pol\u00edtica, \u201cporque a \u00e1gua \u00e9 um direito humano. O filme colocou a polui\u00e7\u00e3o, mas a gente sabe que est\u00e1 ligado ao sistema capitalista, que \u00e9 destruidor da natureza\u201d, comentou ao final do debate.<\/p>\n<figure id=\"attachment_11234\" aria-describedby=\"caption-attachment-11234\" style=\"width: 831px\" class=\"wp-caption alignleft\"><a href=\"http:\/\/projetocineb.com.br\/wp-content\/uploads\/2018\/12\/DSC_0052.jpg\"><img decoding=\"async\" class=\"size-full wp-image-11234\" src=\"http:\/\/projetocineb.com.br\/wp-content\/uploads\/2018\/12\/DSC_0052.jpg\" alt=\"\" width=\"831\" height=\"549\" \/><\/a><figcaption id=\"caption-attachment-11234\" class=\"wp-caption-text\">Valdina da Silva, presidente da Associa\u00e7\u00e3o de Trabalhadoras e Trabalhadores Ambulantes e feirantes do Brasil.<\/figcaption><\/figure>\n<p>O diretor Felipe Kurc lembrou que o filme est\u00e1 dispon\u00edvel gratuitamente na plataforma on line Videocamp para quem quiser formar grupos e assistir ao document\u00e1rio. \u201cO que a gente mais quer \u00e9 que ele chegue no maior n\u00famero de pessoas poss\u00edvel\u201d, destaca. J\u00e1 Rodolfo Amaral, que teve sua primeira experi\u00eancia atr\u00e1s das c\u00e2meras, elogiou o trabalho que o CineB desenvolve h\u00e1 quase 12 anos democratizando o acesso ao cinema brasileiro. \u201c\u00c9 um projeto fant\u00e1stico que leva o filme para as pessoas, para as comunidades, para as universidade. A gente realmente quer que esse filme traga uma consci\u00eancia\u201d, destacou.<\/p>\n<p>O CineB \u00e9 um circuito alternativo de exibi\u00e7\u00e3o que, desde 2007, leva cinema brasileiro para v\u00e1rias regi\u00f5es da cidade. O projeto, j\u00e1 contabiliza um p\u00fablico superior a 60 mil pessoas em mais de 480 sess\u00f5es gratuitas em comunidades, escolas e universidades de S\u00e3o Paulo. J\u00e1 foram exibidos na tela do CINEB mais de 116 longas metragens e 73 curtas metragens.<\/p>\n\t\t\t\n\t\t\t<!-- Blueimp gallery -->\n\t\t\t<div id=\"blueimp-gallery\" class=\"blueimp-gallery blueimp-gallery-controls\">\n\t\t\t\t<div class=\"slides\"><\/div>\n\t\t\t\t<h3 class=\"title\"><\/h3>\n\t\t\t\t<a class=\"prev\">\u2039<\/a>\n\t\t\t\t<a class=\"next\">\u203a<\/a>\n\t\t\t\t<a class=\"close\">\u00d7<\/a>\n\t\t\t\t<a class=\"play-pause\"><\/a>\n\t\t\t\t<ol class=\"indicator\"><\/ol>\n\t\t\t\t<div class=\"modal fade\">\n\t\t\t\t\t<div class=\"modal-dialog\">\n\t\t\t\t\t\t<div class=\"modal-content\">\n\t\t\t\t\t\t\t<div class=\"modal-header\">\n\t\t\t\t\t\t\t\t<button type=\"button\" class=\"close\" aria-hidden=\"true\">&times;<\/button>\n\t\t\t\t\t\t\t\t<h4 class=\"modal-title\"><\/h4>\n\t\t\t\t\t\t\t<\/div>\n\t\t\t\t\t\t\t<div class=\"modal-body next\"><\/div>\n\t\t\t\t\t\t\t<div class=\"modal-footer\">\n\t\t\t\t\t\t\t\t<button type=\"button\" class=\"btn btn-default pull-left prev\">\n\t\t\t\t\t\t\t\t\t<i class=\"glyphicon glyphicon-chevron-left\"><\/i>\n\t\t\t\t\t\t\t\t\tPrevious\t\t\t\t\t\t\t\t<\/button>\n\t\t\t\t\t\t\t\t<button type=\"button\" class=\"btn btn-primary next\">\n\t\t\t\t\t\t\t\t\tNext\t\t\t\t\t\t\t\t\t<i class=\"glyphicon glyphicon-chevron-right\"><\/i>\n\t\t\t\t\t\t\t\t<\/button>\n\t\t\t\t\t\t\t<\/div>\n\t\t\t\t\t\t<\/div>\n\t\t\t\t\t<\/div>\n\t\t\t\t<\/div>\n\t\t\t<\/div>\n\t\t\t<script type=\"text\/javascript\">\n\t\t\tjQuery(function() {\n\t\t\t\t\/\/ Set blueimp gallery options\n\t\t\t\tjQuery.extend(blueimp.Gallery.prototype.options, {\n\t\t\t\t\tuseBootstrapModal: false,\n\t\t\t\t\thidePageScrollbars: false\n\t\t\t\t});\n\t\t\t});\n\t\t\t<\/script>\n\t\t\t\n","protected":false},"excerpt":{"rendered":"<p>O document\u00e1rio, que faz uma reflex\u00e3o sobre a qualidade da \u00e1gua dos rios de S\u00e3o Paulo foi exibido dia 29\/11,[&#8230;]<\/p>\n","protected":false},"author":3,"featured_media":11231,"comment_status":"open","ping_status":"open","sticky":false,"template":"","format":"standard","meta":[],"categories":[2,6],"tags":[237,252,386,522,1069,1133],"_links":{"self":[{"href":"https:\/\/projetocineb.com.br\/index.php?rest_route=\/wp\/v2\/posts\/11229"}],"collection":[{"href":"https:\/\/projetocineb.com.br\/index.php?rest_route=\/wp\/v2\/posts"}],"about":[{"href":"https:\/\/projetocineb.com.br\/index.php?rest_route=\/wp\/v2\/types\/post"}],"author":[{"embeddable":true,"href":"https:\/\/projetocineb.com.br\/index.php?rest_route=\/wp\/v2\/users\/3"}],"replies":[{"embeddable":true,"href":"https:\/\/projetocineb.com.br\/index.php?rest_route=%2Fwp%2Fv2%2Fcomments&post=11229"}],"version-history":[{"count":0,"href":"https:\/\/projetocineb.com.br\/index.php?rest_route=\/wp\/v2\/posts\/11229\/revisions"}],"wp:featuredmedia":[{"embeddable":true,"href":"https:\/\/projetocineb.com.br\/index.php?rest_route=\/wp\/v2\/media\/11231"}],"wp:attachment":[{"href":"https:\/\/projetocineb.com.br\/index.php?rest_route=%2Fwp%2Fv2%2Fmedia&parent=11229"}],"wp:term":[{"taxonomy":"category","embeddable":true,"href":"https:\/\/projetocineb.com.br\/index.php?rest_route=%2Fwp%2Fv2%2Fcategories&post=11229"},{"taxonomy":"post_tag","embeddable":true,"href":"https:\/\/projetocineb.com.br\/index.php?rest_route=%2Fwp%2Fv2%2Ftags&post=11229"}],"curies":[{"name":"wp","href":"https:\/\/api.w.org\/{rel}","templated":true}]}}