{"id":11236,"date":"2018-12-21T11:36:20","date_gmt":"2018-12-21T13:36:20","guid":{"rendered":"http:\/\/projetocineb.com.br\/?p=11236"},"modified":"2018-12-21T11:36:20","modified_gmt":"2018-12-21T13:36:20","slug":"cinema-com-energia-solar-foi-o-destaque-da-temporada","status":"publish","type":"post","link":"https:\/\/projetocineb.com.br\/?p=11236","title":{"rendered":"Uso de energia solar foi o destaque da temporada"},"content":{"rendered":"<p><em>Um furg\u00e3o equipado com sistema de capta\u00e7\u00e3o de energia solar para exibir filmes foi a grande vedete da temporada no CineB e economizou 60 mil watts de energia. Em 11 anos, projeto atingiu 64 mil pessoas.<\/em><\/p>\n<figure id=\"attachment_11249\" aria-describedby=\"caption-attachment-11249\" style=\"width: 1800px\" class=\"wp-caption alignleft\"><a href=\"http:\/\/projetocineb.com.br\/wp-content\/uploads\/2018\/12\/IMG_2539_@baixa.jpg\"><img fetchpriority=\"high\" decoding=\"async\" class=\"size-full wp-image-11249\" src=\"http:\/\/projetocineb.com.br\/wp-content\/uploads\/2018\/12\/IMG_2539_@baixa.jpg\" alt=\"\" width=\"1800\" height=\"1200\" \/><\/a><figcaption id=\"caption-attachment-11249\" class=\"wp-caption-text\">P\u00fablico dentro da van do CineB Solar conhece como funciona o sistema que gera energia a partir do sol.<\/figcaption><\/figure>\n<p>O CineB encerra a temporada 2018 contabilizando uma economia de energia de 60 mil watts (60Kw). Isso porque, 25 das 40 sess\u00f5es do ano utilizaram energia solar no funcionamento dos equipamentos de exibi\u00e7\u00e3o, som e ilumina\u00e7\u00e3o. A economia, que equivale ao uso de uma TV de 50\u201d ligada por 256 horas, foi poss\u00edvel porque as sess\u00f5es utilizaram energia captadas atrav\u00e9s de um ve\u00edculo equipado com placas solares, baterias e conversor. Os equipamentos transformam a energia do sol em energia el\u00e9trica.<\/p>\n<p>A a\u00e7\u00e3o vai al\u00e9m da economia, segundo Cid\u00e1lio Vieira Santos, coordenador do CineB Solar, pois o projeto est\u00e1 vinculado a uma ideia de sustentabilidade que est\u00e1 ficando cada vez mais acess\u00edvel \u00e0s pessoas, substituindo a energia el\u00e9trica pela energia solar, abundante no Brasil. \u201cO CineB Solar \u00e9 uma prova de que \u00e9 poss\u00edvel economizar energia com projetos alternativos. A van conta com uma esta\u00e7\u00e3o de ci\u00eancias com equipamentos que ajudam a entender como se transforma energia solar em energia el\u00e9trica\u201d, destaca. \u201cAntes e depois da exibi\u00e7\u00e3o dos filmes, as pessoas puderam conhecer como funciona o sistema\u201d, finaliza.<\/p>\n<figure id=\"attachment_11240\" aria-describedby=\"caption-attachment-11240\" style=\"width: 831px\" class=\"wp-caption alignleft\"><a href=\"http:\/\/projetocineb.com.br\/wp-content\/uploads\/2018\/12\/DSC_0690.jpg\"><img decoding=\"async\" class=\"size-full wp-image-11240\" src=\"http:\/\/projetocineb.com.br\/wp-content\/uploads\/2018\/12\/DSC_0690.jpg\" alt=\"\" width=\"831\" height=\"552\" \/><\/a><figcaption id=\"caption-attachment-11240\" class=\"wp-caption-text\"><em>A van possibilitou realizar mais de uma dezena de sess\u00f5es ao ar livre. No destaque, campo de futebol no Jaragu\u00e1 City, zona norte de S\u00e3o Paulo<\/em><\/figcaption><\/figure>\n<p>O ve\u00edculo adaptado para captar a energia solar para exibir filmes \u00e9 um projeto desenvolvido pela Brazucah Produ\u00e7\u00f5es, parceira do Sindicato dos Banc\u00e1rios de S\u00e3o Paulo, Osasco e regi\u00e3o na produ\u00e7\u00e3o do CineB. O Cinesolar, como o projeto \u00e9 conhecido, \u00e9 o primeiro cinema itinerante do Brasil movido a energia limpa e renov\u00e1vel. O projeto exibe filmes e promove arte e sustentabilidade atrav\u00e9s de oficinas art\u00edsticas e l\u00fadicas. O ve\u00edculo circula por comunidades de todas as regi\u00f5es do pa\u00eds, levando cinema brasileiro e educa\u00e7\u00e3o ambiental. Saiba mais em www.cinesolar.com.br.<\/p>\n<figure id=\"attachment_11241\" aria-describedby=\"caption-attachment-11241\" style=\"width: 831px\" class=\"wp-caption alignleft\"><a href=\"http:\/\/projetocineb.com.br\/wp-content\/uploads\/2018\/12\/DSC_0099.jpg\"><img decoding=\"async\" class=\"size-full wp-image-11241\" src=\"http:\/\/projetocineb.com.br\/wp-content\/uploads\/2018\/12\/DSC_0099.jpg\" alt=\"\" width=\"831\" height=\"552\" \/><\/a><figcaption id=\"caption-attachment-11241\" class=\"wp-caption-text\"><em>P\u00fablico reunido na pra\u00e7a da igreja Nossa Senhora Aparecida, na Vila Nova Uni\u00e3o, zona leste da capital<\/em><\/figcaption><\/figure>\n<p><strong>P\u00daBLICO<\/strong><br \/>\nAs 40 sess\u00f5es, que atingiram todas as regi\u00f5es da cidade de S\u00e3o Paulo e cidades da Regi\u00e3o Metropolitana como Embu das Artes, Mau\u00e1 e S\u00e3o Bernardo do Campo, reuniram um p\u00fablico de 3.470 pessoas, sendo 2.470 nas exibi\u00e7\u00f5es feitas com o CineB Solar. Durante os 11 anos do projeto, mais de 64 mil pessoas j\u00e1 acompanharam uma sess\u00e3o do CineB.<\/p>\n<p><strong>FILMES BRASILEIROS<\/strong><br \/>\nEm 2018, forame exibidos 9 longa-metragens: \u201cJo\u00e3o, O Maestro\u201d, \u201cCoragem! As Muitas Vidas do Cardeal Paulo Evaristo Arns\u201d, \u201cEra O Hotel Cambridge\u201d, \u201cA Menina \u00cdndigo\u201d, \u201cEncantados\u201d \u201cHistorietas Assombradas\u201d, \u201cMade in China\u201d, \u201cSequestro Rel\u00e2mpago\u201d e \u201cDetox SP\u201d.<\/p>\n<p>O destaque da temporada ficou por conta da exibi\u00e7\u00e3o de \u201cSequestro Rel\u00e2mpago\u201d, da cineasta Tata Amaral, que entrou em cartaz no CineB na mesma semana que no circuito comercial. A estreia, em novembro, contou com a presen\u00e7a da diretora e parte da produ\u00e7\u00e3o do filme numa sess\u00e3o no Jardim Ibirapuera, na Zona Sul de S\u00e3o Paulo, bairro onde aconteceram parte das loca\u00e7\u00f5es do filme. Tamb\u00e9m participaram de debates nas sess\u00f5es do CineB durante 2018, os diretores Felipe Kurc e Rodolfo Amaral (Detox SP), Ricardo Carvalho (Coragem! As Muitas Vidas do Cardeal Paulo Evaristo Arns) e a protagonista do filme \u201cEra o Hotel Cambridge\u201d, Carmem Silva.<\/p>\n<figure id=\"attachment_11242\" aria-describedby=\"caption-attachment-11242\" style=\"width: 4272px\" class=\"wp-caption alignleft\"><a href=\"http:\/\/projetocineb.com.br\/wp-content\/uploads\/2018\/12\/IMG_1899.jpg\"><img loading=\"lazy\" decoding=\"async\" class=\"size-full wp-image-11242\" src=\"http:\/\/projetocineb.com.br\/wp-content\/uploads\/2018\/12\/IMG_1899.jpg\" alt=\"\" width=\"4272\" height=\"2848\" \/><\/a><figcaption id=\"caption-attachment-11242\" class=\"wp-caption-text\"><em>P\u00fablico do Jardim S\u00e3o Bernardo, na Grande S\u00e3o Paulo, acompanha o filme &#8220;Encantados&#8221;, de Tizuka Yamazaki, em outra sess\u00e3o ao ar livre<\/em><\/figcaption><\/figure>\n<p>O CineB Solar \u00e9 um circuito alternativo de exibi\u00e7\u00e3o que, desde 2007, leva cinema brasileiro para v\u00e1rias regi\u00f5es da cidade. O projeto, j\u00e1 contabiliza um p\u00fablico superior a 64 mil pessoas em mais de 512 sess\u00f5es gratuitas em comunidades, escolas e universidades de S\u00e3o Paulo. J\u00e1 foram exibidos na tela do CINEB mais de 124 longas metragens e 73 curtas metragens.<\/p>\n","protected":false},"excerpt":{"rendered":"<p>Um furg\u00e3o equipado com sistema de capta\u00e7\u00e3o de energia solar para exibir filmes foi a grande vedete da temporada no[&#8230;]<\/p>\n","protected":false},"author":3,"featured_media":11237,"comment_status":"open","ping_status":"open","sticky":false,"template":"","format":"standard","meta":[],"categories":[2,6],"tags":[32,237,252,255,331,386,463,471,605,701,773,1110,1133],"_links":{"self":[{"href":"https:\/\/projetocineb.com.br\/index.php?rest_route=\/wp\/v2\/posts\/11236"}],"collection":[{"href":"https:\/\/projetocineb.com.br\/index.php?rest_route=\/wp\/v2\/posts"}],"about":[{"href":"https:\/\/projetocineb.com.br\/index.php?rest_route=\/wp\/v2\/types\/post"}],"author":[{"embeddable":true,"href":"https:\/\/projetocineb.com.br\/index.php?rest_route=\/wp\/v2\/users\/3"}],"replies":[{"embeddable":true,"href":"https:\/\/projetocineb.com.br\/index.php?rest_route=%2Fwp%2Fv2%2Fcomments&post=11236"}],"version-history":[{"count":0,"href":"https:\/\/projetocineb.com.br\/index.php?rest_route=\/wp\/v2\/posts\/11236\/revisions"}],"wp:featuredmedia":[{"embeddable":true,"href":"https:\/\/projetocineb.com.br\/index.php?rest_route=\/wp\/v2\/media\/11237"}],"wp:attachment":[{"href":"https:\/\/projetocineb.com.br\/index.php?rest_route=%2Fwp%2Fv2%2Fmedia&parent=11236"}],"wp:term":[{"taxonomy":"category","embeddable":true,"href":"https:\/\/projetocineb.com.br\/index.php?rest_route=%2Fwp%2Fv2%2Fcategories&post=11236"},{"taxonomy":"post_tag","embeddable":true,"href":"https:\/\/projetocineb.com.br\/index.php?rest_route=%2Fwp%2Fv2%2Ftags&post=11236"}],"curies":[{"name":"wp","href":"https:\/\/api.w.org\/{rel}","templated":true}]}}