{"id":11251,"date":"2019-02-08T12:17:21","date_gmt":"2019-02-08T14:17:21","guid":{"rendered":"http:\/\/projetocineb.com.br\/?p=11251"},"modified":"2019-02-08T12:17:21","modified_gmt":"2019-02-08T14:17:21","slug":"comer-o-que-abre-temporada-2019-do-cineb","status":"publish","type":"post","link":"https:\/\/projetocineb.com.br\/?p=11251","title":{"rendered":"\u201cComer o Qu\u00ea?\u201d abre temporada 2019 do CineB"},"content":{"rendered":"<p><em>Filme de Leonardo Brant ser\u00e1 exibido s\u00e1bado, dia 23, 10h, durante Feira Org\u00e2nica na Regional Paulista. Ap\u00f3s a sess\u00e3o, o diretor participar\u00e1 de um debate com o p\u00fablico. Com entrada franca.<\/em><\/p>\n<p><a href=\"http:\/\/projetocineb.com.br\/wp-content\/uploads\/2019\/02\/Comer-o-que-2.jpg\"><img fetchpriority=\"high\" decoding=\"async\" class=\"alignleft size-full wp-image-11254\" src=\"http:\/\/projetocineb.com.br\/wp-content\/uploads\/2019\/02\/Comer-o-que-2.jpg\" alt=\"\" width=\"1280\" height=\"720\" \/><\/a><\/p>\n<p>O CineB est\u00e1 de volta, para uma nova temporada, a 12\u00aa desde que foi criado, em 2007. E come\u00e7a em grande estilo: com a exibi\u00e7\u00e3o do document\u00e1rio \u201cComer o Qu\u00ea?\u201d de Leonardo Brant, que vai participar de um debate ao final da exibi\u00e7\u00e3o.<\/p>\n<p>A sess\u00e3o acontece no s\u00e1bado, 23\/02, \u00e0s 10 horas, durante a realiza\u00e7\u00e3o de uma Feira Org\u00e2nica no Espa\u00e7o L\u00e9lia Abramo, Regional Paulista do Sindicato dos Banc\u00e1rios de S\u00e3o Paulo Osasco e Regi\u00e3o.<br \/>\nO document\u00e1rio de Brant, lan\u00e7ado em 2016, busca, atrav\u00e9s dos olhares dos personagens, mostrar as diversas possibilidades para se ter uma boa alimenta\u00e7\u00e3o e analisa os h\u00e1bitos t\u00edpicos do Brasil. A atriz e nutricionista Graziela Mantoanelli acompanha o dia a dia de Alex Atala, Bela Gil, Helena Rizzo, Marcos Palmeira, Marcio Atalla, entre outros especialistas no tema. Al\u00e9m de mostrar seus h\u00e1bitos alimentares, o time de chefs consagrados, produtores rurais, profissionais das \u00e1reas de nutri\u00e7\u00e3o, economia e gastronomia, abordam temas como agroneg\u00f3cio, a comida como forma de sociabilidade, a incorpora\u00e7\u00e3o de paisagens brasileiras \u00e0 mesa, alimentos org\u00e2nicos, sa\u00fade e outros.<\/p>\n<p><strong>Feira e artesanato<\/strong><\/p>\n<p>Na Feira Org\u00e2nica, que funcionar\u00e1 das 10h \u00e0s 14h, com entrada gratuita, os visitantes encontrar\u00e3o itens org\u00e2nicos, agroecol\u00f3gicos e artesanatos da economia solid\u00e1ria. O grupo Conecta em Rede \u2013 Rede de Colabora\u00e7\u00e3o Solid\u00e1ria, que atua em rede com o objetivo de contribuir para a comercializa\u00e7\u00e3o do trabalho de empreendedores, tamb\u00e9m estar\u00e1 presente e levar\u00e1 para a feira artesanatos, alimentos org\u00e2nicos, vinhos e cacha\u00e7as, roupas entre outros, produzidos de forma individual, mas comercializados de forma coletiva.<\/p>\n<p>\u201cEu acredito ser importante a\u00e7\u00f5es articuladas com outros movimentos para fortalecimento de todas as lutas. O Conecta em Rede \u00e9 um coletivo que tem como princ\u00edpio a Economia Solid\u00e1ria, mas dentro dos outros movimentos, tratar a quest\u00e3o da gera\u00e7\u00e3o de renda tamb\u00e9m \u00e9 necess\u00e1rio, portanto esses encontros podem beneficiar muitas pessoas na troca de saberes, abrindo portas para outros caminhos\u201d, diz Glauce Machado, t\u00e9cnica em Economia Solid\u00e1ria.<\/p>\n<p>Quem j\u00e1 est\u00e1 acostumado com as feiras org\u00e2nicas com produtos de qualidade a pre\u00e7o justo j\u00e1 podem se programar. O Espa\u00e7o L\u00e9lia Abramo ter\u00e1 tr\u00eas eventos (23\/02, 9\/03 e 23\/3) programados com descontos especiais para os banc\u00e1rios sindicalizados.<\/p>\n<p><strong>Servi\u00e7o<\/strong><br \/>\n<strong>Filme: \u201cComer o qu\u00ea?<\/strong><br \/>\nData: 23\/02\/2019, s\u00e1bado, 10h<br \/>\nLocal: Espa\u00e7o L\u00e9lia Abramo<br \/>\nEndere\u00e7o: Rua Carlos Sampaio, 305 \u2013 Bela Vista \u2013 Pr\u00f3ximo ao Metro Brigadeiro<\/p>\n","protected":false},"excerpt":{"rendered":"<p>Filme de Leonardo Brant ser\u00e1 exibido s\u00e1bado, dia 23, 10h, durante Feira Org\u00e2nica na Regional Paulista. Ap\u00f3s a sess\u00e3o, o[&#8230;]<\/p>\n","protected":false},"author":3,"featured_media":11252,"comment_status":"open","ping_status":"open","sticky":false,"template":"","format":"standard","meta":[],"categories":[2,6],"tags":[252,308,485,521,741,1133],"_links":{"self":[{"href":"https:\/\/projetocineb.com.br\/index.php?rest_route=\/wp\/v2\/posts\/11251"}],"collection":[{"href":"https:\/\/projetocineb.com.br\/index.php?rest_route=\/wp\/v2\/posts"}],"about":[{"href":"https:\/\/projetocineb.com.br\/index.php?rest_route=\/wp\/v2\/types\/post"}],"author":[{"embeddable":true,"href":"https:\/\/projetocineb.com.br\/index.php?rest_route=\/wp\/v2\/users\/3"}],"replies":[{"embeddable":true,"href":"https:\/\/projetocineb.com.br\/index.php?rest_route=%2Fwp%2Fv2%2Fcomments&post=11251"}],"version-history":[{"count":0,"href":"https:\/\/projetocineb.com.br\/index.php?rest_route=\/wp\/v2\/posts\/11251\/revisions"}],"wp:featuredmedia":[{"embeddable":true,"href":"https:\/\/projetocineb.com.br\/index.php?rest_route=\/wp\/v2\/media\/11252"}],"wp:attachment":[{"href":"https:\/\/projetocineb.com.br\/index.php?rest_route=%2Fwp%2Fv2%2Fmedia&parent=11251"}],"wp:term":[{"taxonomy":"category","embeddable":true,"href":"https:\/\/projetocineb.com.br\/index.php?rest_route=%2Fwp%2Fv2%2Fcategories&post=11251"},{"taxonomy":"post_tag","embeddable":true,"href":"https:\/\/projetocineb.com.br\/index.php?rest_route=%2Fwp%2Fv2%2Ftags&post=11251"}],"curies":[{"name":"wp","href":"https:\/\/api.w.org\/{rel}","templated":true}]}}