{"id":11262,"date":"2019-03-03T19:37:03","date_gmt":"2019-03-03T22:37:03","guid":{"rendered":"http:\/\/projetocineb.com.br\/?p=11262"},"modified":"2019-03-03T19:37:03","modified_gmt":"2019-03-03T22:37:03","slug":"brant-em-feira-organica-na-regional-paulista","status":"publish","type":"post","link":"https:\/\/projetocineb.com.br\/?p=11262","title":{"rendered":"Brant em Feira Org\u00e2nica na Regional Paulista"},"content":{"rendered":"<p><em>O CineB abriu a temporada 2019 exibindo o document\u00e1rio \u201cComer o Qu\u00ea?\u201d, de Leonardo Brant, em meio a uma feira de alimentos org\u00e2nicos na Regional Paulista do Sindicato dos Banc\u00e1rios de SP, no s\u00e1bado, 23\/02. O cineasta participou de um debate ao final da exibi\u00e7\u00e3o.<\/em><\/p>\n<figure id=\"attachment_11265\" aria-describedby=\"caption-attachment-11265\" style=\"width: 831px\" class=\"wp-caption alignleft\"><a href=\"http:\/\/projetocineb.com.br\/wp-content\/uploads\/2019\/03\/DSC_0020.jpg\"><img fetchpriority=\"high\" decoding=\"async\" class=\"size-full wp-image-11265\" src=\"http:\/\/projetocineb.com.br\/wp-content\/uploads\/2019\/03\/DSC_0020.jpg\" alt=\"\" width=\"831\" height=\"552\" \/><\/a><figcaption id=\"caption-attachment-11265\" class=\"wp-caption-text\">CineB com debate aconteceu ao mesmo tempo que a Feira Org\u00e2nica<\/figcaption><\/figure>\n<p>Em 2019 o CineB completa 12 anos de trajet\u00f3ria levando o cinema brasileiro \u00e0queles que n\u00e3o t\u00eam condi\u00e7\u00f5es de ir ao cinema. E a nova temporada come\u00e7ou com a exibi\u00e7\u00e3o do document\u00e1rio \u201cComer o Qu\u00ea?\u201d de Leonardo Brant, no audit\u00f3rio L\u00e9lia Abramo, durante uma feira Org\u00e2nica organizada pelo Sindicato dos Banc\u00e1rios de S\u00e3o Paulo, Osasco e regi\u00e3o.<\/p>\n<p>O document\u00e1rio, de Leonardo Brant, lan\u00e7ado em 2017, busca, atrav\u00e9s dos olhares dos personagens, mostrar as diversas possibilidades para se ter uma boa alimenta\u00e7\u00e3o e analisa os h\u00e1bitos t\u00edpicos do Brasil. A atriz e nutricionista Graziela Mantoanelli acompanha o dia a dia de Alex Atala, Bela Gil, Helena Rizzo, Marcos Palmeira, Marcio Atalla, entre outros especialistas no tema. Al\u00e9m de mostrar seus h\u00e1bitos alimentares, o time de chefs consagrados, produtores rurais, profissionais das \u00e1reas de nutri\u00e7\u00e3o, economia e gastronomia, abordam temas como agroneg\u00f3cio, a comida como forma de sociabilidade, a incorpora\u00e7\u00e3o de paisagens brasileiras \u00e0 mesa, alimentos org\u00e2nicos, sa\u00fade e outros.<\/p>\n<figure id=\"attachment_11268\" aria-describedby=\"caption-attachment-11268\" style=\"width: 831px\" class=\"wp-caption alignleft\"><a href=\"http:\/\/projetocineb.com.br\/wp-content\/uploads\/2019\/03\/DSC_0064.jpg\"><img decoding=\"async\" class=\"size-full wp-image-11268\" src=\"http:\/\/projetocineb.com.br\/wp-content\/uploads\/2019\/03\/DSC_0064.jpg\" alt=\"\" width=\"831\" height=\"552\" \/><\/a><figcaption id=\"caption-attachment-11268\" class=\"wp-caption-text\">Cid\u00e1lio Vieira Santos, coordenador do CineB, os diretores do Sindicato Ernesto Shuiji Izumi e Marcelo Gon\u00e7alves, e o cineasta Leonardo Brant.<\/figcaption><\/figure>\n<p>A sess\u00e3o aconteceu na manh\u00e3 de s\u00e1bado, 23 de fevereiro, e contou com a presen\u00e7a de Brant, que participou de um debate ao final da sess\u00e3o, conversando com o p\u00fablico presente sobre detalhes da produ\u00e7\u00e3o, a motiva\u00e7\u00e3o para realizar o filme e curiosidades a respeito de novos projetos. \u201cO CineB \u00e9 um dos projetos mais interessantes nessa batalha de todos n\u00f3s que trabalhamos com cinema, de alcan\u00e7ar novas audi\u00eancias, sensibilizar essas audi\u00eancias. Sempre fazem uma programa\u00e7\u00e3o coerente, seguida de debate, dando condi\u00e7\u00f5es para os cineastas terem contato direto com o p\u00fablico\u201d, revelou, pouco antes da exibi\u00e7\u00e3o do filme.<\/p>\n<p><strong>FEIRA ORG\u00c2NICA<\/strong><br \/>\nA Feira Org\u00e2nica dos banc\u00e1rios funcionou das 10h \u00e0s 14h com a venda de alimentos org\u00e2nicos e agroecol\u00f3gicos como verduras, legumes e frutas, al\u00e9m de artesanato e alimentos produzidos pelo Conecta em Rede, grupo de economia solid\u00e1ria parceiro da iniciativa.<\/p>\n<figure id=\"attachment_11269\" aria-describedby=\"caption-attachment-11269\" style=\"width: 831px\" class=\"wp-caption alignleft\"><a href=\"http:\/\/projetocineb.com.br\/wp-content\/uploads\/2019\/03\/DSC_0103.jpg\"><img decoding=\"async\" class=\"size-full wp-image-11269\" src=\"http:\/\/projetocineb.com.br\/wp-content\/uploads\/2019\/03\/DSC_0103.jpg\" alt=\"\" width=\"831\" height=\"552\" \/><\/a><figcaption id=\"caption-attachment-11269\" class=\"wp-caption-text\">A Feira Org\u00e2nica atraiu muitos banc\u00e1rios.<\/figcaption><\/figure>\n<p>Segundo o secret\u00e1rio de Organiza\u00e7\u00e3o do Sindicato, Ernesto Shuji Izumi, a atividade \u00e9 uma forma de aproximar o produtor de alimentos org\u00e2nicos e agroecol\u00f3gicos do p\u00fablico consumidor. \u201cEstamos com tr\u00eas datas para e queremos transformar em atividade regular\u201d, destaca. Al\u00e9m da feira do dia 23 de fevereiro, est\u00e3o marcadas outras duas datas: 9 de mar\u00e7o e 23 de mar\u00e7o, todas aos s\u00e1bados. \u201cEm cada atividade, al\u00e9m do alimento para comercializa\u00e7\u00e3o, vamos trazer atividades culturais. Hoje teve o filme, no dia 9 de fevereiro tem uma oficina de teatro gratuita, e no dia 23 de mar\u00e7o faremos um curso aberto sobre a ditadura em 33 discos de m\u00fasica\u201d, comenta.<\/p>\n<p>A oferta de alimentos org\u00e2nicos ficou por conta de Jo\u00e3o Carlos Alves, ex-vereador de S\u00e3o Paulo nos anos 1980, que realiza feiras de alimentos org\u00e2nicos em empresas e condom\u00ednios. \u201cA gente tem uma parceria com a Armaz\u00e9m do Campo do Movimento dos Trabalhadores Rurais Sem Terra (MST). Temos uma ampla diversidade de produtos org\u00e2nicos e agroecol\u00f3gicos, desde queijo, cacha\u00e7a, arroz, feij\u00e3o, caf\u00e9, legumes, verduras, hortali\u00e7as\u201d, explica.<\/p>\n<p>Para Gl\u00e1ucia Machado, professora e t\u00e9cnica em economia solid\u00e1ria explica que o Conecta em Rede, que funciona desde 2015, \u00e9 um grupo de empreendedores que se juntou para se fortalecer. \u201cCada um tem sua produ\u00e7\u00e3o, mas n\u00f3s articulamos nossa participa\u00e7\u00e3o em feiras e eventos para gerar renda. Temos v\u00e1rios segmentos: os org\u00e2nicos, tanto seco como in natura, doces, compotas, geleias, costura criativa, vinhos e alimentos como past\u00e9is, sucos, bolos, acaraj\u00e9\u201d, termina.<\/p>\n<figure id=\"attachment_11270\" aria-describedby=\"caption-attachment-11270\" style=\"width: 831px\" class=\"wp-caption alignleft\"><a href=\"http:\/\/projetocineb.com.br\/wp-content\/uploads\/2019\/03\/DSC_0049.jpg\"><img loading=\"lazy\" decoding=\"async\" class=\"size-full wp-image-11270\" src=\"http:\/\/projetocineb.com.br\/wp-content\/uploads\/2019\/03\/DSC_0049.jpg\" alt=\"\" width=\"831\" height=\"552\" \/><\/a><figcaption id=\"caption-attachment-11270\" class=\"wp-caption-text\">Gl\u00e1ucia Machado, do grupo de economia solid\u00e1ria Conecta em Rede que participou da feira.<\/figcaption><\/figure>\n<p>Para Gerson Azevedo, jornalista da editora P\u00e1gina, que produz o guia Daqui Lapa, Perdizes\/Pomp\u00e9ia e Vila Madalena, integrar o cinema com a alimenta\u00e7\u00e3o \u201c\u00e9 sempre legal. Meu interesse, al\u00e9m de ver o filme, \u00e9 agendar uma entrevista com o diretor do filme, que \u00e9 da Vila Madalena\u201d, confessou. Arlete Martins, que trabalha na \u00e1rea administrativa-financeira do jornal Le Monde Diplomatique, parceiro do CineB tamb\u00e9m acompanhou a sess\u00e3o e o debate com Brant. \u201cO jornal \u00e9 voltado para a defesa dos direitos, e o CineB \u00e9 uma express\u00e3o de defesa de direitos tamb\u00e9m, por conta disso fizemos uma parceria e divulgamos a programa\u00e7\u00e3o\u201d, destaca.<\/p>\n<p>Para Marcelo Gon\u00e7alves, diretor de Cultura do Sindicato dos Banc\u00e1rios, refletir sobre a produ\u00e7\u00e3o de alimentos no Brasil \u00e9 fundamental atualmente. \u201cTemos diversos movimentos como o MST e os sindicatos dos trabalhadores rurais que tem compromisso com a produ\u00e7\u00e3o de alimento de qualidade, que n\u00e3o usa veneno e que fortalece a agricultura familiar gerando emprego e renda para a popula\u00e7\u00e3o do campo. Precisamos conectar quem produz com quem consome\u201d, finaliza.<\/p>\n<p>O CineB Solar \u00e9 um circuito alternativo de exibi\u00e7\u00e3o que, desde 2007, leva cinema brasileiro para v\u00e1rias regi\u00f5es da cidade. O projeto, j\u00e1 contabiliza um p\u00fablico superior a 64 mil pessoas em mais de 512 sess\u00f5es gratuitas em comunidades, escolas e universidades de S\u00e3o Paulo. J\u00e1 foram exibidos na tela do CINEB mais de 124 longas metragens e 73 curtas metragens.<\/p>\n\t\t\t\n\t\t\t<!-- Blueimp gallery -->\n\t\t\t<div id=\"blueimp-gallery\" class=\"blueimp-gallery blueimp-gallery-controls\">\n\t\t\t\t<div class=\"slides\"><\/div>\n\t\t\t\t<h3 class=\"title\"><\/h3>\n\t\t\t\t<a class=\"prev\">\u2039<\/a>\n\t\t\t\t<a class=\"next\">\u203a<\/a>\n\t\t\t\t<a class=\"close\">\u00d7<\/a>\n\t\t\t\t<a class=\"play-pause\"><\/a>\n\t\t\t\t<ol class=\"indicator\"><\/ol>\n\t\t\t\t<div class=\"modal fade\">\n\t\t\t\t\t<div class=\"modal-dialog\">\n\t\t\t\t\t\t<div class=\"modal-content\">\n\t\t\t\t\t\t\t<div class=\"modal-header\">\n\t\t\t\t\t\t\t\t<button type=\"button\" class=\"close\" aria-hidden=\"true\">&times;<\/button>\n\t\t\t\t\t\t\t\t<h4 class=\"modal-title\"><\/h4>\n\t\t\t\t\t\t\t<\/div>\n\t\t\t\t\t\t\t<div class=\"modal-body next\"><\/div>\n\t\t\t\t\t\t\t<div class=\"modal-footer\">\n\t\t\t\t\t\t\t\t<button type=\"button\" class=\"btn btn-default pull-left prev\">\n\t\t\t\t\t\t\t\t\t<i class=\"glyphicon glyphicon-chevron-left\"><\/i>\n\t\t\t\t\t\t\t\t\tPrevious\t\t\t\t\t\t\t\t<\/button>\n\t\t\t\t\t\t\t\t<button type=\"button\" class=\"btn btn-primary next\">\n\t\t\t\t\t\t\t\t\tNext\t\t\t\t\t\t\t\t\t<i class=\"glyphicon glyphicon-chevron-right\"><\/i>\n\t\t\t\t\t\t\t\t<\/button>\n\t\t\t\t\t\t\t<\/div>\n\t\t\t\t\t\t<\/div>\n\t\t\t\t\t<\/div>\n\t\t\t\t<\/div>\n\t\t\t<\/div>\n\t\t\t<script type=\"text\/javascript\">\n\t\t\tjQuery(function() {\n\t\t\t\t\/\/ Set blueimp gallery options\n\t\t\t\tjQuery.extend(blueimp.Gallery.prototype.options, {\n\t\t\t\t\tuseBootstrapModal: false,\n\t\t\t\t\thidePageScrollbars: false\n\t\t\t\t});\n\t\t\t});\n\t\t\t<\/script>\n\t\t\t\n","protected":false},"excerpt":{"rendered":"<p>O CineB abriu a temporada 2019 exibindo o document\u00e1rio \u201cComer o Qu\u00ea?\u201d, de Leonardo Brant, em meio a uma feira[&#8230;]<\/p>\n","protected":false},"author":3,"featured_media":11263,"comment_status":"open","ping_status":"open","sticky":false,"template":"","format":"standard","meta":[],"categories":[2,6],"tags":[92,237,252,308,323,474,521,698,741,781,831,1049],"_links":{"self":[{"href":"https:\/\/projetocineb.com.br\/index.php?rest_route=\/wp\/v2\/posts\/11262"}],"collection":[{"href":"https:\/\/projetocineb.com.br\/index.php?rest_route=\/wp\/v2\/posts"}],"about":[{"href":"https:\/\/projetocineb.com.br\/index.php?rest_route=\/wp\/v2\/types\/post"}],"author":[{"embeddable":true,"href":"https:\/\/projetocineb.com.br\/index.php?rest_route=\/wp\/v2\/users\/3"}],"replies":[{"embeddable":true,"href":"https:\/\/projetocineb.com.br\/index.php?rest_route=%2Fwp%2Fv2%2Fcomments&post=11262"}],"version-history":[{"count":0,"href":"https:\/\/projetocineb.com.br\/index.php?rest_route=\/wp\/v2\/posts\/11262\/revisions"}],"wp:featuredmedia":[{"embeddable":true,"href":"https:\/\/projetocineb.com.br\/index.php?rest_route=\/wp\/v2\/media\/11263"}],"wp:attachment":[{"href":"https:\/\/projetocineb.com.br\/index.php?rest_route=%2Fwp%2Fv2%2Fmedia&parent=11262"}],"wp:term":[{"taxonomy":"category","embeddable":true,"href":"https:\/\/projetocineb.com.br\/index.php?rest_route=%2Fwp%2Fv2%2Fcategories&post=11262"},{"taxonomy":"post_tag","embeddable":true,"href":"https:\/\/projetocineb.com.br\/index.php?rest_route=%2Fwp%2Fv2%2Ftags&post=11262"}],"curies":[{"name":"wp","href":"https:\/\/api.w.org\/{rel}","templated":true}]}}