{"id":11272,"date":"2019-03-04T09:17:04","date_gmt":"2019-03-04T12:17:04","guid":{"rendered":"http:\/\/projetocineb.com.br\/?p=11272"},"modified":"2019-03-04T09:17:04","modified_gmt":"2019-03-04T12:17:04","slug":"cineb-inaugura-universidade-em-guarulhos","status":"publish","type":"post","link":"https:\/\/projetocineb.com.br\/?p=11272","title":{"rendered":"CineB participa de inaugura\u00e7\u00e3o de universidade"},"content":{"rendered":"<p><em>O CineB foi at\u00e9 a cidade de Guarulhos, na segunda-feira, 25\/02, para exibir o longa-metragem \u201cEra o Hotel Cambridge\u201d, de Eliane Caff\u00e9. Projeto participou de inaugura\u00e7\u00e3o de uma universidade e exibiu o filme em sess\u00e3o simult\u00e2nea.<\/em><\/p>\n<figure id=\"attachment_11276\" aria-describedby=\"caption-attachment-11276\" style=\"width: 831px\" class=\"wp-caption alignleft\"><a href=\"http:\/\/projetocineb.com.br\/wp-content\/uploads\/2019\/03\/DSC_0061.jpg\"><img fetchpriority=\"high\" decoding=\"async\" class=\"size-full wp-image-11276\" src=\"http:\/\/projetocineb.com.br\/wp-content\/uploads\/2019\/03\/DSC_0061.jpg\" alt=\"\" width=\"831\" height=\"552\" \/><\/a><figcaption id=\"caption-attachment-11276\" class=\"wp-caption-text\">Cid\u00e1lio Vieira Santos (ao centro), coordenador do CineB, e professores da universidade.<\/figcaption><\/figure>\n<p>Alunos da Universidade S\u00e3o Judas da cidade de Guarulhos acompanharam, pela primeira vez, uma sess\u00e3o de cinema brasileiro no \u00faltimo dia 25 de fevereiro. A unidade da Universidade abriu suas portas para os alunos e contou com uma sess\u00e3o especial do CineB, que exibiu o longa-metragem \u201cEra o Hotel Cambridge\u201d, da cineasta Eliane Caff\u00e9.<\/p>\n<p>O filme aborda a quest\u00e3o das ocupa\u00e7\u00f5es nos pr\u00e9dios do Centro de S\u00e3o Paulo. Refugiados rec\u00e9m-chegados ao Brasil dividem com um grupo de sem-tetos um velho edif\u00edcio abandonado no centro de S\u00e3o Paulo. Al\u00e9m da tens\u00e3o di\u00e1ria que a amea\u00e7a de despejo causa, os novos moradores do pr\u00e9dio ter\u00e3o que lidar com seus dramas pessoais e aprender a conviver com pessoas que, apesar de diferentes, enfrentam juntos a vida nas ruas. \u201cEra o Hotel Cambridge\u201d mescla atores profissionais como Jos\u00e9 Dumont e Suely Franco com moradores e lideran\u00e7as da ocupa\u00e7\u00e3o como Carmen Silva, Isam Ahamadi Issa e Guylain Mukendi. O filme foi premiado em diversos festivais de cinema do mundo como o Festival de San Sebatian (Espanha) e Festival de Cinema e Direitos Humanos (Su\u00ed\u00e7a) al\u00e9m da 40\u00aa Mostra Internacional de Cinema de S\u00e3o Paulo.<\/p>\n<figure id=\"attachment_11299\" aria-describedby=\"caption-attachment-11299\" style=\"width: 1772px\" class=\"wp-caption alignleft\"><a href=\"http:\/\/projetocineb.com.br\/wp-content\/uploads\/2019\/03\/Montagem_Salas.jpg\"><img decoding=\"async\" class=\"size-full wp-image-11299\" src=\"http:\/\/projetocineb.com.br\/wp-content\/uploads\/2019\/03\/Montagem_Salas.jpg\" alt=\"\" width=\"1772\" height=\"1181\" \/><\/a><figcaption id=\"caption-attachment-11299\" class=\"wp-caption-text\">Exibi\u00e7\u00e3o simult\u00e2nea, em diferentes audit\u00f3rios, do longa de Eliane Caff\u00e9.<\/figcaption><\/figure>\n<p>Cerca de 200 alunos de gest\u00e3o (Administra\u00e7\u00e3o, Gest\u00e3o Financeira, Log\u00edstica, Marketing, Ci\u00eancias Cont\u00e1beis) e engenharia (Mec\u00e2nica, El\u00e9trica, Civil e de Produ\u00e7\u00e3o) acompanharam, de forma simult\u00e2nea, reunidos em audit\u00f3rios diferentes, ao filme de Eliane Caff\u00e9.<\/p>\n<p>Para Denis Lopes, diretor da unidade Guarulhos da Universidade S\u00e3o Judas, inaugurar o campus com uma atividade cultural \u00e9 um privil\u00e9gio. \u201cA gente precisa valorizar o cinema nacional. \u00c9 uma oportunidade essa intera\u00e7\u00e3o da s\u00e9tima arte com a educa\u00e7\u00e3o. Possibilita uma discuss\u00e3o de conte\u00fado bem interessante para os nossos alunos\u201d, destaca. Os alunos acompanharam a sess\u00e3o e elogiaram a organiza\u00e7\u00e3o do projeto, que ao final da exibi\u00e7\u00e3o sorteou camisetas nos dois audit\u00f3rios.<\/p>\n<p>O Coordenador do projeto, Cid\u00e1lio Vieira Santos, comemorou a exibi\u00e7\u00e3o simult\u00e2nea, in\u00e9dita nos 12 anos de exist\u00eancia do projeto. &#8220;Foi diferente e possibilitou alcan\u00e7ar um p\u00fablico bem maior. Aproveito para agradecer os professores e a equipe t\u00e9cnica da Universidade os quais seria imposs\u00edvel realizar uma exibi\u00e7\u00e3o simult\u00e2nea&#8221;, elogiou.<\/p>\n<p>O CineB Solar \u00e9 um circuito alternativo de exibi\u00e7\u00e3o que, desde 2007, leva cinema brasileiro para v\u00e1rias regi\u00f5es da cidade. O projeto, j\u00e1 contabiliza um p\u00fablico superior a 64 mil pessoas em mais de 512 sess\u00f5es gratuitas em comunidades, escolas e universidades de S\u00e3o Paulo. J\u00e1 foram exibidos na tela do CINEB mais de 124 longas metragens e 73 curtas metragens.<\/p>\n\t\t\t\n\t\t\t<!-- Blueimp gallery -->\n\t\t\t<div id=\"blueimp-gallery\" class=\"blueimp-gallery blueimp-gallery-controls\">\n\t\t\t\t<div class=\"slides\"><\/div>\n\t\t\t\t<h3 class=\"title\"><\/h3>\n\t\t\t\t<a class=\"prev\">\u2039<\/a>\n\t\t\t\t<a class=\"next\">\u203a<\/a>\n\t\t\t\t<a class=\"close\">\u00d7<\/a>\n\t\t\t\t<a class=\"play-pause\"><\/a>\n\t\t\t\t<ol class=\"indicator\"><\/ol>\n\t\t\t\t<div class=\"modal fade\">\n\t\t\t\t\t<div class=\"modal-dialog\">\n\t\t\t\t\t\t<div class=\"modal-content\">\n\t\t\t\t\t\t\t<div class=\"modal-header\">\n\t\t\t\t\t\t\t\t<button type=\"button\" class=\"close\" aria-hidden=\"true\">&times;<\/button>\n\t\t\t\t\t\t\t\t<h4 class=\"modal-title\"><\/h4>\n\t\t\t\t\t\t\t<\/div>\n\t\t\t\t\t\t\t<div class=\"modal-body next\"><\/div>\n\t\t\t\t\t\t\t<div class=\"modal-footer\">\n\t\t\t\t\t\t\t\t<button type=\"button\" class=\"btn btn-default pull-left prev\">\n\t\t\t\t\t\t\t\t\t<i class=\"glyphicon glyphicon-chevron-left\"><\/i>\n\t\t\t\t\t\t\t\t\tPrevious\t\t\t\t\t\t\t\t<\/button>\n\t\t\t\t\t\t\t\t<button type=\"button\" class=\"btn btn-primary next\">\n\t\t\t\t\t\t\t\t\tNext\t\t\t\t\t\t\t\t\t<i class=\"glyphicon glyphicon-chevron-right\"><\/i>\n\t\t\t\t\t\t\t\t<\/button>\n\t\t\t\t\t\t\t<\/div>\n\t\t\t\t\t\t<\/div>\n\t\t\t\t\t<\/div>\n\t\t\t\t<\/div>\n\t\t\t<\/div>\n\t\t\t<script type=\"text\/javascript\">\n\t\t\tjQuery(function() {\n\t\t\t\t\/\/ Set blueimp gallery options\n\t\t\t\tjQuery.extend(blueimp.Gallery.prototype.options, {\n\t\t\t\t\tuseBootstrapModal: false,\n\t\t\t\t\thidePageScrollbars: false\n\t\t\t\t});\n\t\t\t});\n\t\t\t<\/script>\n\t\t\t\n","protected":false},"excerpt":{"rendered":"<p>O CineB foi at\u00e9 a cidade de Guarulhos, na segunda-feira, 25\/02, para exibir o longa-metragem \u201cEra o Hotel Cambridge\u201d, de[&#8230;]<\/p>\n","protected":false},"author":3,"featured_media":11273,"comment_status":"open","ping_status":"open","sticky":false,"template":"","format":"standard","meta":[],"categories":[2,6],"tags":[237,252,447,471,1093,1133],"_links":{"self":[{"href":"https:\/\/projetocineb.com.br\/index.php?rest_route=\/wp\/v2\/posts\/11272"}],"collection":[{"href":"https:\/\/projetocineb.com.br\/index.php?rest_route=\/wp\/v2\/posts"}],"about":[{"href":"https:\/\/projetocineb.com.br\/index.php?rest_route=\/wp\/v2\/types\/post"}],"author":[{"embeddable":true,"href":"https:\/\/projetocineb.com.br\/index.php?rest_route=\/wp\/v2\/users\/3"}],"replies":[{"embeddable":true,"href":"https:\/\/projetocineb.com.br\/index.php?rest_route=%2Fwp%2Fv2%2Fcomments&post=11272"}],"version-history":[{"count":0,"href":"https:\/\/projetocineb.com.br\/index.php?rest_route=\/wp\/v2\/posts\/11272\/revisions"}],"wp:featuredmedia":[{"embeddable":true,"href":"https:\/\/projetocineb.com.br\/index.php?rest_route=\/wp\/v2\/media\/11273"}],"wp:attachment":[{"href":"https:\/\/projetocineb.com.br\/index.php?rest_route=%2Fwp%2Fv2%2Fmedia&parent=11272"}],"wp:term":[{"taxonomy":"category","embeddable":true,"href":"https:\/\/projetocineb.com.br\/index.php?rest_route=%2Fwp%2Fv2%2Fcategories&post=11272"},{"taxonomy":"post_tag","embeddable":true,"href":"https:\/\/projetocineb.com.br\/index.php?rest_route=%2Fwp%2Fv2%2Ftags&post=11272"}],"curies":[{"name":"wp","href":"https:\/\/api.w.org\/{rel}","templated":true}]}}