{"id":11303,"date":"2019-03-15T18:40:33","date_gmt":"2019-03-15T21:40:33","guid":{"rendered":"http:\/\/projetocineb.com.br\/?p=11303"},"modified":"2019-03-15T18:40:33","modified_gmt":"2019-03-15T21:40:33","slug":"documentario-retrata-a-migracao-de-venezuelanos-ao-brasil","status":"publish","type":"post","link":"https:\/\/projetocineb.com.br\/?p=11303","title":{"rendered":"Um retrato da migra\u00e7\u00e3o de venezuelanos ao Brasil"},"content":{"rendered":"<p><em>\u201cBienvenidos a Boa Vista\u201d document\u00e1rio da jornalista Elis\u00e2ngela Cordeiro ser\u00e1 exibido dia 28 de mar\u00e7o, \u00e0s 19h, no audit\u00f3rio Amarelo do Sindicato dos Banc\u00e1rios de SP. Na sequ\u00eancia, haver\u00e1 um bate-papo com a diretora. Entrada \u00e9 gratuita<\/em><\/p>\n<p><a href=\"http:\/\/projetocineb.com.br\/wp-content\/uploads\/2019\/03\/bienvenido-boavista.jpg\"><img fetchpriority=\"high\" decoding=\"async\" class=\"alignleft size-full wp-image-11305\" src=\"http:\/\/projetocineb.com.br\/wp-content\/uploads\/2019\/03\/bienvenido-boavista.jpg\" alt=\"\" width=\"750\" height=\"562\" \/><\/a><\/p>\n<p>&nbsp;<\/p>\n<p>&nbsp;<\/p>\n<p>No m\u00eas da Mulher, o CineB prepara uma sess\u00e3o especial com a exibi\u00e7\u00e3o de \u201cBienvenidos a Boa Vista\u201d, document\u00e1rio da jornalista Elis\u00e2ngela Cordeiro sobre a imigra\u00e7\u00e3o de venezuelanos ao Brasil. O filme ser\u00e1 exibido no dia 28 de mar\u00e7o, \u00e0s 19h, no Audit\u00f3rio Amarelo do Sindicato dos Banc\u00e1rios de S\u00e3o Paulo.<\/p>\n<p>O estado de Roraima tem sido a principal porta de entrada para milhares de venezuelanos que migraram para o Brasil nos \u00faltimos anos. Quem deixa seu pa\u00eds origem, \u00e0s vezes, at\u00e9 como \u00faltima op\u00e7\u00e3o para si e seus familiares, aposta em dias melhores. O document\u00e1rio de 30 minutos conta parte dessa trajet\u00f3ria pelo olhar das mulheres, que t\u00eam mudando o mapa recente da migra\u00e7\u00e3o brasileira. O filme d\u00e1 voz tanto para aquelas que chegam, quanto para quem as recebem.<\/p>\n<p>Para o coordenador do CineB, Cid\u00e1lio Vieira Santos, \u00e9 uma grande &#8220;oportunidade o CineB trazer um document\u00e1rio de um tema t\u00e3o atual na sociedade brasileira. Esse \u00e9 o esp\u00edrito do projeto&#8221;, destaca. Ap\u00f3s a exibi\u00e7\u00e3o haver\u00e1 um bate-papo com as presen\u00e7as da diretora e do professor de Rela\u00e7\u00f5es Internacionais Mois\u00e9s Marques, diretor da Faculdade 28 de Agosto.<\/p>\n<p>O document\u00e1rio teve o apoio do Sindicato dos Banc\u00e1rios de S\u00e3o Paulo e do Servi\u00e7o Pastoral do Migrante, fotografia de Paulo Pepe, m\u00fasica original d\u2019Os Ditos e realiza\u00e7\u00e3o Maculel\u00ea Filmes. A sess\u00e3o \u00e9 gratuita. Para acompanhar, basta fazer inscri\u00e7\u00e3o pelo e-mail producaocineb@brazucah.com.br.<\/p>\n<p>O CineB Solar, parceria entre a Brazucah Produ\u00e7\u00f5es e o Sindicato dos Banc\u00e1rios de S\u00e3o Paulo, \u00e9 um circuito alternativo de exibi\u00e7\u00e3o que, desde 2007, leva cinema brasileiro para v\u00e1rias regi\u00f5es da cidade. O projeto, j\u00e1 contabiliza um p\u00fablico superior a 64 mil pessoas em mais de 512 sess\u00f5es gratuitas em comunidades, escolas e universidades de S\u00e3o Paulo. J\u00e1 foram exibidos na tela do CINEB mais de 124 longas metragens e 73 curtas metragens.<\/p>\n<p>(com informa\u00e7\u00f5es do portal spbancarios.com.br)<\/p>\n<p><strong>SERVI\u00c7O<\/strong><br \/>\n<strong>BIENVENIDOS A BOA VISTA<\/strong><br \/>\n<strong>DIA:<\/strong> 28 de mar\u00e7o | Quinta-feira | 19h<br \/>\n<strong>LOCAL:<\/strong> Audit\u00f3rio Amarelo do Sindicato dos Banc\u00e1rios de SP<br \/>\n<strong>ENDERE\u00c7O:<\/strong> Rua S\u00e3o Bento, 413, Centro<br \/>\n<strong>CONVITES:<\/strong> producaocineb@brazucah.com.br<br \/>\n<strong>ENTRADA:<\/strong> Franca<\/p>\n","protected":false},"excerpt":{"rendered":"<p>\u201cBienvenidos a Boa Vista\u201d document\u00e1rio da jornalista Elis\u00e2ngela Cordeiro ser\u00e1 exibido dia 28 de mar\u00e7o, \u00e0s 19h, no audit\u00f3rio Amarelo[&#8230;]<\/p>\n","protected":false},"author":3,"featured_media":11304,"comment_status":"open","ping_status":"open","sticky":false,"template":"","format":"standard","meta":[],"categories":[2,6],"tags":[143,154,237,252,449,1132],"_links":{"self":[{"href":"https:\/\/projetocineb.com.br\/index.php?rest_route=\/wp\/v2\/posts\/11303"}],"collection":[{"href":"https:\/\/projetocineb.com.br\/index.php?rest_route=\/wp\/v2\/posts"}],"about":[{"href":"https:\/\/projetocineb.com.br\/index.php?rest_route=\/wp\/v2\/types\/post"}],"author":[{"embeddable":true,"href":"https:\/\/projetocineb.com.br\/index.php?rest_route=\/wp\/v2\/users\/3"}],"replies":[{"embeddable":true,"href":"https:\/\/projetocineb.com.br\/index.php?rest_route=%2Fwp%2Fv2%2Fcomments&post=11303"}],"version-history":[{"count":0,"href":"https:\/\/projetocineb.com.br\/index.php?rest_route=\/wp\/v2\/posts\/11303\/revisions"}],"wp:featuredmedia":[{"embeddable":true,"href":"https:\/\/projetocineb.com.br\/index.php?rest_route=\/wp\/v2\/media\/11304"}],"wp:attachment":[{"href":"https:\/\/projetocineb.com.br\/index.php?rest_route=%2Fwp%2Fv2%2Fmedia&parent=11303"}],"wp:term":[{"taxonomy":"category","embeddable":true,"href":"https:\/\/projetocineb.com.br\/index.php?rest_route=%2Fwp%2Fv2%2Fcategories&post=11303"},{"taxonomy":"post_tag","embeddable":true,"href":"https:\/\/projetocineb.com.br\/index.php?rest_route=%2Fwp%2Fv2%2Ftags&post=11303"}],"curies":[{"name":"wp","href":"https:\/\/api.w.org\/{rel}","templated":true}]}}