{"id":11322,"date":"2019-03-31T20:40:44","date_gmt":"2019-03-31T23:40:44","guid":{"rendered":"http:\/\/projetocineb.com.br\/?p=11322"},"modified":"2019-03-31T20:40:44","modified_gmt":"2019-03-31T23:40:44","slug":"sobre-rodas-estreia-no-cineb","status":"publish","type":"post","link":"https:\/\/projetocineb.com.br\/?p=11322","title":{"rendered":"\u201cSobre Rodas\u201d estreia em Osasco"},"content":{"rendered":"<p><em>Primeira exibi\u00e7\u00e3o do filme aconteceu na Regional Osasco dos Banc\u00e1rios, dia 27\/03, e contou com a participa\u00e7\u00e3o de Lara Boldorini, atriz principal do filme, que participou de um debate com o p\u00fablico.<\/em><\/p>\n<figure id=\"attachment_11323\" aria-describedby=\"caption-attachment-11323\" style=\"width: 831px\" class=\"wp-caption alignleft\"><a href=\"http:\/\/projetocineb.com.br\/wp-content\/uploads\/2019\/03\/DSC_0136.jpg\"><img fetchpriority=\"high\" decoding=\"async\" class=\"size-full wp-image-11323\" src=\"http:\/\/projetocineb.com.br\/wp-content\/uploads\/2019\/03\/DSC_0136.jpg\" alt=\"\" width=\"831\" height=\"552\" \/><\/a><figcaption id=\"caption-attachment-11323\" class=\"wp-caption-text\">Sess\u00e3o lotou o audit\u00f3rio da Regional Osasco. Na foto, a atriz Lara Boldorini, o coordenador do CineB, Cid\u00e1lio Vieira Santos e professores da EE Prof. Jos\u00e9 Fotunatti<\/figcaption><\/figure>\n<p>O longa-metragem \u201cSobre Rodas\u201d, que estreou no circuito comercial em mar\u00e7o, tamb\u00e9m iniciou sua temporada no CineB no \u00faltimo dia 27 de mar\u00e7o. O filme foi exibido no audit\u00f3rio da Regional Osasco do Sindicato dos Banc\u00e1rios de S\u00e3o Paulo, Osasco e Regi\u00e3o com uma participa\u00e7\u00e3o especial: Lara Boldorini, a atriz de 15 anos que estrelou a obra do diretor Mauro D\u2019Addio.<\/p>\n<p>O filme conta a hist\u00f3ria de Lucas (Cau\u00e3 Martins), um menino que chega a uma nova escola depois de sofrer um acidente que o colocou em uma cadeira de rodas. Ele ent\u00e3o faz amizade com La\u00eds (Lara Boldorini), uma colega de classe que sonha em conhecer o pai que a abandonou. Juntos, ambos iniciam uma jornada inesperada e decidem fugir de casa quando a menina descobre o suposto paradeiro do pai.<\/p>\n<figure id=\"attachment_11324\" aria-describedby=\"caption-attachment-11324\" style=\"width: 831px\" class=\"wp-caption alignleft\"><a href=\"http:\/\/projetocineb.com.br\/wp-content\/uploads\/2019\/03\/DSC_0113.jpg\"><img decoding=\"async\" class=\"size-full wp-image-11324\" src=\"http:\/\/projetocineb.com.br\/wp-content\/uploads\/2019\/03\/DSC_0113.jpg\" alt=\"\" width=\"831\" height=\"552\" \/><\/a><figcaption id=\"caption-attachment-11324\" class=\"wp-caption-text\">Sess\u00e3o contou com exibi\u00e7\u00e3o do curta &#8220;Yzal\u00fa &#8211; Rap, Feminismo e Negritude&#8221;.<\/figcaption><\/figure>\n<p>Lara e os pais, Celia Benedito e Marcos Benedito, foram dos primeiros a chegar ao audit\u00f3rio. Lara conta que filmou em 21 dias, em julho de 2016, quando tinha 13 anos. &#8220;Sobre Rodas&#8221; foi seu primeiro filme. Antes participara de uma miniss\u00e9rie e comerciais. \u201cA novidade de ter um monte de gente l\u00e1, fingir ser outra pessoa, entrar num personagem, acho muito interessante. Eu achei incr\u00edvel, ainda mais porque o filme se passa no interior, ent\u00e3o \u00e9 mais comum para as crian\u00e7as sa\u00edrem para uma aventura\u201d, revela.<\/p>\n<p>Antes do longa, o CineB exibiu o curta-metragem \u201cYzal\u00fa \u2013 Rap, feminismo e negritude\u201d. O document\u00e1rio narra a jornada de Yzal\u00fa, rapper negra, que encontrou na m\u00fasica uma ferramenta poderosa de combate ao racismo, machismo e classismo. O curta conta a hist\u00f3ria de seu single mais famoso, \u201cMulheres Negras\u201d, que se tornou um hino entre as feministas negras. Com dire\u00e7\u00e3o e produ\u00e7\u00e3o de Inara Chayamiti e Mayra Maldjian.<\/p>\n<p>A sess\u00e3o, que lotou o audit\u00f3rio da regional, teve a presen\u00e7a de alunos e professores de ensino m\u00e9dio da Escola Estadual Prof. Jos\u00e9 Liberatti e um p\u00fablico da regi\u00e3o que veio prestigiar a estreia do filme, como foi o caso do banc\u00e1rio Altair Neves, que estava acompanhado da filha J\u00falia e a irm\u00e3 Elis\u00e2ngela Neves de Souza.\u00a0Cau\u00e3 Freitas de Oliveira, aluno da oitava s\u00e9rie da escola Fortunatti, trouxe os pais Antonio de Oliveira e Isabel de Souza para ver o longa. \u201cA professora falou sobre o filme e a gente veio ver como \u00e9\u201d, comentou.<\/p>\n<figure id=\"attachment_11325\" aria-describedby=\"caption-attachment-11325\" style=\"width: 831px\" class=\"wp-caption alignleft\"><a href=\"http:\/\/projetocineb.com.br\/wp-content\/uploads\/2019\/03\/DSC_0156.jpg\"><img decoding=\"async\" class=\"size-full wp-image-11325\" src=\"http:\/\/projetocineb.com.br\/wp-content\/uploads\/2019\/03\/DSC_0156.jpg\" alt=\"\" width=\"831\" height=\"552\" \/><\/a><figcaption id=\"caption-attachment-11325\" class=\"wp-caption-text\">Lara conversou com o p\u00fablico ap\u00f3s a exibi\u00e7\u00e3o do longa<\/figcaption><\/figure>\n<p>Ap\u00f3s a exibi\u00e7\u00e3o, Lara participou de um debate e respondeu questionamentos do p\u00fablico sobre as filmagens e sua carreira.\u00a0Amigos da fam\u00edlia de Lara, que mora em Itapevi, cidade da regi\u00e3o metropolitana de S\u00e3o Paulo, tamb\u00e9m acompanharam a sess\u00e3o, como \u00e9 o caso de Nilceia Cavanha Souza e Cristiana de Melo Brochado, vizinhas que ainda n\u00e3o tinham assistido ao longa-metragem. Elas contam que conhecem Lara desde pequena e s\u00e3o \u201ctias do cora\u00e7\u00e3o\u201d da jovem atriz. \u201cEu estava viajando, cheguei, vi essa oportunidade e vim correndo. Achei o filme maravilhoso, o tema bem atual\u201d, comenta Nilceia. J\u00e1 para Cristiana, \u201capesar dos personagens serem adolescentes, h\u00e1 uma pureza ali, um pouco diferente do que estamos acostumados hoje em dia. \u00c9 de muito bom gosto\u201d, completa.<\/p>\n<figure id=\"attachment_11326\" aria-describedby=\"caption-attachment-11326\" style=\"width: 799px\" class=\"wp-caption alignleft\"><a href=\"http:\/\/projetocineb.com.br\/wp-content\/uploads\/2019\/03\/DSC_0183.jpg\"><img loading=\"lazy\" decoding=\"async\" class=\"size-full wp-image-11326\" src=\"http:\/\/projetocineb.com.br\/wp-content\/uploads\/2019\/03\/DSC_0183.jpg\" alt=\"\" width=\"799\" height=\"552\" \/><\/a><figcaption id=\"caption-attachment-11326\" class=\"wp-caption-text\">Amigos da fam\u00edlia de Lara assistiram ao filme pela primeira vez na Regional Osasco<\/figcaption><\/figure>\n<p>Para Lara, participar da sess\u00e3o foi uma experi\u00eancia rica: \u201ca \u00faltima vez que eu assisti ao filme n\u00e3o teve essa intera\u00e7\u00e3o. Aqui as pessoas ficaram comentando durante o filme e \u00e9 muito divertido saber a opini\u00e3o das pessoas enquanto o filme acontece. Achei incr\u00edvel, adorei\u201d, avaliou. O filme ainda ser\u00e1 exibido em outras quatro sess\u00f5es. Veja a programa\u00e7\u00e3o abaixo.<\/p>\n<p>O CineB Solar, parceria entre a Brazucah Produ\u00e7\u00f5es e o Sindicato dos Banc\u00e1rios de S\u00e3o Paulo, \u00e9 um circuito alternativo de exibi\u00e7\u00e3o que, desde 2007, leva cinema brasileiro para v\u00e1rias regi\u00f5es da cidade. O projeto, j\u00e1 contabiliza um p\u00fablico superior a 64 mil pessoas em mais de 512 sess\u00f5es gratuitas em comunidades, escolas e universidades de S\u00e3o Paulo. J\u00e1 foram exibidos na tela do CINEB mais de 124 longas metragens e 73 curtas metragens.<\/p>\n<p><strong>Programa\u00e7\u00e3o de \u201cSobre Rodas\u201d em abril<\/strong><\/p>\n<p><strong>DIA: 06 de abril | S\u00e1bado | 19h<\/strong><br \/>\n<strong>LOCAL:<\/strong> Instituto Prof<br \/>\n<strong>ENDERE\u00c7O:<\/strong> Rua Ernest Renan, 261 \u2013 Parais\u00f3polis, S\u00e3o Paulo.<br \/>\n<strong>CONVITES:<\/strong> na secretaria do Instituto<\/p>\n<p><strong>DIA: 12 de abril | Sexta-feira | 19h<\/strong><br \/>\n<strong>LOCAL:<\/strong> Projeto Cultural Educacional Novo Pantanal (Procedu)<br \/>\n<strong>ENDERE\u00c7O:<\/strong> Rua 5 de novembro, 713 \u2013 Uni\u00e3o de Vila Nova, S\u00e3o Paulo<br \/>\n<strong>CONVITES:<\/strong> no Procedu<\/p>\n<p><strong>DIA: 13 de abril | S\u00e1bado | 19h<\/strong><br \/>\n<strong>LOCAL:<\/strong> Igreja Santo Afonso<br \/>\n<strong>ENDERE\u00c7O:<\/strong> Rua Manuel Pires 201 \u2013 \u00c1gua Funda, S\u00e3o Paulo<br \/>\n<strong>CONVITES:<\/strong> na secretaria da igreja<\/p>\n<p><strong>DIA: 27 de abril | S\u00e1bado | 19h<\/strong><br \/>\n<strong>LOCAL:<\/strong> CCA Vila Anglo<br \/>\n<strong>ENDERE\u00c7O:<\/strong> Rua Pedro Soares de Almeida, 134, Piso Superior \u2013 Vila Anglo, S\u00e3o Paulo<br \/>\n<strong>REFER\u00caNCIA:<\/strong> Banco Ita\u00fa da Avenida Heitor Penteado<br \/>\n<strong>CONVITES:<\/strong> no CCA Vila Anglo<\/p>\n\t\t\t\n\t\t\t<!-- Blueimp gallery -->\n\t\t\t<div id=\"blueimp-gallery\" class=\"blueimp-gallery blueimp-gallery-controls\">\n\t\t\t\t<div class=\"slides\"><\/div>\n\t\t\t\t<h3 class=\"title\"><\/h3>\n\t\t\t\t<a class=\"prev\">\u2039<\/a>\n\t\t\t\t<a class=\"next\">\u203a<\/a>\n\t\t\t\t<a class=\"close\">\u00d7<\/a>\n\t\t\t\t<a class=\"play-pause\"><\/a>\n\t\t\t\t<ol class=\"indicator\"><\/ol>\n\t\t\t\t<div class=\"modal fade\">\n\t\t\t\t\t<div class=\"modal-dialog\">\n\t\t\t\t\t\t<div class=\"modal-content\">\n\t\t\t\t\t\t\t<div class=\"modal-header\">\n\t\t\t\t\t\t\t\t<button type=\"button\" class=\"close\" aria-hidden=\"true\">&times;<\/button>\n\t\t\t\t\t\t\t\t<h4 class=\"modal-title\"><\/h4>\n\t\t\t\t\t\t\t<\/div>\n\t\t\t\t\t\t\t<div class=\"modal-body next\"><\/div>\n\t\t\t\t\t\t\t<div class=\"modal-footer\">\n\t\t\t\t\t\t\t\t<button type=\"button\" class=\"btn btn-default pull-left prev\">\n\t\t\t\t\t\t\t\t\t<i class=\"glyphicon glyphicon-chevron-left\"><\/i>\n\t\t\t\t\t\t\t\t\tPrevious\t\t\t\t\t\t\t\t<\/button>\n\t\t\t\t\t\t\t\t<button type=\"button\" class=\"btn btn-primary next\">\n\t\t\t\t\t\t\t\t\tNext\t\t\t\t\t\t\t\t\t<i class=\"glyphicon glyphicon-chevron-right\"><\/i>\n\t\t\t\t\t\t\t\t<\/button>\n\t\t\t\t\t\t\t<\/div>\n\t\t\t\t\t\t<\/div>\n\t\t\t\t\t<\/div>\n\t\t\t\t<\/div>\n\t\t\t<\/div>\n\t\t\t<script type=\"text\/javascript\">\n\t\t\tjQuery(function() {\n\t\t\t\t\/\/ Set blueimp gallery options\n\t\t\t\tjQuery.extend(blueimp.Gallery.prototype.options, {\n\t\t\t\t\tuseBootstrapModal: false,\n\t\t\t\t\thidePageScrollbars: false\n\t\t\t\t});\n\t\t\t});\n\t\t\t<\/script>\n\t\t\t\n","protected":false},"excerpt":{"rendered":"<p>Primeira exibi\u00e7\u00e3o do filme aconteceu na Regional Osasco dos Banc\u00e1rios, dia 27\/03, e contou com a participa\u00e7\u00e3o de Lara Boldorini,[&#8230;]<\/p>\n","protected":false},"author":3,"featured_media":11436,"comment_status":"open","ping_status":"open","sticky":false,"template":"","format":"standard","meta":[],"categories":[2,6],"tags":[154,237,252,439,525,734,807,1045,1136,1141,1244],"_links":{"self":[{"href":"https:\/\/projetocineb.com.br\/index.php?rest_route=\/wp\/v2\/posts\/11322"}],"collection":[{"href":"https:\/\/projetocineb.com.br\/index.php?rest_route=\/wp\/v2\/posts"}],"about":[{"href":"https:\/\/projetocineb.com.br\/index.php?rest_route=\/wp\/v2\/types\/post"}],"author":[{"embeddable":true,"href":"https:\/\/projetocineb.com.br\/index.php?rest_route=\/wp\/v2\/users\/3"}],"replies":[{"embeddable":true,"href":"https:\/\/projetocineb.com.br\/index.php?rest_route=%2Fwp%2Fv2%2Fcomments&post=11322"}],"version-history":[{"count":0,"href":"https:\/\/projetocineb.com.br\/index.php?rest_route=\/wp\/v2\/posts\/11322\/revisions"}],"wp:featuredmedia":[{"embeddable":true,"href":"https:\/\/projetocineb.com.br\/index.php?rest_route=\/wp\/v2\/media\/11436"}],"wp:attachment":[{"href":"https:\/\/projetocineb.com.br\/index.php?rest_route=%2Fwp%2Fv2%2Fmedia&parent=11322"}],"wp:term":[{"taxonomy":"category","embeddable":true,"href":"https:\/\/projetocineb.com.br\/index.php?rest_route=%2Fwp%2Fv2%2Fcategories&post=11322"},{"taxonomy":"post_tag","embeddable":true,"href":"https:\/\/projetocineb.com.br\/index.php?rest_route=%2Fwp%2Fv2%2Ftags&post=11322"}],"curies":[{"name":"wp","href":"https:\/\/api.w.org\/{rel}","templated":true}]}}