{"id":11330,"date":"2019-04-02T13:45:06","date_gmt":"2019-04-02T16:45:06","guid":{"rendered":"http:\/\/projetocineb.com.br\/?p=11330"},"modified":"2019-04-02T13:45:06","modified_gmt":"2019-04-02T16:45:06","slug":"venezuela-nas-telas-do-cineb","status":"publish","type":"post","link":"https:\/\/projetocineb.com.br\/?p=11330","title":{"rendered":"Venezuela nas telas do CineB"},"content":{"rendered":"<p><em>Projeto exibe document\u00e1rio \u201cBienvenidos a Boa Vista\u201d, que retrata a situa\u00e7\u00e3o dos imigrantes venezuelanos que chegam ao Brasil. Estreia do curta-metragem aconteceu dia 28\/03, no Audit\u00f3rio Amarelo, e contou com presen\u00e7a da diretora do filme, de professor da Faculdade 28 de Agosto e uma imigrante venezuelana.<\/em><\/p>\n<figure id=\"attachment_11332\" aria-describedby=\"caption-attachment-11332\" style=\"width: 831px\" class=\"wp-caption alignleft\"><a href=\"http:\/\/projetocineb.com.br\/wp-content\/uploads\/2019\/04\/DSC_0192.jpg\"><img fetchpriority=\"high\" decoding=\"async\" class=\"size-full wp-image-11332\" src=\"http:\/\/projetocineb.com.br\/wp-content\/uploads\/2019\/04\/DSC_0192.jpg\" alt=\"\" width=\"831\" height=\"552\" \/><\/a><figcaption id=\"caption-attachment-11332\" class=\"wp-caption-text\">Document\u00e1rio atraiu um p\u00fablico interessado em conhecer a realidade da Venezuela<\/figcaption><\/figure>\n<p>Um dos assuntos mais atuais da geopol\u00edtica latino-americana, a imigra\u00e7\u00e3o de venezuelanos para os pa\u00edses vizinhos, foi tema de um document\u00e1rio exibido pelo CineB no dia 28\/03, no Audit\u00f3rio Amarelo do Sindicato dos Banc\u00e1rios de S\u00e3o Paulo, Osasco e Regi\u00e3o, que fica no pr\u00e9dio Martinelli, Centro de S\u00e3o Paulo. O curta-metragem \u201cBienvenidos a Boa Vista\u201d, dirigido por Elis\u00e2ngela Cordeiro, jornalista respons\u00e1vel pela TV dos Banc\u00e1rios, e com fotografia de Paulo Pepe, que foi fot\u00f3grafo do Sindicato, retrata a imigra\u00e7\u00e3o de venezuelanos para o Brasil, que j\u00e1 ultrapassou 250 mil pessoas nos \u00faltimos anos.<\/p>\n<p>O estado de Roraima tem sido a principal porta de entrada dos irm\u00e3os latinos, que deixam seu pa\u00eds de origem, \u00e0s vezes, como \u00faltima op\u00e7\u00e3o para si e seus familiares, apostando em dias melhores. O document\u00e1rio de 30 minutos conta parte dessa trajet\u00f3ria pelo olhar das mulheres, que t\u00eam mudado o mapa recente da migra\u00e7\u00e3o brasileira. O filme d\u00e1 voz tanto para aquelas que chegam, quanto para quem as recebem.<\/p>\n<figure id=\"attachment_11333\" aria-describedby=\"caption-attachment-11333\" style=\"width: 831px\" class=\"wp-caption alignleft\"><a href=\"http:\/\/projetocineb.com.br\/wp-content\/uploads\/2019\/04\/DSC_0210.jpg\"><img decoding=\"async\" class=\"size-full wp-image-11333\" src=\"http:\/\/projetocineb.com.br\/wp-content\/uploads\/2019\/04\/DSC_0210.jpg\" alt=\"\" width=\"831\" height=\"552\" \/><\/a><figcaption id=\"caption-attachment-11333\" class=\"wp-caption-text\">Diretores do Sindicato, professor da Faculdade 28 de Agosto e produtores do document\u00e1rio na abertura da sess\u00e3o<\/figcaption><\/figure>\n<p>Elis\u00e2ngela conta que o document\u00e1rio \u00e9 uma forma de \u201ccontar um pouco da realidade. Uma coisa \u00e9 quando vem europeus, outra coisa, \u00e9 quando vem africanos, venezuelanos. Ent\u00e3o \u00e9 uma forma de combater a xenofobia, e relembrar que todos n\u00f3s somos imigrantes, porque \u00e9 um pa\u00eds formado por migra\u00e7\u00e3o. Acho que \u00e9 uma forma de ver nossa hist\u00f3ria, se enxergar e respeitar quem est\u00e1 chegando\u201d, avalia.<\/p>\n<p>A diretora conta que o trabalho teve apenas uma exibi\u00e7\u00e3o, na C\u00e1ritas, uma organiza\u00e7\u00e3o cat\u00f3lica que atua com refugiados, antes de entrar para o circuito do CineB. &#8220;O filme est\u00e1 iniciando uma trajet\u00f3ria de exibi\u00e7\u00f5es no circuito n\u00e3o comercial. Temos pedidos vindos do interior de S\u00e3o Paulo, de algumas igrejas porque, como come\u00e7ou uma interioriza\u00e7\u00e3o dos venezuelanos, h\u00e1 uma opera\u00e7\u00e3o de acolhida dessas pessoas e muitos desses lugares est\u00e3o pedindo a exibi\u00e7\u00e3o do filme\u201d, destaca.<\/p>\n<p>A sess\u00e3o contou com a participa\u00e7\u00e3o de parte da diretoria do Sindicato, convidados e alunos do Ensino M\u00e9dio da Escola Estadual Herbert Baldus, localizada no Graja\u00fa. Professores e alunos da unidade escolar sempre participaram das atividades organizadas pelo CineB. Segundo William Alves de Almeida, professor de hist\u00f3ria e filosofia, o objetivo foi o de aproximar os alunos da realidade que acontece na Venezuela. \u201cA gente recebe a informa\u00e7\u00e3o muito distorcida da m\u00eddia hegem\u00f4nica no Brasil, ela s\u00f3 fala mal, ent\u00e3o a ideia \u00e9 passar um contraponto\u201d, explica.<\/p>\n<figure id=\"attachment_11334\" aria-describedby=\"caption-attachment-11334\" style=\"width: 831px\" class=\"wp-caption alignleft\"><a href=\"http:\/\/projetocineb.com.br\/wp-content\/uploads\/2019\/04\/DSC_0317.jpg\"><img decoding=\"async\" class=\"size-full wp-image-11334\" src=\"http:\/\/projetocineb.com.br\/wp-content\/uploads\/2019\/04\/DSC_0317.jpg\" alt=\"\" width=\"831\" height=\"552\" \/><\/a><figcaption id=\"caption-attachment-11334\" class=\"wp-caption-text\">P\u00fablico, formado na grande maioria por estudantes de ensino m\u00e9dio, participou do debate<\/figcaption><\/figure>\n<p>Ap\u00f3s a exibi\u00e7\u00e3o foi organizado um debate mediado pelo coordenador do CineB, Cid\u00e1lio Vieira Santos. O diretor da Faculdade 28 de Agosto e professor de Rela\u00e7\u00f5es Internacionais, Mois\u00e9s Marques, ao lado da diretora do curta, Elis\u00e2ngela Cordeiro, fizeram uma ampla an\u00e1lise dos conflitos que a sociedade venezuelana vive. Tamb\u00e9m integrou a mesa de debate a venezuelana Joice Yepes, que imigrou para Roraima em 2017 com o marido e tr\u00eas filhos e, em mar\u00e7o, foi recebida pela Pastoral do Migrante da Par\u00f3quia Santa Cruz do Itaberaba, na Freguesia do \u00d3. Joice fez um relato, para o p\u00fablico presente, das dificuldades que sua fam\u00edlia enfrentou na Venezuela nos \u00faltimos anos. Ela explica que Chaves e seu legado \u00e9 defendido por uma grande parte dos venezuelanos por conta dos direitos sociais que ele levou \u00e0 popula\u00e7\u00e3o mais pobre, mas que nos \u00faltimos anos os problemas de abastecimento t\u00eam feito muitos deixarem o pa\u00eds, caso de sua fam\u00edlia.<\/p>\n<p>Sobre a vida no Brasil, ela conta: \u201cminha filha, que agora tem 9 anos, falava para outra que tem 7, em Boa Vista, \u2018n\u00e3o fale muito alto, porque v\u00e3o saber que somos venezuelanos\u2019. Ent\u00e3o sent\u00edamos esse medo. Agora n\u00e3o, eu falo para ela que temos que ter orgulho por sermos venezuelanos, e que agora fala dois idiomas, o que \u00e9 uma coisa boa, porque ela j\u00e1 pode ajudar o pa\u00eds\u201d, destaca.<\/p>\n<p>Darialva da Gra\u00e7a, professora aposentada que h\u00e1 quatro anos fundou a Pastoral do Migrantes na Par\u00f3quia Santa Cruz do Itaberaba, na Freguesia do \u00d3, Zona Norte de S\u00e3o Paulo, conta que recebe uma demanda grande de imigrantes bolivianos e peruanos. \u201cN\u00f3s ministramos aula de l\u00edngua portuguesa, temos um projeto para as crian\u00e7as, fazemos um trabalho de inseri-los na comunidade\u201d explica.<\/p>\n<figure id=\"attachment_11335\" aria-describedby=\"caption-attachment-11335\" style=\"width: 831px\" class=\"wp-caption alignleft\"><a href=\"http:\/\/projetocineb.com.br\/wp-content\/uploads\/2019\/04\/DSC_0327.jpg\"><img loading=\"lazy\" decoding=\"async\" class=\"size-full wp-image-11335\" src=\"http:\/\/projetocineb.com.br\/wp-content\/uploads\/2019\/04\/DSC_0327.jpg\" alt=\"\" width=\"831\" height=\"533\" \/><\/a><figcaption id=\"caption-attachment-11335\" class=\"wp-caption-text\">Darialva da Gra\u00e7a, da Pastoral do Migrante, Elis\u00e2ngela Cordeiro, cineasta e Joice Yepes, imigrante venezuelana<\/figcaption><\/figure>\n<p>No caso dos venezuelanos, ela conta recebeu um convite da Pastoral Nacional do Imigrante para receber os venezuelanos. \u201cFiz uma reuni\u00e3o com a nossa equipe, com o padre, coloquei a proposta e eles aceitaram. Ent\u00e3o montamos uma casa para receber uma fam\u00edlia por seis meses, at\u00e9 que se organizem, arrumem emprego. Depois trazemos outras fam\u00edlias\u201d, relata.<br \/>\nDarialva explicou para o p\u00fablico que para manter o projeto, recebe doa\u00e7\u00f5es da comunidade e tem uma p\u00e1gina na internet para fortalecer o trabalho: <em>www.caminhodesolidariedade.org.br<\/em>. Quem quiser colaborar \u00e9 s\u00f3 contat\u00e1-la pelo site.<\/p>\n<p>Para Elis\u00e2ngela, diretora do document\u00e1rio, que conhece o CineB desde o in\u00edcio, em 2007, o debate foi muito bom, e o filme cumpriu seu papel, \u201cde ser um dispositivo para mostrar a realidade e para que as pessoas possam entender um pouquinho do que est\u00e1 acontecendo com a Venezuela, e com o Brasil tamb\u00e9m, porque o filme fala das rela\u00e7\u00f5es humanas e do papel da mulher nessa hist\u00f3ria\u201d, finaliza.<\/p>\n<p><strong>PROJETO<\/strong><\/p>\n<p>O CineB Solar, parceria entre a Brazucah Produ\u00e7\u00f5es e o Sindicato dos Banc\u00e1rios de S\u00e3o Paulo, \u00e9 um circuito alternativo de exibi\u00e7\u00e3o que, desde 2007, leva cinema brasileiro para v\u00e1rias regi\u00f5es da cidade. O projeto, j\u00e1 contabiliza um p\u00fablico superior a 64 mil pessoas em mais de 512 sess\u00f5es gratuitas em comunidades, escolas e universidades de S\u00e3o Paulo. J\u00e1 foram exibidos na tela do CINEB mais de 124 longas metragens e 73 curtas metragens.<\/p>\n\t\t\t\n\t\t\t<!-- Blueimp gallery -->\n\t\t\t<div id=\"blueimp-gallery\" class=\"blueimp-gallery blueimp-gallery-controls\">\n\t\t\t\t<div class=\"slides\"><\/div>\n\t\t\t\t<h3 class=\"title\"><\/h3>\n\t\t\t\t<a class=\"prev\">\u2039<\/a>\n\t\t\t\t<a class=\"next\">\u203a<\/a>\n\t\t\t\t<a class=\"close\">\u00d7<\/a>\n\t\t\t\t<a class=\"play-pause\"><\/a>\n\t\t\t\t<ol class=\"indicator\"><\/ol>\n\t\t\t\t<div class=\"modal fade\">\n\t\t\t\t\t<div class=\"modal-dialog\">\n\t\t\t\t\t\t<div class=\"modal-content\">\n\t\t\t\t\t\t\t<div class=\"modal-header\">\n\t\t\t\t\t\t\t\t<button type=\"button\" class=\"close\" aria-hidden=\"true\">&times;<\/button>\n\t\t\t\t\t\t\t\t<h4 class=\"modal-title\"><\/h4>\n\t\t\t\t\t\t\t<\/div>\n\t\t\t\t\t\t\t<div class=\"modal-body next\"><\/div>\n\t\t\t\t\t\t\t<div class=\"modal-footer\">\n\t\t\t\t\t\t\t\t<button type=\"button\" class=\"btn btn-default pull-left prev\">\n\t\t\t\t\t\t\t\t\t<i class=\"glyphicon glyphicon-chevron-left\"><\/i>\n\t\t\t\t\t\t\t\t\tPrevious\t\t\t\t\t\t\t\t<\/button>\n\t\t\t\t\t\t\t\t<button type=\"button\" class=\"btn btn-primary next\">\n\t\t\t\t\t\t\t\t\tNext\t\t\t\t\t\t\t\t\t<i class=\"glyphicon glyphicon-chevron-right\"><\/i>\n\t\t\t\t\t\t\t\t<\/button>\n\t\t\t\t\t\t\t<\/div>\n\t\t\t\t\t\t<\/div>\n\t\t\t\t\t<\/div>\n\t\t\t\t<\/div>\n\t\t\t<\/div>\n\t\t\t<script type=\"text\/javascript\">\n\t\t\tjQuery(function() {\n\t\t\t\t\/\/ Set blueimp gallery options\n\t\t\t\tjQuery.extend(blueimp.Gallery.prototype.options, {\n\t\t\t\t\tuseBootstrapModal: false,\n\t\t\t\t\thidePageScrollbars: false\n\t\t\t\t});\n\t\t\t});\n\t\t\t<\/script>\n\t\t\t\n","protected":false},"excerpt":{"rendered":"<p>Projeto exibe document\u00e1rio \u201cBienvenidos a Boa Vista\u201d, que retrata a situa\u00e7\u00e3o dos imigrantes venezuelanos que chegam ao Brasil. Estreia do[&#8230;]<\/p>\n","protected":false},"author":3,"featured_media":11435,"comment_status":"open","ping_status":"open","sticky":false,"template":"","format":"standard","meta":[],"categories":[2,6],"tags":[143,154,237,252,449,772,953],"_links":{"self":[{"href":"https:\/\/projetocineb.com.br\/index.php?rest_route=\/wp\/v2\/posts\/11330"}],"collection":[{"href":"https:\/\/projetocineb.com.br\/index.php?rest_route=\/wp\/v2\/posts"}],"about":[{"href":"https:\/\/projetocineb.com.br\/index.php?rest_route=\/wp\/v2\/types\/post"}],"author":[{"embeddable":true,"href":"https:\/\/projetocineb.com.br\/index.php?rest_route=\/wp\/v2\/users\/3"}],"replies":[{"embeddable":true,"href":"https:\/\/projetocineb.com.br\/index.php?rest_route=%2Fwp%2Fv2%2Fcomments&post=11330"}],"version-history":[{"count":0,"href":"https:\/\/projetocineb.com.br\/index.php?rest_route=\/wp\/v2\/posts\/11330\/revisions"}],"wp:featuredmedia":[{"embeddable":true,"href":"https:\/\/projetocineb.com.br\/index.php?rest_route=\/wp\/v2\/media\/11435"}],"wp:attachment":[{"href":"https:\/\/projetocineb.com.br\/index.php?rest_route=%2Fwp%2Fv2%2Fmedia&parent=11330"}],"wp:term":[{"taxonomy":"category","embeddable":true,"href":"https:\/\/projetocineb.com.br\/index.php?rest_route=%2Fwp%2Fv2%2Fcategories&post=11330"},{"taxonomy":"post_tag","embeddable":true,"href":"https:\/\/projetocineb.com.br\/index.php?rest_route=%2Fwp%2Fv2%2Ftags&post=11330"}],"curies":[{"name":"wp","href":"https:\/\/api.w.org\/{rel}","templated":true}]}}