{"id":11369,"date":"2019-04-15T18:15:59","date_gmt":"2019-04-15T21:15:59","guid":{"rendered":"http:\/\/projetocineb.com.br\/?p=11369"},"modified":"2019-04-15T18:15:59","modified_gmt":"2019-04-15T21:15:59","slug":"ator-de-sobre-rodas-vai-a-vila-nova-uniao","status":"publish","type":"post","link":"https:\/\/projetocineb.com.br\/?p=11369","title":{"rendered":"Ator de \u201cSobre Rodas\u201d vai \u00e0 Vila Nova Uni\u00e3o"},"content":{"rendered":"<p><em>Cau\u00e3 Martins, protagonista do longa-metragem \u201cSobre Rodas\u201d, esteve na sess\u00e3o que aconteceu no bairro Uni\u00e3o de Vila Nova, zona Leste da capital, ao ar livre.<\/em><\/p>\n<figure id=\"attachment_11383\" aria-describedby=\"caption-attachment-11383\" style=\"width: 828px\" class=\"wp-caption alignleft\"><a href=\"http:\/\/projetocineb.com.br\/wp-content\/uploads\/2019\/04\/IMG_3467.jpg\"><img fetchpriority=\"high\" decoding=\"async\" class=\"size-full wp-image-11383\" src=\"http:\/\/projetocineb.com.br\/wp-content\/uploads\/2019\/04\/IMG_3467.jpg\" alt=\"\" width=\"828\" height=\"552\" \/><\/a><figcaption id=\"caption-attachment-11383\" class=\"wp-caption-text\">Foi preciso buscar cadeiras para acomodar todo o p\u00fablico<\/figcaption><\/figure>\n<p>O CineB Solar realizou uma sess\u00e3o pra l\u00e1 de especial na \u00faltima sexta-feira, 12\/04, quando os moradores do bairro Uni\u00e3o de Vila Nova, que fica na Zona Leste de S\u00e3o Paulo, acompanharam a exibi\u00e7\u00e3o de \u201cSobre Rodas\u201d, filme de Mauro D\u2019Addio, que estreou no CineB Solar em abril, ao mesmo tempo que no circuito comercial.<\/p>\n<p>A sess\u00e3o ao ar livre aconteceu na rua em frente \u00e0 Par\u00f3quia Nossa Senhora Aparecida, contou com um grande p\u00fablico e o apoio do Projeto Cultura Educacional Novo Pantanal (Procedu), que atende fam\u00edlias de alta vulnerabilidade social do bairro. A entidade oferece oficinas de qualifica\u00e7\u00e3o, atividades de cultura, lazer, orienta\u00e7\u00f5es e encaminhamentos.<\/p>\n<figure id=\"attachment_11372\" aria-describedby=\"caption-attachment-11372\" style=\"width: 828px\" class=\"wp-caption alignleft\"><a href=\"http:\/\/projetocineb.com.br\/wp-content\/uploads\/2019\/04\/IMG_3085.jpg\"><img decoding=\"async\" class=\"size-full wp-image-11372\" src=\"http:\/\/projetocineb.com.br\/wp-content\/uploads\/2019\/04\/IMG_3085.jpg\" alt=\"\" width=\"828\" height=\"552\" \/><\/a><figcaption id=\"caption-attachment-11372\" class=\"wp-caption-text\">Antes do in\u00edcio da sess\u00e3o, a pipoca de seu Antonio \u00e9 a atra\u00e7\u00e3o do projeto<\/figcaption><\/figure>\n<p>O filme, premiado em festivais internacionais e no Brasil, conta a hist\u00f3ria de Lucas (Cau\u00e3 Martins), um menino que chega a uma nova escola depois de sofrer um acidente que o colocou em uma cadeira de rodas. Ele ent\u00e3o faz amizade com La\u00eds (Lara Boldorini), uma colega de classe que sonha em conhecer o pai que a abandonou. Juntos, ambos iniciam uma jornada inesperada e decidem fugir de casa quando a menina descobre o suposto paradeiro do pai.<\/p>\n<p>Cau\u00e3 Martins, um dos protagonistas, foi \u00e0 sess\u00e3o ao lado da m\u00e3e, Eliana Gomes Martins, acompanhou a exibi\u00e7\u00e3o, participou de um bate papo, contou sua hist\u00f3ria e respondeu perguntas sobre curiosidade das grava\u00e7\u00f5es, al\u00e9m de tirar fotos com o p\u00fablico. Aos 14 anos, Cau\u00e3 j\u00e1 conta com uma vigorosa carreira como ator. Al\u00e9m de \u201cSobre Rodas\u201d, atuou em outros dois filmes: \u201cBingo \u2013 O rei das manh\u00e3s\u201d, lan\u00e7ado em 2018 e \u201cMorto n\u00e3o Fala\u201d, em processo de finaliza\u00e7\u00e3o; dois musicais \u2013 \u201cRei Le\u00e3o\u201d e \u201cChaplin, O musical\u201d \u2013 al\u00e9m de uma s\u00e9rie para o canal Gloob, da Globoplay, chamado \u201cEscola de G\u00eanios\u201d.<\/p>\n<figure id=\"attachment_11373\" aria-describedby=\"caption-attachment-11373\" style=\"width: 831px\" class=\"wp-caption alignleft\"><a href=\"http:\/\/projetocineb.com.br\/wp-content\/uploads\/2019\/04\/IMG_3310.jpg\"><img decoding=\"async\" class=\"size-full wp-image-11373\" src=\"http:\/\/projetocineb.com.br\/wp-content\/uploads\/2019\/04\/IMG_3310.jpg\" alt=\"\" width=\"831\" height=\"540\" \/><\/a><figcaption id=\"caption-attachment-11373\" class=\"wp-caption-text\">Cau\u00e3 Martins ao lado do coordenador do CineB Solar, Cid\u00e1lio Vieira Santos, pouco antes de come\u00e7ar a sess\u00e3o<\/figcaption><\/figure>\n<p>Cau\u00e3 participou de festivais, inclusive no exterior, mas foi a primeira vez que acompanhou uma sess\u00e3o ao ar livre. \u201c\u00c9 muito legal a gente ver um filme nacional com essa trajet\u00f3ria, ver ele nos cinemas, ver as pessoas indo prestigiar, e agora indo a comunidades onde \u00e9 mais dif\u00edcil o acesso. \u00c9 legal chegar a lugares assim, para as pessoas verem um filme nacional, assistirem e se emocionarem, ficarem felizes\u201d, declarou.<\/p>\n<figure id=\"attachment_11374\" aria-describedby=\"caption-attachment-11374\" style=\"width: 828px\" class=\"wp-caption alignleft\"><a href=\"http:\/\/projetocineb.com.br\/wp-content\/uploads\/2019\/04\/IMG_3409.jpg\"><img loading=\"lazy\" decoding=\"async\" class=\"size-full wp-image-11374\" src=\"http:\/\/projetocineb.com.br\/wp-content\/uploads\/2019\/04\/IMG_3409.jpg\" alt=\"\" width=\"828\" height=\"552\" \/><\/a><figcaption id=\"caption-attachment-11374\" class=\"wp-caption-text\">Cid\u00e1lio, Z\u00e9 Mario, funcion\u00e1rio do Sindicato dos Banc\u00e1rios e lideran\u00e7a comunit\u00e1ria, Naiane Souza Teixeira, gerente do Procedu e Cau\u00e3<\/figcaption><\/figure>\n<p>A m\u00e3e, Eliana, que \u00e9 analista financeira, conta que a rotina do filho, que estuda no primeiro ano do Ensino M\u00e9dio, \u00e9 intensa. \u201cDesde que ele entrou nessa carreira, h\u00e1 9 anos, sou sua acompanhante. Ele come\u00e7ou como modelo para propaganda da\u00ed eu fui identificando que ele tinha um talento para atuar, ele come\u00e7ou a fazer cursos, entrou no mundo dos musicais, as coisas foram acontecendo, logo ele entrou no cinema e est\u00e1 a\u00ed\u201d, revela.<\/p>\n<p>Foi a oitava vez que o CineB esteve na Vila Nova Uni\u00e3o, a segunda ao ar livre. Nas outras, as sess\u00f5es aconteceram no sal\u00e3o de festas do Procedu. Para Naiane Souza Teixeira, gerente do Sistema de Assist\u00eancia Social \u00e0 Fam\u00edlia (SASF) da entidade, o CineB significa um marco para a comunidade porque traz cultura e lazer para fam\u00edlias de alto n\u00edvel de vulnerabilidade social. \u201c\u00c9 uma gratifica\u00e7\u00e3o muito grande ver a alegria de todas essas crian\u00e7as, dos jovens, dos idosos que aproveitam o cinema popular\u201d, analisa.<\/p>\n<figure id=\"attachment_11375\" aria-describedby=\"caption-attachment-11375\" style=\"width: 828px\" class=\"wp-caption alignleft\"><a href=\"http:\/\/projetocineb.com.br\/wp-content\/uploads\/2019\/04\/IMG_3516.jpg\"><img loading=\"lazy\" decoding=\"async\" class=\"size-full wp-image-11375\" src=\"http:\/\/projetocineb.com.br\/wp-content\/uploads\/2019\/04\/IMG_3516.jpg\" alt=\"\" width=\"828\" height=\"552\" \/><\/a><figcaption id=\"caption-attachment-11375\" class=\"wp-caption-text\">As crian\u00e7as aproveitaram o momento de lazer<\/figcaption><\/figure>\n<p>Ao final da sess\u00e3o o p\u00fablico questionou Cau\u00e3 sobre a sua atua\u00e7\u00e3o como cadeirante e ele refletiu a dificuldade que \u00e9 para os deficientes circularem nas cidades que n\u00e3o contam com nenhum tipo de adapta\u00e7\u00e3o. \u201cD\u00e1 uma agonia n\u00e3o conseguir entrar nos lugares\u201d, denunciou.<\/p>\n<p>Pamela Suelen Rocha, dona de casa e frequentadora das atividades do Procedu, acompanhou a sess\u00e3o do CineB pela primeira vez. Estava acompanhada dos dois filhos, do tio e de uma amiga com seu filho beb\u00ea. \u201cViemos em um monte de gente. Adorei, porque \u00e9 uma hist\u00f3ria interessante, \u00e9 um aprendizado para a gente e foi bom meus filhos assistirem ao filme\u201d, refletiu.<\/p>\n<figure id=\"attachment_11376\" aria-describedby=\"caption-attachment-11376\" style=\"width: 831px\" class=\"wp-caption alignleft\"><a href=\"http:\/\/projetocineb.com.br\/wp-content\/uploads\/2019\/04\/DSC_0007.jpg\"><img loading=\"lazy\" decoding=\"async\" class=\"size-full wp-image-11376\" src=\"http:\/\/projetocineb.com.br\/wp-content\/uploads\/2019\/04\/DSC_0007.jpg\" alt=\"\" width=\"831\" height=\"552\" \/><\/a><figcaption id=\"caption-attachment-11376\" class=\"wp-caption-text\">Muitas fam\u00edlias do bairro acompanharam uma sess\u00e3o de cinema pela primeira vez<\/figcaption><\/figure>\n<p>Cau\u00e3 ficou at\u00e9 o final da sess\u00e3o e ainda conheceu a van do CineB Solar com o sistema que transforma energia solar em energia el\u00e9trica para realizar a sess\u00e3o. \u201cEstou muito agradecido pelo convite. No cinema a gente n\u00e3o consegue ver o p\u00fablico sentindo as emo\u00e7\u00f5es. Aqui, quando acontece uma cena, a crian\u00e7ada faz ohhhh, e \u00e9 muito legal. Fiquei muito feliz de participar, de receber o carinho do pessoal. \u00c9 uma iniciativa que \u00e9 um exemplo\u201d, finaliza.<\/p>\n<p>O CineB Solar, parceria entre a Brazucah Produ\u00e7\u00f5es e o Sindicato dos Banc\u00e1rios de S\u00e3o Paulo, \u00e9 um circuito alternativo de exibi\u00e7\u00e3o que, desde 2007, leva cinema brasileiro para v\u00e1rias regi\u00f5es da cidade. O projeto, j\u00e1 contabiliza um p\u00fablico superior a 64 mil pessoas em mais de 512 sess\u00f5es gratuitas em comunidades, escolas e universidades de S\u00e3o Paulo. J\u00e1 foram exibidos na tela do CINEB mais de 124 longas metragens e 73 curtas metragens.<\/p>\n\t\t\t\n\t\t\t<!-- Blueimp gallery -->\n\t\t\t<div id=\"blueimp-gallery\" class=\"blueimp-gallery blueimp-gallery-controls\">\n\t\t\t\t<div class=\"slides\"><\/div>\n\t\t\t\t<h3 class=\"title\"><\/h3>\n\t\t\t\t<a class=\"prev\">\u2039<\/a>\n\t\t\t\t<a class=\"next\">\u203a<\/a>\n\t\t\t\t<a class=\"close\">\u00d7<\/a>\n\t\t\t\t<a class=\"play-pause\"><\/a>\n\t\t\t\t<ol class=\"indicator\"><\/ol>\n\t\t\t\t<div class=\"modal fade\">\n\t\t\t\t\t<div class=\"modal-dialog\">\n\t\t\t\t\t\t<div class=\"modal-content\">\n\t\t\t\t\t\t\t<div class=\"modal-header\">\n\t\t\t\t\t\t\t\t<button type=\"button\" class=\"close\" aria-hidden=\"true\">&times;<\/button>\n\t\t\t\t\t\t\t\t<h4 class=\"modal-title\"><\/h4>\n\t\t\t\t\t\t\t<\/div>\n\t\t\t\t\t\t\t<div class=\"modal-body next\"><\/div>\n\t\t\t\t\t\t\t<div class=\"modal-footer\">\n\t\t\t\t\t\t\t\t<button type=\"button\" class=\"btn btn-default pull-left prev\">\n\t\t\t\t\t\t\t\t\t<i class=\"glyphicon glyphicon-chevron-left\"><\/i>\n\t\t\t\t\t\t\t\t\tPrevious\t\t\t\t\t\t\t\t<\/button>\n\t\t\t\t\t\t\t\t<button type=\"button\" class=\"btn btn-primary next\">\n\t\t\t\t\t\t\t\t\tNext\t\t\t\t\t\t\t\t\t<i class=\"glyphicon glyphicon-chevron-right\"><\/i>\n\t\t\t\t\t\t\t\t<\/button>\n\t\t\t\t\t\t\t<\/div>\n\t\t\t\t\t\t<\/div>\n\t\t\t\t\t<\/div>\n\t\t\t\t<\/div>\n\t\t\t<\/div>\n\t\t\t<script type=\"text\/javascript\">\n\t\t\tjQuery(function() {\n\t\t\t\t\/\/ Set blueimp gallery options\n\t\t\t\tjQuery.extend(blueimp.Gallery.prototype.options, {\n\t\t\t\t\tuseBootstrapModal: false,\n\t\t\t\t\thidePageScrollbars: false\n\t\t\t\t});\n\t\t\t});\n\t\t\t<\/script>\n\t\t\t\n","protected":false},"excerpt":{"rendered":"<p>Cau\u00e3 Martins, protagonista do longa-metragem \u201cSobre Rodas\u201d, esteve na sess\u00e3o que aconteceu no bairro Uni\u00e3o de Vila Nova, zona Leste[&#8230;]<\/p>\n","protected":false},"author":3,"featured_media":11370,"comment_status":"open","ping_status":"open","sticky":false,"template":"","format":"standard","meta":[],"categories":[2,6],"tags":[154,189,237,255,446,807,996,1133,1141,1193],"_links":{"self":[{"href":"https:\/\/projetocineb.com.br\/index.php?rest_route=\/wp\/v2\/posts\/11369"}],"collection":[{"href":"https:\/\/projetocineb.com.br\/index.php?rest_route=\/wp\/v2\/posts"}],"about":[{"href":"https:\/\/projetocineb.com.br\/index.php?rest_route=\/wp\/v2\/types\/post"}],"author":[{"embeddable":true,"href":"https:\/\/projetocineb.com.br\/index.php?rest_route=\/wp\/v2\/users\/3"}],"replies":[{"embeddable":true,"href":"https:\/\/projetocineb.com.br\/index.php?rest_route=%2Fwp%2Fv2%2Fcomments&post=11369"}],"version-history":[{"count":0,"href":"https:\/\/projetocineb.com.br\/index.php?rest_route=\/wp\/v2\/posts\/11369\/revisions"}],"wp:featuredmedia":[{"embeddable":true,"href":"https:\/\/projetocineb.com.br\/index.php?rest_route=\/wp\/v2\/media\/11370"}],"wp:attachment":[{"href":"https:\/\/projetocineb.com.br\/index.php?rest_route=%2Fwp%2Fv2%2Fmedia&parent=11369"}],"wp:term":[{"taxonomy":"category","embeddable":true,"href":"https:\/\/projetocineb.com.br\/index.php?rest_route=%2Fwp%2Fv2%2Fcategories&post=11369"},{"taxonomy":"post_tag","embeddable":true,"href":"https:\/\/projetocineb.com.br\/index.php?rest_route=%2Fwp%2Fv2%2Ftags&post=11369"}],"curies":[{"name":"wp","href":"https:\/\/api.w.org\/{rel}","templated":true}]}}