{"id":11387,"date":"2019-04-18T09:34:48","date_gmt":"2019-04-18T12:34:48","guid":{"rendered":"http:\/\/projetocineb.com.br\/?p=11387"},"modified":"2019-04-18T09:34:48","modified_gmt":"2019-04-18T12:34:48","slug":"agua-funda-tem-sessao-ao-ar-livre","status":"publish","type":"post","link":"https:\/\/projetocineb.com.br\/?p=11387","title":{"rendered":"\u00c1gua Funda tem sess\u00e3o ao ar livre"},"content":{"rendered":"<p style=\"text-align: left;\"><em>A comunidade da \u00c1gua Funda, Zona Sul de S\u00e3o Paulo, assistiu ao filme \u201cSobre Rodas\u201d de Mauro D\u2019Addio no p\u00e1tio da Par\u00f3quia Santo Afonso de Lig\u00f3rio.<\/em><\/p>\n<figure id=\"attachment_11389\" aria-describedby=\"caption-attachment-11389\" style=\"width: 828px\" class=\"wp-caption alignleft\"><a href=\"http:\/\/projetocineb.com.br\/wp-content\/uploads\/2019\/04\/20190413204658_IMG_9399-01.jpg\"><img fetchpriority=\"high\" decoding=\"async\" class=\"size-full wp-image-11389\" src=\"http:\/\/projetocineb.com.br\/wp-content\/uploads\/2019\/04\/20190413204658_IMG_9399-01.jpg\" alt=\"\" width=\"828\" height=\"552\" \/><\/a><figcaption id=\"caption-attachment-11389\" class=\"wp-caption-text\">O p\u00fablico trouxe at\u00e9 cobertor para assistir ao filme<\/figcaption><\/figure>\n<p>\u00c1gua Funda \u00e9 um bairro localizado ao lado da Rodovia dos Imigrantes, que liga S\u00e3o Paulo ao litoral paulista, e conta com muitas atra\u00e7\u00f5es: o Parque Estadual Nascentes do Ipiranga, local da nascente do c\u00f3rrego do Ipiranga, o Jardim Bot\u00e2nico e o Zool\u00f3gico. Mas no \u00faltimo s\u00e1bado, 13\/04, contou com uma atra\u00e7\u00e3o a mais: uma sess\u00e3o de cinema ao ar livre.<\/p>\n<p>A sess\u00e3o aconteceu no p\u00e1tio da Par\u00f3quia Santo Afonso de Lig\u00f3rio e alcan\u00e7ou um p\u00fablico que frequenta a Par\u00f3quia e a Associa\u00e7\u00e3o de Moradores e Amigos da \u00c1gua Funda (AMAAF), al\u00e9m de visitantes do bairro que acompanharam a exibi\u00e7\u00e3o do longa-metragem \u201cSobre Rodas\u201d, filme de Mauro D\u2019Addio, que estreou no CineB Solar em abril, ao mesmo tempo que no circuito comercial.<br \/>\nO filme, premiado em festivais internacionais e no Brasil, conta a hist\u00f3ria de Lucas (Cau\u00e3 Martins), um menino que chega a uma nova escola depois de sofrer um acidente que o colocou em uma cadeira de rodas. Ele ent\u00e3o faz amizade com La\u00eds (Lara Boldorini), uma colega de classe que sonha em conhecer o pai que a abandonou. Juntos, ambos iniciam uma jornada inesperada e decidem fugir de casa quando a menina descobre o suposto paradeiro do pai.<\/p>\n<figure id=\"attachment_11390\" aria-describedby=\"caption-attachment-11390\" style=\"width: 828px\" class=\"wp-caption alignleft\"><a href=\"http:\/\/projetocineb.com.br\/wp-content\/uploads\/2019\/04\/20190413203845_IMG_9392-01.jpg\"><img decoding=\"async\" class=\"size-full wp-image-11390\" src=\"http:\/\/projetocineb.com.br\/wp-content\/uploads\/2019\/04\/20190413203845_IMG_9392-01.jpg\" alt=\"\" width=\"828\" height=\"552\" \/><\/a><figcaption id=\"caption-attachment-11390\" class=\"wp-caption-text\">O curta \u201cYzal\u00fa \u2013 Rap, feminismo e negritude\u201d tamb\u00e9m foi atra\u00e7\u00e3o da sess\u00e3o<\/figcaption><\/figure>\n<p>H\u00e1 tr\u00eas anos que o bairro recebe o CineB, inicialmente, AMAAF, e desde 2018, na Par\u00f3quia Santo Afonso de Lig\u00f3rio. Para Isabel Ramos, presidente da AMAAF, a exibi\u00e7\u00e3o ao ar livre lembra outros momentos da comunidade. \u201cH\u00e1 uns 50 anos tinha exibi\u00e7\u00e3o de filmes, n\u00e3o tinha o sal\u00e3o da igreja, era feito tudo prec\u00e1rio, mas tinha. Essa comunidade j\u00e1 foi bastante ativa, tinha um grupo de jovens muito bom. Hoje n\u00f3s queremos resgatar as coisas boas que aconteciam aqui\u201d, comenta.<\/p>\n<p>Tamb\u00e9m foi exibido o curta-metragem \u201cYzal\u00fa \u2013 Rap, feminismo e negritude\u201d. O document\u00e1rio narra a jornada de Yzal\u00fa, rapper negra, que encontrou na m\u00fasica uma ferramenta poderosa de combate ao racismo, machismo e classismo. O curta retrata a hist\u00f3ria de seu single mais famoso, \u201cMulheres Negras\u201d, que se tornou um hino entre as feministas negras. Com dire\u00e7\u00e3o e produ\u00e7\u00e3o de Inara Chayamiti e Mayra Maldjian.<\/p>\n<figure id=\"attachment_11392\" aria-describedby=\"caption-attachment-11392\" style=\"width: 831px\" class=\"wp-caption alignleft\"><a href=\"http:\/\/projetocineb.com.br\/wp-content\/uploads\/2019\/04\/DSC_0129.jpg\"><img decoding=\"async\" class=\"size-full wp-image-11392\" src=\"http:\/\/projetocineb.com.br\/wp-content\/uploads\/2019\/04\/DSC_0129.jpg\" alt=\"\" width=\"831\" height=\"552\" \/><\/a><figcaption id=\"caption-attachment-11392\" class=\"wp-caption-text\">Na abertura da sess\u00e3o, Luiza Concei\u00e7\u00e3o, Cid\u00e1lio Vieira Santos e Isabel Mendes<\/figcaption><\/figure>\n<p>A sess\u00e3o contou com muitas fam\u00edlias e as crian\u00e7as levaram at\u00e9 cobertor para assistir ao filme. Ao final do longa, Maria Dolores Gomes, contou que foi a primeira vez em 50 anos que foi a uma sess\u00e3o de cinema. \u201cOs filmes que eu assisti na minha vida foram poucos, como \u2018<em>Dio Come Ti Amo!<\/em>\u2019, \u2018Ben Hur\u2019 e os filme do Frei Mojica&#8221;, confessa. Moradora do Tucuruvi, Dolores passava em frente \u00e0 igreja para visitar o pai, cadeirante e com 99 anos, quando viu o cartaz e ficou sabendo da sess\u00e3o. \u201cAdorei o filme, \u00e9 maravilhoso, um exemplo de vida\u201d, comenta. Cristiane Rodrigues de Abreu, tamb\u00e9m visitava os pais e aproveitou para ir ao cinema \u201cMoro no Jardim \u00c2ngela, meu pais moram aqui perto, minha irm\u00e3 me convidou e eu adorei o filme\u201d, confessa.<\/p>\n<p>Para Luiza dos Reis Concei\u00e7\u00e3o, aposentada e colaboradora da AMAAF, a sess\u00e3o surpreendeu. \u201cFoi agrad\u00e1vel, veio bastante gente, e o filme \u00e9 bem apropriado, trata da quest\u00e3o do deficiente f\u00edsico, da juventude, da amizade, do respeito, porque mostram uma amizade pura\u201d, analisa. Ao final da sess\u00e3o foram sorteados brindes como camisetas e os produtos org\u00e2nicos da empresa M\u00e3e Terra, que apoia o projeto CineB Solar.<\/p>\n<figure id=\"attachment_11393\" aria-describedby=\"caption-attachment-11393\" style=\"width: 831px\" class=\"wp-caption alignleft\"><a href=\"http:\/\/projetocineb.com.br\/wp-content\/uploads\/2019\/04\/DSC_0170.jpg\"><img loading=\"lazy\" decoding=\"async\" class=\"size-full wp-image-11393\" src=\"http:\/\/projetocineb.com.br\/wp-content\/uploads\/2019\/04\/DSC_0170.jpg\" alt=\"\" width=\"831\" height=\"552\" \/><\/a><figcaption id=\"caption-attachment-11393\" class=\"wp-caption-text\">Os ganhadores dos brindes sorteados ao final da sess\u00e3o<\/figcaption><\/figure>\n<p>O CineB Solar, parceria entre a Brazucah Produ\u00e7\u00f5es e o Sindicato dos Banc\u00e1rios de S\u00e3o Paulo, \u00e9 um circuito alternativo de exibi\u00e7\u00e3o de filmes que, desde 2007, leva cinema brasileiro para v\u00e1rias regi\u00f5es da cidade. O projeto, j\u00e1 contabiliza um p\u00fablico superior a 64 mil pessoas em mais de 512 sess\u00f5es gratuitas em comunidades, escolas e universidades de S\u00e3o Paulo. J\u00e1 foram exibidos na tela do CINEB mais de 124 longas metragens e 73 curtas metragens.<\/p>\n\t\t\t\n\t\t\t<!-- Blueimp gallery -->\n\t\t\t<div id=\"blueimp-gallery\" class=\"blueimp-gallery blueimp-gallery-controls\">\n\t\t\t\t<div class=\"slides\"><\/div>\n\t\t\t\t<h3 class=\"title\"><\/h3>\n\t\t\t\t<a class=\"prev\">\u2039<\/a>\n\t\t\t\t<a class=\"next\">\u203a<\/a>\n\t\t\t\t<a class=\"close\">\u00d7<\/a>\n\t\t\t\t<a class=\"play-pause\"><\/a>\n\t\t\t\t<ol class=\"indicator\"><\/ol>\n\t\t\t\t<div class=\"modal fade\">\n\t\t\t\t\t<div class=\"modal-dialog\">\n\t\t\t\t\t\t<div class=\"modal-content\">\n\t\t\t\t\t\t\t<div class=\"modal-header\">\n\t\t\t\t\t\t\t\t<button type=\"button\" class=\"close\" aria-hidden=\"true\">&times;<\/button>\n\t\t\t\t\t\t\t\t<h4 class=\"modal-title\"><\/h4>\n\t\t\t\t\t\t\t<\/div>\n\t\t\t\t\t\t\t<div class=\"modal-body next\"><\/div>\n\t\t\t\t\t\t\t<div class=\"modal-footer\">\n\t\t\t\t\t\t\t\t<button type=\"button\" class=\"btn btn-default pull-left prev\">\n\t\t\t\t\t\t\t\t\t<i class=\"glyphicon glyphicon-chevron-left\"><\/i>\n\t\t\t\t\t\t\t\t\tPrevious\t\t\t\t\t\t\t\t<\/button>\n\t\t\t\t\t\t\t\t<button type=\"button\" class=\"btn btn-primary next\">\n\t\t\t\t\t\t\t\t\tNext\t\t\t\t\t\t\t\t\t<i class=\"glyphicon glyphicon-chevron-right\"><\/i>\n\t\t\t\t\t\t\t\t<\/button>\n\t\t\t\t\t\t\t<\/div>\n\t\t\t\t\t\t<\/div>\n\t\t\t\t\t<\/div>\n\t\t\t\t<\/div>\n\t\t\t<\/div>\n\t\t\t<script type=\"text\/javascript\">\n\t\t\tjQuery(function() {\n\t\t\t\t\/\/ Set blueimp gallery options\n\t\t\t\tjQuery.extend(blueimp.Gallery.prototype.options, {\n\t\t\t\t\tuseBootstrapModal: false,\n\t\t\t\t\thidePageScrollbars: false\n\t\t\t\t});\n\t\t\t});\n\t\t\t<\/script>\n\t\t\t\n","protected":false},"excerpt":{"rendered":"<p>A comunidade da \u00c1gua Funda, Zona Sul de S\u00e3o Paulo, assistiu ao filme \u201cSobre Rodas\u201d de Mauro D\u2019Addio no p\u00e1tio[&#8230;]<\/p>\n","protected":false},"author":3,"featured_media":11433,"comment_status":"open","ping_status":"open","sticky":false,"template":"","format":"standard","meta":[],"categories":[2,6],"tags":[63,154,237,255,525,650,807,935,1134,1141,1244],"_links":{"self":[{"href":"https:\/\/projetocineb.com.br\/index.php?rest_route=\/wp\/v2\/posts\/11387"}],"collection":[{"href":"https:\/\/projetocineb.com.br\/index.php?rest_route=\/wp\/v2\/posts"}],"about":[{"href":"https:\/\/projetocineb.com.br\/index.php?rest_route=\/wp\/v2\/types\/post"}],"author":[{"embeddable":true,"href":"https:\/\/projetocineb.com.br\/index.php?rest_route=\/wp\/v2\/users\/3"}],"replies":[{"embeddable":true,"href":"https:\/\/projetocineb.com.br\/index.php?rest_route=%2Fwp%2Fv2%2Fcomments&post=11387"}],"version-history":[{"count":0,"href":"https:\/\/projetocineb.com.br\/index.php?rest_route=\/wp\/v2\/posts\/11387\/revisions"}],"wp:featuredmedia":[{"embeddable":true,"href":"https:\/\/projetocineb.com.br\/index.php?rest_route=\/wp\/v2\/media\/11433"}],"wp:attachment":[{"href":"https:\/\/projetocineb.com.br\/index.php?rest_route=%2Fwp%2Fv2%2Fmedia&parent=11387"}],"wp:term":[{"taxonomy":"category","embeddable":true,"href":"https:\/\/projetocineb.com.br\/index.php?rest_route=%2Fwp%2Fv2%2Fcategories&post=11387"},{"taxonomy":"post_tag","embeddable":true,"href":"https:\/\/projetocineb.com.br\/index.php?rest_route=%2Fwp%2Fv2%2Ftags&post=11387"}],"curies":[{"name":"wp","href":"https:\/\/api.w.org\/{rel}","templated":true}]}}