{"id":11482,"date":"2019-06-01T22:18:44","date_gmt":"2019-06-02T01:18:44","guid":{"rendered":"http:\/\/projetocineb.com.br\/?p=11482"},"modified":"2019-06-01T22:18:44","modified_gmt":"2019-06-02T01:18:44","slug":"publico-elogia-novo-filme-do-cineb-solar","status":"publish","type":"post","link":"https:\/\/projetocineb.com.br\/?p=11482","title":{"rendered":"P\u00fablico elogia novo filme do CineB Solar"},"content":{"rendered":"<p><em>\u201cBenzinho\u201d, de Gustavo Pizzi foi a atra\u00e7\u00e3o para os frequentadores da ONG Juntos, localizada na Zona Leste de S\u00e3o Paulo<\/em><\/p>\n<p>Um dos mais longevos parceiros do CineB, a ONG Jardins Unidos Num Trabalho de Obras Sociais (Juntos), localizada no Jardim Bras\u00edlia, na regi\u00e3o do Parque do Carmo, Zona Leste de S\u00e3o Paulo, recebeu, na \u00faltima quinta-feira (30\/05\/2019), pela d\u00e9cima primeira vez, uma sess\u00e3o do CineB. Foi a segunda vez que o carro do CineB Solar \u2013 um ve\u00edculo adaptado para captar a energia solar para exibir filmes \u2013 esteve no local.<\/p>\n<p>O diretor administrativo da ONG, Humberto Canavesi elogiou o projeto pela parceria que existe h\u00e1 \u201c8\/9 anos\u201d que possibilita levar o cinema ao povo brasileiro \u201cporque nem todo mundo que mora na periferia tem condi\u00e7\u00e3o de pagar um Cinemark, por exemplo, ir num shopping assistir um filme. Aqui a gente tem o cinema, se diverte, bate papo e integra cada vez mais a comunidade. \u00c9 um excelente trabalho que deve continuar e ampliar cada vez mais, porque n\u00e3o somos s\u00f3 n\u00f3s, o Brasil inteiro precisa desse tipo de trabalho\u201d, valoriza.<br \/>\nOpini\u00e3o parecida tem Durvalina Sacioto Vegas, que mora a um quarteir\u00e3o do espa\u00e7o e ao lado do marido, frequenta a ONG, e j\u00e1 participou de todas as sess\u00f5es organizadas pelo CineB. \u201cTodo ano eu assisto. Eu quero comer pipoca e assistir o cinema\u201d, destaca.<\/p>\n<p>A sess\u00e3o estava lotada com o p\u00fablico de terceira idade que frequenta a ONG e os adolescentes que participam das atividades educativas e sociais como cursos de inform\u00e1tica.<\/p>\n<p>O filme exibido foi \u201cBenzinho\u201d, de Gustavo Pizzi, que retrata a vida e os conflitos de uma fam\u00edlia de classe m\u00e9dia baixa. O primog\u00eanito de uma fam\u00edlia de classe m\u00e9dia \u00e9 convidado para jogar handebol na Alemanha e lan\u00e7a sua m\u00e3e (Karine Teles) em uma espiral de sentimentos pois, al\u00e9m de ajudar a problem\u00e1tica irm\u00e3 (Adriana Esteves), lidar com as instabilidades do marido (Ot\u00e1vio M\u00fcller) e se desdobrar para dar aten\u00e7\u00e3o ao seus outros filhos, ela ter\u00e1 de enfrentar sua partida antes de estar preparada para tal.<\/p>\n<p>O filme foi bastante aplaudido pelo p\u00fablico, que elogiou a tem\u00e1tica do longa-metragem. \u201cAchei que retrata bem a fam\u00edlia, os conflitos que tem, a necessidade, o dia-a-dia do povo brasileiro, porque acontece um monte de dificuldades financeiras, e aquela parte onde a m\u00e3e n\u00e3o quer deixar o filho partir. Eu gostei de tudo, gostei da pipoca tamb\u00e9m\u201d, destacou Gislene Rocha da Silva, estudante de pedagogia, que estava pela primeira vez numa sess\u00e3o, ao lado das filhas e amigos das filhas. Opini\u00e3o semelhante teve Itaozina de F\u00e1tima Romeiro, aposentada que frequenta o grupo de terceira idade. \u201cEu gosto do CineB, achei a hist\u00f3ria interessante, meio bagun\u00e7ada mas interessante\u201d, finaliza.<\/p>\n<p>O CineB\/CineB Solar \u00e9 um circuito itinerante de cinema realizado pelo Sindicato dos Banc\u00e1rios de S\u00e3o Paulo, Osasco e Regi\u00e3o e pela Brazucah Produ\u00e7\u00f5es. Desde 2007, j\u00e1 atingiu um p\u00fablico superior a 65 mil espectadores em mais de 520 sess\u00f5es gratuitas realizadas em comunidades e universidades de S\u00e3o Paulo. A iniciativa busca democratizar o acesso ao cinema nacional e divulgar os filmes produzidos no Brasil. J\u00e1 foram exibidos na tela do CineB mais de 126 longas-metragens e 74 curtas-metragens, al\u00e9m da realiza\u00e7\u00e3o de pr\u00e9-estreias exclusivas.<\/p>\n\t\t\t\n\t\t\t<!-- Blueimp gallery -->\n\t\t\t<div id=\"blueimp-gallery\" class=\"blueimp-gallery blueimp-gallery-controls\">\n\t\t\t\t<div class=\"slides\"><\/div>\n\t\t\t\t<h3 class=\"title\"><\/h3>\n\t\t\t\t<a class=\"prev\">\u2039<\/a>\n\t\t\t\t<a class=\"next\">\u203a<\/a>\n\t\t\t\t<a class=\"close\">\u00d7<\/a>\n\t\t\t\t<a class=\"play-pause\"><\/a>\n\t\t\t\t<ol class=\"indicator\"><\/ol>\n\t\t\t\t<div class=\"modal fade\">\n\t\t\t\t\t<div class=\"modal-dialog\">\n\t\t\t\t\t\t<div class=\"modal-content\">\n\t\t\t\t\t\t\t<div class=\"modal-header\">\n\t\t\t\t\t\t\t\t<button type=\"button\" class=\"close\" aria-hidden=\"true\">&times;<\/button>\n\t\t\t\t\t\t\t\t<h4 class=\"modal-title\"><\/h4>\n\t\t\t\t\t\t\t<\/div>\n\t\t\t\t\t\t\t<div class=\"modal-body next\"><\/div>\n\t\t\t\t\t\t\t<div class=\"modal-footer\">\n\t\t\t\t\t\t\t\t<button type=\"button\" class=\"btn btn-default pull-left prev\">\n\t\t\t\t\t\t\t\t\t<i class=\"glyphicon glyphicon-chevron-left\"><\/i>\n\t\t\t\t\t\t\t\t\tPrevious\t\t\t\t\t\t\t\t<\/button>\n\t\t\t\t\t\t\t\t<button type=\"button\" class=\"btn btn-primary next\">\n\t\t\t\t\t\t\t\t\tNext\t\t\t\t\t\t\t\t\t<i class=\"glyphicon glyphicon-chevron-right\"><\/i>\n\t\t\t\t\t\t\t\t<\/button>\n\t\t\t\t\t\t\t<\/div>\n\t\t\t\t\t\t<\/div>\n\t\t\t\t\t<\/div>\n\t\t\t\t<\/div>\n\t\t\t<\/div>\n\t\t\t<script type=\"text\/javascript\">\n\t\t\tjQuery(function() {\n\t\t\t\t\/\/ Set blueimp gallery options\n\t\t\t\tjQuery.extend(blueimp.Gallery.prototype.options, {\n\t\t\t\t\tuseBootstrapModal: false,\n\t\t\t\t\thidePageScrollbars: false\n\t\t\t\t});\n\t\t\t});\n\t\t\t<\/script>\n\t\t\t\n","protected":false},"excerpt":{"rendered":"<p>\u201cBenzinho\u201d, de Gustavo Pizzi foi a atra\u00e7\u00e3o para os frequentadores da ONG Juntos, localizada na Zona Leste de S\u00e3o Paulo[&#8230;]<\/p>\n","protected":false},"author":3,"featured_media":11483,"comment_status":"open","ping_status":"open","sticky":false,"template":"","format":"standard","meta":[],"categories":[2,6],"tags":[133,154,237,255,588,1133],"_links":{"self":[{"href":"https:\/\/projetocineb.com.br\/index.php?rest_route=\/wp\/v2\/posts\/11482"}],"collection":[{"href":"https:\/\/projetocineb.com.br\/index.php?rest_route=\/wp\/v2\/posts"}],"about":[{"href":"https:\/\/projetocineb.com.br\/index.php?rest_route=\/wp\/v2\/types\/post"}],"author":[{"embeddable":true,"href":"https:\/\/projetocineb.com.br\/index.php?rest_route=\/wp\/v2\/users\/3"}],"replies":[{"embeddable":true,"href":"https:\/\/projetocineb.com.br\/index.php?rest_route=%2Fwp%2Fv2%2Fcomments&post=11482"}],"version-history":[{"count":0,"href":"https:\/\/projetocineb.com.br\/index.php?rest_route=\/wp\/v2\/posts\/11482\/revisions"}],"wp:featuredmedia":[{"embeddable":true,"href":"https:\/\/projetocineb.com.br\/index.php?rest_route=\/wp\/v2\/media\/11483"}],"wp:attachment":[{"href":"https:\/\/projetocineb.com.br\/index.php?rest_route=%2Fwp%2Fv2%2Fmedia&parent=11482"}],"wp:term":[{"taxonomy":"category","embeddable":true,"href":"https:\/\/projetocineb.com.br\/index.php?rest_route=%2Fwp%2Fv2%2Fcategories&post=11482"},{"taxonomy":"post_tag","embeddable":true,"href":"https:\/\/projetocineb.com.br\/index.php?rest_route=%2Fwp%2Fv2%2Ftags&post=11482"}],"curies":[{"name":"wp","href":"https:\/\/api.w.org\/{rel}","templated":true}]}}