{"id":1151,"date":"2010-08-07T22:32:37","date_gmt":"2010-08-08T01:32:37","guid":{"rendered":"http:\/\/projetocineb.com.br\/?p=1151"},"modified":"2010-08-07T22:32:37","modified_gmt":"2010-08-08T01:32:37","slug":"ong-juntos","status":"publish","type":"post","link":"https:\/\/projetocineb.com.br\/?p=1151","title":{"rendered":"ONG JUNTOS"},"content":{"rendered":"<p><em>Fotos de Vivian Szelpal<\/em><\/p>\n<p>Pela <span style=\"color: #ff6600;\">segunda vez o Cine B exibe o melhor do cinema brasileiro na ONG JUNTOS, zona leste de S\u00e3o Paulo<\/span>. A exibi\u00e7\u00e3o foi um sucesso, e o p\u00fablico assistiu ao longa-metragem<em> O casamento de Romeu e Julieta<\/em>, dirigido por Bruno Barreto. Pipoca foi distribu\u00edda e no final da exibi\u00e7\u00e3o houve sorteio de livros e camisetas.<\/p>\n<figure id=\"attachment_1166\" aria-describedby=\"caption-attachment-1166\" style=\"width: 384px\" class=\"wp-caption aligncenter\"><a href=\"http:\/\/projetocineb.com.br\/wp-content\/uploads\/2010\/08\/JUNTOS13.jpg\"><img fetchpriority=\"high\" decoding=\"async\" class=\"size-full wp-image-1166  \" title=\"P\u00fablico levanta saquinhos de pipoca do Cine B\" src=\"http:\/\/projetocineb.com.br\/wp-content\/uploads\/2010\/08\/JUNTOS13.jpg\" alt=\"P\u00fablico levanta saquinhos de pipoca do Cine B\" width=\"384\" height=\"255\" \/><\/a><figcaption id=\"caption-attachment-1166\" class=\"wp-caption-text\">P\u00fablico levanta saquinhos de pipoca do Cine B<\/figcaption><\/figure>\n<p>\u201cConforme prometido, voltamos a exibir aqui no Jardim Bras\u00edlia. N\u00e3o d\u00e1 para voltar demais, j\u00e1 que sempre outras comunidades solicitam as exibi\u00e7\u00f5es, mas quando conseguimos trazer, \u00e9 s\u00f3 alegria para n\u00f3s\u201d, disse Cid\u00e1lio Vieira Santos, da Brazucah Produ\u00e7\u00f5es, na abertura do evento.<\/p>\n<p><span style=\"color: #ff6600;\">\u201cDepois da primeira exibi\u00e7\u00e3o do Cine B aqui na ONG, os jovens que participam dos cursos t\u00e9cnicos, ficavam perguntando quando ia ter de novo. Muito que n\u00e3o conseguiram vir na primeira exibi\u00e7\u00e3o, hoje est\u00e3o aqui\u201d, disse Daniel Frutuoso Garcia, gerente de servi\u00e7os do Centro da Juventude da JUNTO<\/span>S.<\/p>\n<figure id=\"attachment_1158\" aria-describedby=\"caption-attachment-1158\" style=\"width: 319px\" class=\"wp-caption aligncenter\"><a href=\"http:\/\/projetocineb.com.br\/wp-content\/uploads\/2010\/08\/JUNTOS05.jpg\"><img decoding=\"async\" class=\"size-full wp-image-1158 \" title=\"Daniel Frutuoso, da ONG JUNTOS\" src=\"http:\/\/projetocineb.com.br\/wp-content\/uploads\/2010\/08\/JUNTOS05.jpg\" alt=\"Daniel Frutuoso, da ONG JUNTOS\" width=\"319\" height=\"480\" \/><\/a><figcaption id=\"caption-attachment-1158\" class=\"wp-caption-text\">Daniel Frutuoso, gerente de servi\u00e7os do Centro da Juventude da JUNTOS<\/figcaption><\/figure>\n<p>Segundo ele, a primeira exibi\u00e7\u00e3o foi uma grande surpresa quanto a estrutura do projeto Cine B. \u201cFoi mais do que imagin\u00e1vamos. Por ser a primeira vez, ficamos receosos, mas a repercuss\u00e3o do evento na comunidade foi enorme, tanto que nesta segunda vez muitos que nem tinham vindo j\u00e1 conheciam o projeto e a estrutura de cinema que \u00e9 montada no local\u201d, disse Daniel Frutuoso.<\/p>\n<p><span style=\"color: #ff6600;\">\u201cPrincipalmente os idosos comentaram muito sobre o Cine B\u201d, disse Carla Boscariol, que ajudou na realiza\u00e7\u00e3o destas duas exibi\u00e7\u00f5es, al\u00e9m de manter um projeto com aulas de teatro para jovens no Jardim Santa Maria.<\/span><\/p>\n<figure id=\"attachment_1170\" aria-describedby=\"caption-attachment-1170\" style=\"width: 319px\" class=\"wp-caption aligncenter\"><a href=\"http:\/\/projetocineb.com.br\/wp-content\/uploads\/2010\/08\/JUNTOS17.jpg\"><img decoding=\"async\" class=\"size-full wp-image-1170 \" title=\"Carla Boscariol\" src=\"http:\/\/projetocineb.com.br\/wp-content\/uploads\/2010\/08\/JUNTOS17.jpg\" alt=\"Carla Boscariol\" width=\"319\" height=\"480\" \/><\/a><figcaption id=\"caption-attachment-1170\" class=\"wp-caption-text\">Carla Boscariol<\/figcaption><\/figure>\n<p><span style=\"color: #ff6600;\">\u201cAs pessoas reclamam que nunca algu\u00e9m se lembra da periferia. Por isso \u00e9 importante reconhecer um projeto como o Cine B, que ajuda a evoluir a cultura na periferia\u201d, disse Edson Antonio Francisquetti, presidente da ONG JUNTOS, na abertura do evento.<\/span><\/p>\n<p><em> <\/em><\/p>\n<p><em> <\/em><\/p>\n<p><em> <\/em><\/p>\n<p><em> <\/em><\/p>\n<p><em> <\/em><\/p>\n<p><em> <\/em><\/p>\n<p><em> <\/em><\/p>\n<p><em> <\/em><\/p>\n<p><em><\/p>\n<figure id=\"attachment_1168\" aria-describedby=\"caption-attachment-1168\" style=\"width: 384px\" class=\"wp-caption aligncenter\"><a href=\"http:\/\/projetocineb.com.br\/wp-content\/uploads\/2010\/08\/JUNTOS15.jpg\"><img loading=\"lazy\" decoding=\"async\" class=\"size-full wp-image-1168  \" title=\"Cid\u00e1lio Vieira Santos, na abertura do Cine B no Jardim Bras\u00edlia\" src=\"http:\/\/projetocineb.com.br\/wp-content\/uploads\/2010\/08\/JUNTOS15.jpg\" alt=\"Cid\u00e1lio Vieira Santos, na abertura do Cine B no Jardim Bras\u00edlia\" width=\"384\" height=\"255\" \/><\/a><figcaption id=\"caption-attachment-1168\" class=\"wp-caption-text\">Cid\u00e1lio Vieira Santos, faz abertura do Cine B no Jardim Bras\u00edlia, ao lado de Rog\u00e9rio Jacinto da JUNTOS 2, Edson Francisquetti, Carla Boscariol, Humberto Canavesi, professor do CJ Carlos Eug\u00eanio, Maria de Lourdes Silva Souza, diretora do CCA Juntos 2 e Daniel Frutuoso<\/figcaption><\/figure>\n<p><\/em><\/p>\n<h2><span style=\"color: #008000;\">EVOLU\u00c7\u00c3O<\/span><\/h2>\n<p><span style=\"color: #008000;\"> <\/span><\/p>\n<figure id=\"attachment_1153\" aria-describedby=\"caption-attachment-1153\" style=\"width: 384px\" class=\"wp-caption aligncenter\"><a href=\"http:\/\/projetocineb.com.br\/wp-content\/uploads\/2010\/08\/JUNTOS01.jpg\"><img loading=\"lazy\" decoding=\"async\" class=\"size-full wp-image-1153  \" title=\"A finaliza\u00e7\u00e3o nas obras do segundo andar aumentar\u00e1 o numero de vagas para os cursos t\u00e9cnicos oferecidos pela institui\u00e7\u00e3o\" src=\"http:\/\/projetocineb.com.br\/wp-content\/uploads\/2010\/08\/JUNTOS01.jpg\" alt=\"A finaliza\u00e7\u00e3o nas obras do segundo andar aumentar\u00e1 o numero de vagas para os cursos t\u00e9cnicos oferecidos pela institui\u00e7\u00e3o\" width=\"384\" height=\"255\" \/><\/a><figcaption id=\"caption-attachment-1153\" class=\"wp-caption-text\">A finaliza\u00e7\u00e3o nas obras do segundo andar aumentar\u00e1 o numero de vagas para os cursos t\u00e9cnicos oferecidos pela institui\u00e7\u00e3o<\/figcaption><\/figure>\n<p>O bom de voltar nessas institui\u00e7\u00f5es \u00e9 que podemos comprovar as evolu\u00e7\u00f5es que estavam previstas na primeira vez que foram visitadas pelo Cine B. <span style=\"color: #ff6600;\">Em abril estivemos na JUNTOS e a coordena\u00e7\u00e3o da institui\u00e7\u00e3o previa diversas modifica\u00e7\u00f5es no espa\u00e7o para que os cursos t\u00e9cnicos que l\u00e1 s\u00e3o oferecidos para os jovens, tivessem maior capacidade de atendimento.<\/span><\/p>\n<p><a href=\"http:\/\/projetocineb.com.br\/?p=618\" target=\"_blank\">Para ler a reportagem da exibi\u00e7\u00e3o anterior, clique aqui! <\/a><\/p>\n<figure id=\"attachment_1156\" aria-describedby=\"caption-attachment-1156\" style=\"width: 319px\" class=\"wp-caption aligncenter\"><a href=\"http:\/\/projetocineb.com.br\/wp-content\/uploads\/2010\/08\/JUNTOS03.jpg\"><img loading=\"lazy\" decoding=\"async\" class=\"size-full wp-image-1156 \" title=\"Humberto Canavesi\" src=\"http:\/\/projetocineb.com.br\/wp-content\/uploads\/2010\/08\/JUNTOS03.jpg\" alt=\"Humberto Canavesi\" width=\"319\" height=\"480\" \/><\/a><figcaption id=\"caption-attachment-1156\" class=\"wp-caption-text\">\u201cAgora estamos na reta final para concluirmos a reforma do segundo piso\u201d, disse Humberto Canavesi, diretor administrativo da ONG JUNTOS.<\/figcaption><\/figure>\n<p>Segundo Daniel Frutuoso, foram abertas 20 novas vagas por conta desse aumento na capacidade do atendimento.<\/p>\n<p><span style=\"color: #ff6600;\">\u201cTamb\u00e9m estamos conseguindo, com o apoio do Sindicato dos Banc\u00e1rios, o jornal da nossa ONG\u201d, disse Humberto Canavesi.<\/span><\/p>\n<h2><span style=\"color: #008000;\">CLICKS<\/span><\/h2>\n<figure id=\"attachment_1154\" aria-describedby=\"caption-attachment-1154\" style=\"width: 384px\" class=\"wp-caption aligncenter\"><a href=\"http:\/\/projetocineb.com.br\/wp-content\/uploads\/2010\/08\/JUNTOS19.jpg\"><img loading=\"lazy\" decoding=\"async\" class=\"size-full wp-image-1154  \" title=\"A vinheta de abertura com Juvandia Moreira, presidente do Sindicato dos Banc\u00e1rios de S\u00e3o Paulo, Osasco e Regi\u00e3o\" src=\"http:\/\/projetocineb.com.br\/wp-content\/uploads\/2010\/08\/JUNTOS19.jpg\" alt=\"A vinheta de abertura com Juvandia Moreira, presidente do Sindicato dos Banc\u00e1rios de S\u00e3o Paulo, Osasco e Regi\u00e3o\" width=\"384\" height=\"255\" \/><\/a><figcaption id=\"caption-attachment-1154\" class=\"wp-caption-text\">A vinheta de abertura com Juvandia Moreira, presidente do Sindicato dos Banc\u00e1rios de S\u00e3o Paulo, Osasco e Regi\u00e3o<\/figcaption><\/figure>\n<p><span style=\"color: #008000;\"><br \/>\n<\/span><\/p>\n<figure id=\"attachment_1152\" aria-describedby=\"caption-attachment-1152\" style=\"width: 319px\" class=\"wp-caption aligncenter\"><a href=\"http:\/\/projetocineb.com.br\/wp-content\/uploads\/2010\/08\/JUNTOS21.jpg\"><img loading=\"lazy\" decoding=\"async\" class=\"size-full wp-image-1152 \" title=\"\u201cVoc\u00eas est\u00e3o de parab\u00e9ns\u201d, disse a funcion\u00e1ria da JUNTOS Lucidalva Correa Santos Pereira, junto com Humberto Canavesi, Marli Arantes Ara\u00fajo, Maria de Lourdes da Silva e Fernanda Campos\" src=\"http:\/\/projetocineb.com.br\/wp-content\/uploads\/2010\/08\/JUNTOS21.jpg\" alt=\"\u201cVoc\u00eas est\u00e3o de parab\u00e9ns\u201d, disse a funcion\u00e1ria da JUNTOS Lucidalva Correa Santos Pereira, junto com Humberto Canavesi, Marli Arantes Ara\u00fajo, Maria de Lourdes da Silva e Fernanda Campos\" width=\"319\" height=\"480\" \/><\/a><figcaption id=\"caption-attachment-1152\" class=\"wp-caption-text\">\u201cVoc\u00eas est\u00e3o de parab\u00e9ns\u201d, disse a funcion\u00e1ria da JUNTOS Lucidalva Correa Santos Pereira, junto com Humberto Canavesi, Marli Arantes Ara\u00fajo, Maria de Lourdes da Silva e Fernanda Campos<\/figcaption><\/figure>\n<figure id=\"attachment_1163\" aria-describedby=\"caption-attachment-1163\" style=\"width: 384px\" class=\"wp-caption aligncenter\"><a href=\"http:\/\/projetocineb.com.br\/wp-content\/uploads\/2010\/08\/JUNTOS10.jpg\"><img loading=\"lazy\" decoding=\"async\" class=\"size-full wp-image-1163  \" title=\"Neide Almeida, esposa do presidente da JUNTOS, Edson Antonio Francisquetti, acompanhados da neta Patr\u00edcia F Melo de 11 anos e o corintiano M\u00e1rcio Francisquetti\" src=\"http:\/\/projetocineb.com.br\/wp-content\/uploads\/2010\/08\/JUNTOS10.jpg\" alt=\"Neide Almeida, esposa do presidente da JUNTOS, Edson Antonio Francisquetti, acompanhados da neta Patr\u00edcia F Melo de 11 anos e o corintiano M\u00e1rcio Francisquetti\" width=\"384\" height=\"255\" \/><\/a><figcaption id=\"caption-attachment-1163\" class=\"wp-caption-text\">O presidente da JUNTOS, Edson Antonio Francisquetti acompanhado de sua esposa, Neide Almeida, da neta Patr\u00edcia F. Melo de 11 anos e o corintiano M\u00e1rcio Francisquetti<\/figcaption><\/figure>\n<figure id=\"attachment_1155\" aria-describedby=\"caption-attachment-1155\" style=\"width: 384px\" class=\"wp-caption aligncenter\"><a href=\"http:\/\/projetocineb.com.br\/wp-content\/uploads\/2010\/08\/JUNTOS02.jpg\"><img loading=\"lazy\" decoding=\"async\" class=\"size-full wp-image-1155  \" title=\"Foto de integrantes do JUNTOS com Alegria, grupo com atividades para a terceira idade da ONG JUNTOS, Ac\u00e1cio Viegas , Durvalina Saciotto Viegas, Maria do Carmo Gon\u00e7alves dos Santos, Concei\u00e7\u00e3o Martini Ribeiro, Jo\u00e3o Ribeiro Junior, Cleide Ribeiro Leal, Vera Batista Ribeiro e Terezinha Maria de Jesus.\" src=\"http:\/\/projetocineb.com.br\/wp-content\/uploads\/2010\/08\/JUNTOS02.jpg\" alt=\"Foto de integrantes do JUNTOS com Alegria, grupo com atividades para a terceira idade da ONG JUNTOS, Ac\u00e1cio Viegas , Durvalina Saciotto Viegas, Maria do Carmo Gon\u00e7alves dos Santos, Concei\u00e7\u00e3o Martini Ribeiro, Jo\u00e3o Ribeiro Junior, Cleide Ribeiro Leal, Vera Batista Ribeiro e Terezinha Maria de Jesus.\" width=\"384\" height=\"255\" \/><\/a><figcaption id=\"caption-attachment-1155\" class=\"wp-caption-text\">Foto de integrantes do JUNTOS com Alegria, grupo com atividades para a terceira idade da ONG JUNTOS, Ac\u00e1cio Viegas , Durvalina Saciotto Viegas, Maria do Carmo Gon\u00e7alves dos Santos, Concei\u00e7\u00e3o Martini Ribeiro, Jo\u00e3o Ribeiro Junior, Cleide Ribeiro Leal, Vera Batista Ribeiro e Terezinha Maria de Jesus.<\/figcaption><\/figure>\n<figure id=\"attachment_1162\" aria-describedby=\"caption-attachment-1162\" style=\"width: 384px\" class=\"wp-caption aligncenter\"><a href=\"http:\/\/projetocineb.com.br\/wp-content\/uploads\/2010\/08\/JUNTOS09.jpg\"><img loading=\"lazy\" decoding=\"async\" class=\"size-full wp-image-1162  \" title=\"Fabio da Silveira Silva, Elisa Aparecida Pereira dos Anjos, Jos\u00e9 Guilherme Pereira dos Anjos, de 5 anos e Gilson Pereira dos Anjos de 16\" src=\"http:\/\/projetocineb.com.br\/wp-content\/uploads\/2010\/08\/JUNTOS09.jpg\" alt=\"Fabio da Silveira Silva, Elisa Aparecida Pereira dos Anjos, Jos\u00e9 Guilherme Pereira dos Anjos, de 5 anos e Gilson Pereira dos Anjos de 16\" width=\"384\" height=\"255\" \/><\/a><figcaption id=\"caption-attachment-1162\" class=\"wp-caption-text\">O casal Romeu e Julieta, o palmeirense Adilson Trajano dos Santos e sua noiva a corintiana Priscila Aparecida Santos Pereira (filha da Lucidalva Correa Santos Pereira, em p\u00e9), junto de Beatriz Gon\u00e7alves dos Santos de 10 anos, Laurice Vicente Fernandes, Fernando Gon\u00e7alves dos Santos de 12 e Lucas de Ara\u00fajo Correia dos Santos tamb\u00e9m de 12 anos<\/figcaption><\/figure>\n<figure id=\"attachment_1161\" aria-describedby=\"caption-attachment-1161\" style=\"width: 384px\" class=\"wp-caption aligncenter\"><a href=\"http:\/\/projetocineb.com.br\/wp-content\/uploads\/2010\/08\/JUNTOS08.jpg\"><img loading=\"lazy\" decoding=\"async\" class=\"size-full wp-image-1161  \" title=\"Fabio da Silveira Silva, Elisa Aparecida Pereira dos Anjos, Jos\u00e9 Guilherme Pereira dos Anjos, de 5 anos e Gilson Pereira dos Anjos de 16\" src=\"http:\/\/projetocineb.com.br\/wp-content\/uploads\/2010\/08\/JUNTOS08.jpg\" alt=\"Fabio da Silveira Silva, Elisa Aparecida Pereira dos Anjos, Jos\u00e9 Guilherme Pereira dos Anjos, de 5 anos e Gilson Pereira dos Anjos de 16\" width=\"384\" height=\"255\" \/><\/a><figcaption id=\"caption-attachment-1161\" class=\"wp-caption-text\">Fabio da Silveira Silva, Elisa Aparecida Pereira dos Anjos, Jos\u00e9 Guilherme Pereira dos Anjos, de 5 anos e Gilson Pereira dos Anjos de 16<\/figcaption><\/figure>\n<figure id=\"attachment_1171\" aria-describedby=\"caption-attachment-1171\" style=\"width: 384px\" class=\"wp-caption aligncenter\"><a href=\"http:\/\/projetocineb.com.br\/wp-content\/uploads\/2010\/08\/JUNTOS18.jpg\"><img loading=\"lazy\" decoding=\"async\" class=\"size-full wp-image-1171  \" title=\"Na hora do filme, todos concentrados na telona!\" src=\"http:\/\/projetocineb.com.br\/wp-content\/uploads\/2010\/08\/JUNTOS18.jpg\" alt=\"Na hora do filme, todos concentrados na telona!\" width=\"384\" height=\"255\" \/><\/a><figcaption id=\"caption-attachment-1171\" class=\"wp-caption-text\">Na hora do filme, todos concentrados na telona!<\/figcaption><\/figure>\n<figure id=\"attachment_1167\" aria-describedby=\"caption-attachment-1167\" style=\"width: 384px\" class=\"wp-caption aligncenter\"><a href=\"http:\/\/projetocineb.com.br\/wp-content\/uploads\/2010\/08\/JUNTOS14.jpg\"><img loading=\"lazy\" decoding=\"async\" class=\"size-full wp-image-1167  \" title=\"O p\u00fablico levanta os saquinho de pipoca do Cine B no Jardim Bras\u00edlia, na ONG JUNTOS\" src=\"http:\/\/projetocineb.com.br\/wp-content\/uploads\/2010\/08\/JUNTOS14.jpg\" alt=\"O p\u00fablico levanta os saquinho de pipoca do Cine B no Jardim Bras\u00edlia, na ONG JUNTOS\" width=\"384\" height=\"255\" \/><\/a><figcaption id=\"caption-attachment-1167\" class=\"wp-caption-text\">O p\u00fablico levanta os saquinho de pipoca do Cine B no Jardim Bras\u00edlia, na ONG JUNTOS<\/figcaption><\/figure>\n<figure id=\"attachment_1169\" aria-describedby=\"caption-attachment-1169\" style=\"width: 384px\" class=\"wp-caption aligncenter\"><a href=\"http:\/\/projetocineb.com.br\/wp-content\/uploads\/2010\/08\/JUNTOS16.jpg\"><img loading=\"lazy\" decoding=\"async\" class=\"size-full wp-image-1169  \" title=\"Cid\u00e1lio entretem o p\u00fablico antes da exibi\u00e7\u00e3o do filme no Cine B\" src=\"http:\/\/projetocineb.com.br\/wp-content\/uploads\/2010\/08\/JUNTOS16.jpg\" alt=\"Cid\u00e1lio entretem o p\u00fablico antes da exibi\u00e7\u00e3o do filme no Cine B\" width=\"384\" height=\"255\" \/><\/a><figcaption id=\"caption-attachment-1169\" class=\"wp-caption-text\">Cid\u00e1lio entretem o p\u00fablico antes da exibi\u00e7\u00e3o do filme no Cine B<\/figcaption><\/figure>\n<figure id=\"attachment_1164\" aria-describedby=\"caption-attachment-1164\" style=\"width: 384px\" class=\"wp-caption aligncenter\"><a href=\"http:\/\/projetocineb.com.br\/wp-content\/uploads\/2010\/08\/JUNTOS11.jpg\"><img loading=\"lazy\" decoding=\"async\" class=\"size-full wp-image-1164  \" title=\"A sala at\u00e9 parece que ficou pequena com tanta gente!\" src=\"http:\/\/projetocineb.com.br\/wp-content\/uploads\/2010\/08\/JUNTOS11.jpg\" alt=\"A sala at\u00e9 parece que ficou pequena com tanta gente!\" width=\"384\" height=\"255\" \/><\/a><figcaption id=\"caption-attachment-1164\" class=\"wp-caption-text\">Cine B no Jardim Bras\u00edlia, ONG JUNTOS, em S\u00e3o Paulo<\/figcaption><\/figure>\n<figure id=\"attachment_1172\" aria-describedby=\"caption-attachment-1172\" style=\"width: 384px\" class=\"wp-caption aligncenter\"><a href=\"http:\/\/projetocineb.com.br\/wp-content\/uploads\/2010\/08\/JUNTOS20.jpg\"><img loading=\"lazy\" decoding=\"async\" class=\"size-full wp-image-1172  \" title=\"Os sortudos que levaram para casa camisetas do Cine B e livros da exposi\u00e7\u00e3o O corpo Humano\" src=\"http:\/\/projetocineb.com.br\/wp-content\/uploads\/2010\/08\/JUNTOS20.jpg\" alt=\"Os sortudos que levaram para casa camisetas do Cine B e livros da exposi\u00e7\u00e3o O corpo Humano\" width=\"384\" height=\"255\" \/><\/a><figcaption id=\"caption-attachment-1172\" class=\"wp-caption-text\">Os sortudos que levaram para casa camisetas do Cine B e livros da exposi\u00e7\u00e3o O corpo Humano<\/figcaption><\/figure>\n","protected":false},"excerpt":{"rendered":"<p>Fotos de Vivian Szelpal Pela segunda vez o Cine B exibe o melhor do cinema brasileiro na ONG JUNTOS, zona[&#8230;]<\/p>\n","protected":false},"author":2,"featured_media":0,"comment_status":"open","ping_status":"open","sticky":false,"template":"","format":"standard","meta":[],"categories":[2],"tags":[154,159,242,263,266,674,859,887,1095,1132,1247],"_links":{"self":[{"href":"https:\/\/projetocineb.com.br\/index.php?rest_route=\/wp\/v2\/posts\/1151"}],"collection":[{"href":"https:\/\/projetocineb.com.br\/index.php?rest_route=\/wp\/v2\/posts"}],"about":[{"href":"https:\/\/projetocineb.com.br\/index.php?rest_route=\/wp\/v2\/types\/post"}],"author":[{"embeddable":true,"href":"https:\/\/projetocineb.com.br\/index.php?rest_route=\/wp\/v2\/users\/2"}],"replies":[{"embeddable":true,"href":"https:\/\/projetocineb.com.br\/index.php?rest_route=%2Fwp%2Fv2%2Fcomments&post=1151"}],"version-history":[{"count":0,"href":"https:\/\/projetocineb.com.br\/index.php?rest_route=\/wp\/v2\/posts\/1151\/revisions"}],"wp:attachment":[{"href":"https:\/\/projetocineb.com.br\/index.php?rest_route=%2Fwp%2Fv2%2Fmedia&parent=1151"}],"wp:term":[{"taxonomy":"category","embeddable":true,"href":"https:\/\/projetocineb.com.br\/index.php?rest_route=%2Fwp%2Fv2%2Fcategories&post=1151"},{"taxonomy":"post_tag","embeddable":true,"href":"https:\/\/projetocineb.com.br\/index.php?rest_route=%2Fwp%2Fv2%2Ftags&post=1151"}],"curies":[{"name":"wp","href":"https:\/\/api.w.org\/{rel}","templated":true}]}}