{"id":11534,"date":"2019-07-02T18:51:14","date_gmt":"2019-07-02T21:51:14","guid":{"rendered":"http:\/\/projetocineb.com.br\/?p=11534"},"modified":"2019-07-02T18:51:14","modified_gmt":"2019-07-02T21:51:14","slug":"pre-estreia-no-santuario-ns-da-paz","status":"publish","type":"post","link":"https:\/\/projetocineb.com.br\/?p=11534","title":{"rendered":"Pr\u00e9-estreia no Santu\u00e1rio Nossa Senhora da Paz"},"content":{"rendered":"<p><em>&#8220;O Olho e a Faca&#8221; longa-metragem com Rodrigo Lombardi no papel principal foi exibido no Santu\u00e1rio Nossa Senhora da Paz, Zona Leste da capital, no dia 25 de junho, e contou com participa\u00e7\u00e3o do diretor Paulo Sacramento.<\/em><\/p>\n<figure id=\"attachment_11536\" aria-describedby=\"caption-attachment-11536\" style=\"width: 828px\" class=\"wp-caption alignright\"><a href=\"http:\/\/projetocineb.com.br\/wp-content\/uploads\/2019\/07\/20190625213207__MG_2408-01.jpg\"><img fetchpriority=\"high\" decoding=\"async\" class=\"size-full wp-image-11536\" src=\"http:\/\/projetocineb.com.br\/wp-content\/uploads\/2019\/07\/20190625213207__MG_2408-01.jpg\" alt=\"\" width=\"828\" height=\"552\" \/><\/a><figcaption id=\"caption-attachment-11536\" class=\"wp-caption-text\">A pipoca gratuita \u00e9 uma marca do CineB Solar.<\/figcaption><\/figure>\n<p>O sal\u00e3o paroquial do Santu\u00e1rio Nossa Senhora da Paz, localizado na regi\u00e3o de Cidade L\u00edder, Zona Leste de S\u00e3o Paulo, recebeu, no dia 25 de junho, o CineB Solar para a pr\u00e9-estreia do longa-metragem \u201cO Olho e a Faca\u201d, do diretor Paulo Sacramento. O filme entrou em cartaz no circuito comercial em doze salas nas principais capitais do pa\u00eds no \u00faltimo dia 27\/06 (veja abaixo as salas que est\u00e3o exibindo o filme em S\u00e3o Paulo), mas antes contou com tr\u00eas exibi\u00e7\u00f5es no CineB.<\/p>\n<p>No longa-metragem, Roberto (Rodrigo Lombardi) trabalha numa base de petr\u00f3leo em alto mar, e passa longos meses afastado da esposa e dos dois filhos. Um dia, Roberto recebe uma promo\u00e7\u00e3o no emprego, for\u00e7ando-o a ficar ainda menos presente para a fam\u00edlia e os amigos.<\/p>\n<figure id=\"attachment_11537\" aria-describedby=\"caption-attachment-11537\" style=\"width: 831px\" class=\"wp-caption alignright\"><a href=\"http:\/\/projetocineb.com.br\/wp-content\/uploads\/2019\/07\/DSC_0049.jpg\"><img decoding=\"async\" class=\"size-full wp-image-11537\" src=\"http:\/\/projetocineb.com.br\/wp-content\/uploads\/2019\/07\/DSC_0049.jpg\" alt=\"\" width=\"831\" height=\"552\" \/><\/a><figcaption id=\"caption-attachment-11537\" class=\"wp-caption-text\">Rita de C\u00e1ssia Souza, representando o p\u00e1roco Dimas Carvalho, e o coordenador do CineB, Cid\u00e1lio Vieira Santos.<\/figcaption><\/figure>\n<p>Sacramento, que dirigiu \u201cRiocorrente\u201d (2014) e o elogiado document\u00e1rio \u201cPrisioneiro da Grade de Ferro\u201d (2004) tem uma longa carreira como editor de filmes como \u201cQuanto Vale ou \u00c9 por Quilo\u201d (2005), de S\u00e9rgio Bianchi e \u201cAmarelo Manga\u201d (2004) de Cl\u00e1udio Assis. O diretor participou da sess\u00e3o e conversou com o p\u00fablico que lotou o sal\u00e3o paroquial para acompanhar a pr\u00e9-estreia.<\/p>\n<p>Rita de C\u00e1ssia Souza, que atua na \u00e1rea cultural do Santu\u00e1rio, conta que o CineB Solar atende uma demanda da popula\u00e7\u00e3o por atividades culturais. \u201cTemos essa car\u00eancia na periferia, de receber esse tipo de iniciativa, ent\u00e3o quando projetos como o CineB Solar vem at\u00e9 n\u00f3s \u00e9 uma alegria\u201d, destaca.<\/p>\n<p>Sacramento tamb\u00e9m elogiou a iniciativa do projeto, que consegue integrar o produtor com um tipo de p\u00fablico diferente. \u201cAcho maravilhoso, eu sempre gostei de fazer essas sess\u00f5es paralelas, porque nem tudo \u00e9 s\u00f3 o mercado\u201d. Ele conta que o tipo de cinema que faz \u00e9 mais autoral, cinema de reflex\u00e3o, \u201cent\u00e3o \u00e9 muito legal debater, fazer as pessoas n\u00e3o s\u00f3 assistirem o filme como entretenimento, mas tamb\u00e9m pensar e entender um pouco como \u00e9 feito\u201d, explica.<\/p>\n<figure id=\"attachment_11538\" aria-describedby=\"caption-attachment-11538\" style=\"width: 831px\" class=\"wp-caption alignnone\"><a href=\"http:\/\/projetocineb.com.br\/wp-content\/uploads\/2019\/07\/DSC_0073.jpg\"><img decoding=\"async\" class=\"size-full wp-image-11538\" src=\"http:\/\/projetocineb.com.br\/wp-content\/uploads\/2019\/07\/DSC_0073.jpg\" alt=\"\" width=\"831\" height=\"538\" \/><\/a><figcaption id=\"caption-attachment-11538\" class=\"wp-caption-text\">O diretor Paulo Sacramento ( \u00e0 esquerda), que participou da pr\u00e9-estreia.<\/figcaption><\/figure>\n<p>O diretor conversou com o p\u00fablico por cerca de uma hora, ap\u00f3s a exibi\u00e7\u00e3o do filme, e contou detalhes das grava\u00e7\u00f5es e tamb\u00e9m muitas das reflex\u00f5es que o filme traz. \u201cO que acontece na vida desses petroleiros \u00e9 o que acontece na vida de qualquer pessoa. Ele tem um problema de relacionamento no trabalho, ele tem um problema com a mulher, com o filho, uma rela\u00e7\u00e3o mal-resolvida com o pai, enfim, coisas que todo mundo tem\u201d, detalha.<\/p>\n<p>O p\u00fablico se ligou no bate-papo com o diretor e pode fazer in\u00fameras leituras do trabalho, como destacou a analista de suporte Adriana Aparecida: \u201cgostei muito dessa subjetividade que faz a gente parar, pensar, refletir bastante. Como eu gosto de estar no mar fiquei imaginando como eles fizeram as filmagens, toda a parte de log\u00edstica\u201d, aponta.<\/p>\n<p>J\u00e1 para o consultor de Recursos Humanos Rog\u00e9rio Aparecido Fagundes, a quest\u00e3o carreira versus fam\u00edlia falou mais alto na hist\u00f3ria. \u201cPenso se vale a pena sacrificar a fam\u00edlia e ganhar o mundo. Tem essas escolhas, ent\u00e3o, at\u00e9 que ponto vale a pena? Eu que trabalho na \u00e1rea de RH j\u00e1 vi muita gente sacrificando a vida, achando que quando se aposentar vai viver e, na verdade, deixou de viver a vida por conta do trabalho, acreditando na aposentadoria, s\u00f3 que ent\u00e3o j\u00e1 n\u00e3o tem mais vida para viver\u201d, reflete.<\/p>\n<p>Para o educador Elvis In\u00e1cio de Oliveira, que trabalha em um s\u00edtio ensinando as crian\u00e7as a brincar, o projeto consegue abrir novos espa\u00e7os para a cultura brasileira. \u201cEu acho importante essa oportunidade. Temos que valorizar quem faz esse trabalho social, que vai at\u00e9 as comunidades com um projeto. Eu acho super v\u00e1lido, lindo\u201d, elogia.<\/p>\n<p>Para quem quiser conferir o filme, \u201cO Olho e a Faca\u201d est\u00e1 em cartaz na cidade de S\u00e3o Paulo nos seguintes espa\u00e7os: Ita\u00fa Pompeia 10, Ita\u00fa Frei Caneca 7, Reserva Cultural SP3, Petra Belas Artes 6.<\/p>\n<p><strong>CineB Solar<\/strong><br \/>\nO CineB\/CineB Solar \u00e9 um circuito itinerante de cinema realizado pelo Sindicato dos Banc\u00e1rios de S\u00e3o Paulo, Osasco e Regi\u00e3o e pela Brazucah Produ\u00e7\u00f5es. Desde 2007, j\u00e1 atingiu um p\u00fablico superior a 65 mil espectadores em mais de 520 sess\u00f5es gratuitas realizadas em comunidades e universidades de S\u00e3o Paulo. A iniciativa busca democratizar o acesso ao cinema nacional e divulgar os filmes produzidos no Brasil. J\u00e1 foram exibidos na tela do CineB mais de 126 longas-metragens e 74 curtas-metragens, al\u00e9m da realiza\u00e7\u00e3o de pr\u00e9-estreias exclusivas.<\/p>\n\t\t\t\n\t\t\t<!-- Blueimp gallery -->\n\t\t\t<div id=\"blueimp-gallery\" class=\"blueimp-gallery blueimp-gallery-controls\">\n\t\t\t\t<div class=\"slides\"><\/div>\n\t\t\t\t<h3 class=\"title\"><\/h3>\n\t\t\t\t<a class=\"prev\">\u2039<\/a>\n\t\t\t\t<a class=\"next\">\u203a<\/a>\n\t\t\t\t<a class=\"close\">\u00d7<\/a>\n\t\t\t\t<a class=\"play-pause\"><\/a>\n\t\t\t\t<ol class=\"indicator\"><\/ol>\n\t\t\t\t<div class=\"modal fade\">\n\t\t\t\t\t<div class=\"modal-dialog\">\n\t\t\t\t\t\t<div class=\"modal-content\">\n\t\t\t\t\t\t\t<div class=\"modal-header\">\n\t\t\t\t\t\t\t\t<button type=\"button\" class=\"close\" aria-hidden=\"true\">&times;<\/button>\n\t\t\t\t\t\t\t\t<h4 class=\"modal-title\"><\/h4>\n\t\t\t\t\t\t\t<\/div>\n\t\t\t\t\t\t\t<div class=\"modal-body next\"><\/div>\n\t\t\t\t\t\t\t<div class=\"modal-footer\">\n\t\t\t\t\t\t\t\t<button type=\"button\" class=\"btn btn-default pull-left prev\">\n\t\t\t\t\t\t\t\t\t<i class=\"glyphicon glyphicon-chevron-left\"><\/i>\n\t\t\t\t\t\t\t\t\tPrevious\t\t\t\t\t\t\t\t<\/button>\n\t\t\t\t\t\t\t\t<button type=\"button\" class=\"btn btn-primary next\">\n\t\t\t\t\t\t\t\t\tNext\t\t\t\t\t\t\t\t\t<i class=\"glyphicon glyphicon-chevron-right\"><\/i>\n\t\t\t\t\t\t\t\t<\/button>\n\t\t\t\t\t\t\t<\/div>\n\t\t\t\t\t\t<\/div>\n\t\t\t\t\t<\/div>\n\t\t\t\t<\/div>\n\t\t\t<\/div>\n\t\t\t<script type=\"text\/javascript\">\n\t\t\tjQuery(function() {\n\t\t\t\t\/\/ Set blueimp gallery options\n\t\t\t\tjQuery.extend(blueimp.Gallery.prototype.options, {\n\t\t\t\t\tuseBootstrapModal: false,\n\t\t\t\t\thidePageScrollbars: false\n\t\t\t\t});\n\t\t\t});\n\t\t\t<\/script>\n\t\t\t\n","protected":false},"excerpt":{"rendered":"<p>&#8220;O Olho e a Faca&#8221; longa-metragem com Rodrigo Lombardi no papel principal foi exibido no Santu\u00e1rio Nossa Senhora da Paz,[&#8230;]<\/p>\n","protected":false},"author":3,"featured_media":11648,"comment_status":"open","ping_status":"open","sticky":false,"template":"","format":"standard","meta":[],"categories":[2,6],"tags":[237,255,871,955,1091,1135],"_links":{"self":[{"href":"https:\/\/projetocineb.com.br\/index.php?rest_route=\/wp\/v2\/posts\/11534"}],"collection":[{"href":"https:\/\/projetocineb.com.br\/index.php?rest_route=\/wp\/v2\/posts"}],"about":[{"href":"https:\/\/projetocineb.com.br\/index.php?rest_route=\/wp\/v2\/types\/post"}],"author":[{"embeddable":true,"href":"https:\/\/projetocineb.com.br\/index.php?rest_route=\/wp\/v2\/users\/3"}],"replies":[{"embeddable":true,"href":"https:\/\/projetocineb.com.br\/index.php?rest_route=%2Fwp%2Fv2%2Fcomments&post=11534"}],"version-history":[{"count":0,"href":"https:\/\/projetocineb.com.br\/index.php?rest_route=\/wp\/v2\/posts\/11534\/revisions"}],"wp:featuredmedia":[{"embeddable":true,"href":"https:\/\/projetocineb.com.br\/index.php?rest_route=\/wp\/v2\/media\/11648"}],"wp:attachment":[{"href":"https:\/\/projetocineb.com.br\/index.php?rest_route=%2Fwp%2Fv2%2Fmedia&parent=11534"}],"wp:term":[{"taxonomy":"category","embeddable":true,"href":"https:\/\/projetocineb.com.br\/index.php?rest_route=%2Fwp%2Fv2%2Fcategories&post=11534"},{"taxonomy":"post_tag","embeddable":true,"href":"https:\/\/projetocineb.com.br\/index.php?rest_route=%2Fwp%2Fv2%2Ftags&post=11534"}],"curies":[{"name":"wp","href":"https:\/\/api.w.org\/{rel}","templated":true}]}}