{"id":11542,"date":"2019-07-02T19:08:56","date_gmt":"2019-07-02T22:08:56","guid":{"rendered":"http:\/\/projetocineb.com.br\/?p=11542"},"modified":"2019-07-02T19:08:56","modified_gmt":"2019-07-02T22:08:56","slug":"sacramento-participa-de-debate-nos-bancarios","status":"publish","type":"post","link":"https:\/\/projetocineb.com.br\/?p=11542","title":{"rendered":"Sacramento participa de debate nos Banc\u00e1rios"},"content":{"rendered":"<p><em>O diretor do longa \u201cO Olho e a Faca\u201d, Paulo Sacramento, participou, dia 26 de junho, de uma sess\u00e3o especial no Audit\u00f3rio Amarelo do Sindicato dos Banc\u00e1rios de Saulo, Osasco e Regi\u00e3o e debateu seu novo filme com convidados.<\/em><\/p>\n<figure id=\"attachment_11544\" aria-describedby=\"caption-attachment-11544\" style=\"width: 831px\" class=\"wp-caption alignleft\"><a href=\"http:\/\/projetocineb.com.br\/wp-content\/uploads\/2019\/07\/DSC_0211.jpg\"><img fetchpriority=\"high\" decoding=\"async\" class=\"size-full wp-image-11544\" src=\"http:\/\/projetocineb.com.br\/wp-content\/uploads\/2019\/07\/DSC_0211.jpg\" alt=\"\" width=\"831\" height=\"551\" \/><\/a><figcaption id=\"caption-attachment-11544\" class=\"wp-caption-text\">P\u00fablico fez um longo debate com o diretor Paulo Sacramento<\/figcaption><\/figure>\n<p>Foi uma pequena maratona para o diretor Paulo Sacramento, que participou da pr\u00e9-estreia do seu novo longa-metragem \u201cO Olho e a Faca\u201d em duas sess\u00f5es do CineB antes que o filme entrasse em cartaz no circuito comercial no dia 27 de junho (veja abaixo as salas que est\u00e3o exibindo o filme em S\u00e3o Paulo).<\/p>\n<p>Dia 25 de junho, o diretor esteve na exibi\u00e7\u00e3o que aconteceu no Sal\u00e3o Paroquial do Santu\u00e1rio Nossa Senhora da Paz, na Zona Leste, assim como no dia 26 de junho, quando um p\u00fablico formado por convidados p\u00f4de acompanhar o longa-metragem no Audit\u00f3rio Amarelo, espa\u00e7o localizado na sede do Sindicato dos Banc\u00e1rios de S\u00e3o Paulo, Osasco e regi\u00e3o, que fica no pr\u00e9dio Martinelli, regi\u00e3o central da capital paulista.<\/p>\n<p>No longa-metragem, Roberto (Rodrigo Lombardi) trabalha numa base de petr\u00f3leo em alto mar, e passa longos meses afastado da esposa e dos dois filhos. Um dia, Roberto recebe uma promo\u00e7\u00e3o no emprego, for\u00e7ando-o a ficar ainda menos presente para a fam\u00edlia e os amigos.<\/p>\n<p>Sacramento, que dirigiu \u201cRiocorrente\u201d (2014) e o elogiado document\u00e1rio \u201cPrisioneiro da Grade de Ferro\u201d (2004) contou para o p\u00fablico hist\u00f3rias sobre a produ\u00e7\u00e3o, destacando o quanto \u00e9 dif\u00edcil fazer cinema no Brasil atualmente, sobretudo depois das a\u00e7\u00f5es de desmonte das estruturas de financiamento da cultura e do cinema nacional por parte do governo Bolsonaro. Ele lembrou que apesar do filme ser rodado numa plataforma de petr\u00f3leo, n\u00e3o teve nenhum apoio da Petrobras que, de uma hora para outra, deixou de ser uma das maiores financiadoras do cinema nacional.<\/p>\n<p>O p\u00fablico, formado por banc\u00e1rios, integrantes dos movimentos sociais que apoiam o CineB e alunos de Educa\u00e7\u00e3o de Jovens e Adultos (EJA) da Escola Estadual Professora Mauro de Oliveira, localizada na Vila Anglo, Zona Oeste de S\u00e3o Paulo, acompanhou o papo entre Sacramento, o coordenador do CineB Cid\u00e1lio Vieira Santos e a diretora da Brazucah Produ\u00e7\u00f5es, Cynthia Alario.<\/p>\n<p>Amauri Santos, diretor do Sindicato dos Banc\u00e1rios elogiou a atividade e comentou que o cinema tem o dom de entrar na vida das pessoas. \u201cA gente v\u00ea o filme, mas com o diretor, temos a possibilidade de fazer perguntas, interagir, ver o que ele pensou, passar para ele o que n\u00f3s vimos. \u00c9 muito boa essa intera\u00e7\u00e3o. Esse tipo de trabalho n\u00e3o pode deixar de acontecer\u201d, destaca.<\/p>\n<p>Para Thiago Pinheiro, que trabalha com marketing digital, a sess\u00e3o foi uma oportunidade de conversar novamente com o diretor. \u201cSou f\u00e3 do trabalho do Paulo Sacramento. Eu j\u00e1 tinha participado, h\u00e1 15 anos, da pr\u00e9-estreia do primeiro longa dele, \u201cPisioneiro da Grade de Ferro\u201d, na USP. Eu conhe\u00e7o o Cid\u00e1lio e j\u00e1 participei de outras sess\u00f5es no Graja\u00fa, onde eu moro\u201d, lembra.<\/p>\n<p>J\u00e1 Alencar Ferreira, banc\u00e1rio aposentado, ex-funcion\u00e1rio do Banco do Brasil e ex-diretor do Sindicato participou pela primeira vez de uma sess\u00e3o e saiu elogiando o projeto. \u201cParab\u00e9ns para o Sindicato dos Banc\u00e1rios, sempre vanguarda na luta pol\u00edtica, na luta sindical e nas quest\u00f5es culturais. Eu adoro cinema e foi a primeira vez que que tive a oportunidade de conhecer e dialogar com um diretor. [Um filme] que tem uma abordagem completamente diferente do comum, que \u00e9 a quest\u00e3o peculiar do cara que pensou, planejou, filmou, discutiu cada cena. Foi muito legal. Parab\u00e9ns para o CineB\u201d, terminou.<\/p>\n<p>Sacramento lembrou que faltam no pa\u00eds iniciativas como as que o CineB realiza. \u201cForam duas sess\u00f5es completamente diferentes. Existe uma car\u00eancia de informa\u00e7\u00e3o, de acesso ao produto cultural, ent\u00e3o quando tem uma coisa bem feita, como voc\u00eas est\u00e3o fazendo, p\u00fablico \u00e9 que n\u00e3o falta. Para mim, como realizador, \u00e9 demais vir conversar com as pessoas, ver o que funciona, o que n\u00e3o funciona, como eles enxergam o filme. Foi uma maratoninha, dois dias s\u00f3, mas foi intenso, muito legal\u201d, rasgando em elogios.<\/p>\n<p>Para quem quiser conferir o filme, \u201cO Olho e a Faca\u201d est\u00e1 em cartaz na cidade de S\u00e3o Paulo nos seguintes espa\u00e7os: Ita\u00fa Pompeia 10, Ita\u00fa Frei Caneca 7, Reserva Cultural SP3, Petra Belas Artes 6.<\/p>\n<p><strong>CineB Solar<\/strong><br \/>\nO CineB\/CineB Solar \u00e9 um circuito itinerante de cinema realizado pelo Sindicato dos Banc\u00e1rios de S\u00e3o Paulo, Osasco e Regi\u00e3o e pela Brazucah Produ\u00e7\u00f5es. Desde 2007, j\u00e1 atingiu um p\u00fablico superior a 65 mil espectadores em mais de 520 sess\u00f5es gratuitas realizadas em comunidades e universidades de S\u00e3o Paulo. A iniciativa busca democratizar o acesso ao cinema nacional e divulgar os filmes produzidos no Brasil. J\u00e1 foram exibidos na tela do CineB mais de 126 longas-metragens e 74 curtas-metragens, al\u00e9m da realiza\u00e7\u00e3o de pr\u00e9-estreias exclusivas.<\/p>\n\t\t\t\n\t\t\t<!-- Blueimp gallery -->\n\t\t\t<div id=\"blueimp-gallery\" class=\"blueimp-gallery blueimp-gallery-controls\">\n\t\t\t\t<div class=\"slides\"><\/div>\n\t\t\t\t<h3 class=\"title\"><\/h3>\n\t\t\t\t<a class=\"prev\">\u2039<\/a>\n\t\t\t\t<a class=\"next\">\u203a<\/a>\n\t\t\t\t<a class=\"close\">\u00d7<\/a>\n\t\t\t\t<a class=\"play-pause\"><\/a>\n\t\t\t\t<ol class=\"indicator\"><\/ol>\n\t\t\t\t<div class=\"modal fade\">\n\t\t\t\t\t<div class=\"modal-dialog\">\n\t\t\t\t\t\t<div class=\"modal-content\">\n\t\t\t\t\t\t\t<div class=\"modal-header\">\n\t\t\t\t\t\t\t\t<button type=\"button\" class=\"close\" aria-hidden=\"true\">&times;<\/button>\n\t\t\t\t\t\t\t\t<h4 class=\"modal-title\"><\/h4>\n\t\t\t\t\t\t\t<\/div>\n\t\t\t\t\t\t\t<div class=\"modal-body next\"><\/div>\n\t\t\t\t\t\t\t<div class=\"modal-footer\">\n\t\t\t\t\t\t\t\t<button type=\"button\" class=\"btn btn-default pull-left prev\">\n\t\t\t\t\t\t\t\t\t<i class=\"glyphicon glyphicon-chevron-left\"><\/i>\n\t\t\t\t\t\t\t\t\tPrevious\t\t\t\t\t\t\t\t<\/button>\n\t\t\t\t\t\t\t\t<button type=\"button\" class=\"btn btn-primary next\">\n\t\t\t\t\t\t\t\t\tNext\t\t\t\t\t\t\t\t\t<i class=\"glyphicon glyphicon-chevron-right\"><\/i>\n\t\t\t\t\t\t\t\t<\/button>\n\t\t\t\t\t\t\t<\/div>\n\t\t\t\t\t\t<\/div>\n\t\t\t\t\t<\/div>\n\t\t\t\t<\/div>\n\t\t\t<\/div>\n\t\t\t<script type=\"text\/javascript\">\n\t\t\tjQuery(function() {\n\t\t\t\t\/\/ Set blueimp gallery options\n\t\t\t\tjQuery.extend(blueimp.Gallery.prototype.options, {\n\t\t\t\t\tuseBootstrapModal: false,\n\t\t\t\t\thidePageScrollbars: false\n\t\t\t\t});\n\t\t\t});\n\t\t\t<\/script>\n\t\t\t\n","protected":false},"excerpt":{"rendered":"<p>O diretor do longa \u201cO Olho e a Faca\u201d, Paulo Sacramento, participou, dia 26 de junho, de uma sess\u00e3o especial[&#8230;]<\/p>\n","protected":false},"author":3,"featured_media":11643,"comment_status":"open","ping_status":"open","sticky":false,"template":"","format":"standard","meta":[],"categories":[2,6],"tags":[237,252,871,955,1133],"_links":{"self":[{"href":"https:\/\/projetocineb.com.br\/index.php?rest_route=\/wp\/v2\/posts\/11542"}],"collection":[{"href":"https:\/\/projetocineb.com.br\/index.php?rest_route=\/wp\/v2\/posts"}],"about":[{"href":"https:\/\/projetocineb.com.br\/index.php?rest_route=\/wp\/v2\/types\/post"}],"author":[{"embeddable":true,"href":"https:\/\/projetocineb.com.br\/index.php?rest_route=\/wp\/v2\/users\/3"}],"replies":[{"embeddable":true,"href":"https:\/\/projetocineb.com.br\/index.php?rest_route=%2Fwp%2Fv2%2Fcomments&post=11542"}],"version-history":[{"count":0,"href":"https:\/\/projetocineb.com.br\/index.php?rest_route=\/wp\/v2\/posts\/11542\/revisions"}],"wp:featuredmedia":[{"embeddable":true,"href":"https:\/\/projetocineb.com.br\/index.php?rest_route=\/wp\/v2\/media\/11643"}],"wp:attachment":[{"href":"https:\/\/projetocineb.com.br\/index.php?rest_route=%2Fwp%2Fv2%2Fmedia&parent=11542"}],"wp:term":[{"taxonomy":"category","embeddable":true,"href":"https:\/\/projetocineb.com.br\/index.php?rest_route=%2Fwp%2Fv2%2Fcategories&post=11542"},{"taxonomy":"post_tag","embeddable":true,"href":"https:\/\/projetocineb.com.br\/index.php?rest_route=%2Fwp%2Fv2%2Ftags&post=11542"}],"curies":[{"name":"wp","href":"https:\/\/api.w.org\/{rel}","templated":true}]}}