{"id":11547,"date":"2019-07-02T19:29:56","date_gmt":"2019-07-02T22:29:56","guid":{"rendered":"http:\/\/projetocineb.com.br\/?p=11547"},"modified":"2019-07-02T19:29:56","modified_gmt":"2019-07-02T22:29:56","slug":"cinema-no-patio-da-escola","status":"publish","type":"post","link":"https:\/\/projetocineb.com.br\/?p=11547","title":{"rendered":"Cinema no p\u00e1tio da escola"},"content":{"rendered":"<p><em>CineB Solar exibiu, no dia 28 de junho, a anima\u00e7\u00e3o \u201cTito e os P\u00e1ssaros\u201d no p\u00e1tio da CEI Casinha S\u00e3o Jos\u00e9, localizada na regi\u00e3o de Interlagos, Zona Sul da capital.<\/em><\/p>\n<figure id=\"attachment_11549\" aria-describedby=\"caption-attachment-11549\" style=\"width: 831px\" class=\"wp-caption alignleft\"><a href=\"http:\/\/projetocineb.com.br\/wp-content\/uploads\/2019\/07\/DSC_0266.jpg\"><img fetchpriority=\"high\" decoding=\"async\" class=\"size-full wp-image-11549\" src=\"http:\/\/projetocineb.com.br\/wp-content\/uploads\/2019\/07\/DSC_0266.jpg\" alt=\"\" width=\"831\" height=\"552\" \/><\/a><figcaption id=\"caption-attachment-11549\" class=\"wp-caption-text\">Casa cheia para receber o CineB Solar ao ar livre.<\/figcaption><\/figure>\n<p>Dessa vez o clima ajudou. E na noite estrelada de 28 de junho, a Associa\u00e7\u00e3o SSJ S\u00e3o Jos\u00e9 recebeu o CineB Solar para uma exibi\u00e7\u00e3o especial no p\u00e1tio do Centro Educacional Infantil (CEI) localizada no Jardim Bela Vista, regi\u00e3o de Interlagos, Zona Sul de S\u00e3o Paulo.<\/p>\n<p>Ano passado, a sess\u00e3o que tamb\u00e9m aconteceria ao ar livre foi transferida para a rampa de acesso da unidade escolar, por conta de uma brusca mudan\u00e7a de tempo. Dessa vez, S\u00e3o Pedro, talvez empolgado \u00e0s v\u00e9speras de suas comemora\u00e7\u00f5es juninas, colaborou com o evento, e o p\u00fablico de mais de 150 pessoas pode acompanhar a anima\u00e7\u00e3o \u201cTito e os P\u00e1ssaros\u201d num gostoso clima de festa.<\/p>\n<p>&nbsp;<\/p>\n<figure id=\"attachment_11550\" aria-describedby=\"caption-attachment-11550\" style=\"width: 831px\" class=\"wp-caption alignnone\"><a href=\"http:\/\/projetocineb.com.br\/wp-content\/uploads\/2019\/07\/DSC_0295.jpg\"><img decoding=\"async\" class=\"size-full wp-image-11550\" src=\"http:\/\/projetocineb.com.br\/wp-content\/uploads\/2019\/07\/DSC_0295.jpg\" alt=\"\" width=\"831\" height=\"552\" \/><\/a><figcaption id=\"caption-attachment-11550\" class=\"wp-caption-text\">Ao centro, o coordenador do CineB Solar, Cid\u00e1lio VIeira Santos e a diretora da escola Nerise Angelina Lopes.<\/figcaption><\/figure>\n<p>Dirigido por Gustavo Steinberg, Gabriel Bitar e Andr\u00e9 Catoto, \u201cTito e os P\u00e1ssaros\u201d apresenta o visual de uma pintura expressionista. Tito \u00e9 um garoto de dez anos que vive com a m\u00e3e. O pai, um inventor, deixou os dois ap\u00f3s um acidente com uma de suas m\u00e1quinas. Quando uma epidemia do medo passa a atingir o mundo, Tito e seus amigos tentar\u00e3o descobrir alguma forma de salvar a popula\u00e7\u00e3o. Para isso, buscar\u00e1 a ajuda dos p\u00e1ssaros. Antes do longa, foi exibido o curta-metragem \u201cBMW Vermelha\u201d, uma divertida hist\u00f3ria de um ganhador de um carro que n\u00e3o pode vender o pr\u00eamio por dois anos.<\/p>\n<p>Para a diretora da escola, Nerise Angelina Lopes, \u00e9 enriquecedor \u201cpoder oferecer atividades culturais para a comunidade, sobretudo os filmes levados pelo CineB Solar\u201d. Ela conta que al\u00e9m das fam\u00edlias das crian\u00e7as de zero a quatro anos que frequentam a escola infantil, tamb\u00e9m \u201cparticiparam crian\u00e7as maiores, que j\u00e1 foram alunas e voltaram para prestigiar as atividades das escola\u201d.<\/p>\n<figure id=\"attachment_11554\" aria-describedby=\"caption-attachment-11554\" style=\"width: 831px\" class=\"wp-caption alignleft\"><a href=\"http:\/\/projetocineb.com.br\/wp-content\/uploads\/2019\/07\/DSC_0324.jpg\"><img decoding=\"async\" class=\"size-full wp-image-11554\" src=\"http:\/\/projetocineb.com.br\/wp-content\/uploads\/2019\/07\/DSC_0324.jpg\" alt=\"\" width=\"831\" height=\"552\" \/><\/a><figcaption id=\"caption-attachment-11554\" class=\"wp-caption-text\">Crian\u00e7as que participaram da sess\u00e3o comentaram o filme ap\u00f3s exibi\u00e7\u00e3o.<\/figcaption><\/figure>\n<p>Caso das primas Maria Helo\u00edsa de Oliveira Silva, 11 anos e Lara Maria Silva, 9 anos, que estavam acompanhadas da av\u00f3 e j\u00e1 haviam participado da sess\u00e3o do ano passado, que exibiu o filme \u201cMade in China\u201d, com Regina Cas\u00e9. Bastante \u00e0 vontade, se envolveram com sorteios e brincadeiras organizadas pelo coordenador do CineB Solar, Cid\u00e1lio Vieira Santos. \u201cO filme \u00e9 muito bom, muito emocionante e muito legal, eu recomendo para todo o p\u00fablico\u201d, comentou Helo\u00edsa. Um pouco mais t\u00edmida para falar, Lara conta que achou \u201cemocionante\u201d a anima\u00e7\u00e3o.<\/p>\n<p>O jovem casal John Souza Silva e Lindsen Priscila estava pela primeira vez numa sess\u00e3o do CineB Solar, acompanhado da pequena Sofia, de um ano, que dormiu nos bra\u00e7os da m\u00e3e no meio do filme. \u201c\u00c9 a primeira vez que viemos num evento da escola. Gostei e recomendo a todos os pais para trazer seus filhos. \u00c9 muito bom acompanha-los\u201d, resumiu John.<\/p>\n<p><strong>CineB Solar<\/strong><br \/>\nO CineB\/CineB Solar \u00e9 um circuito itinerante de cinema realizado pelo Sindicato dos Banc\u00e1rios de S\u00e3o Paulo, Osasco e Regi\u00e3o e pela Brazucah Produ\u00e7\u00f5es. Desde 2007, j\u00e1 atingiu um p\u00fablico superior a 65 mil espectadores em mais de 520 sess\u00f5es gratuitas realizadas em comunidades e universidades de S\u00e3o Paulo. A iniciativa busca democratizar o acesso ao cinema nacional e divulgar os filmes produzidos no Brasil. J\u00e1 foram exibidos na tela do CineB mais de 126 longas-metragens e 74 curtas-metragens, al\u00e9m da realiza\u00e7\u00e3o de pr\u00e9-estreias exclusivas.<\/p>\n\t\t\t\n\t\t\t<!-- Blueimp gallery -->\n\t\t\t<div id=\"blueimp-gallery\" class=\"blueimp-gallery blueimp-gallery-controls\">\n\t\t\t\t<div class=\"slides\"><\/div>\n\t\t\t\t<h3 class=\"title\"><\/h3>\n\t\t\t\t<a class=\"prev\">\u2039<\/a>\n\t\t\t\t<a class=\"next\">\u203a<\/a>\n\t\t\t\t<a class=\"close\">\u00d7<\/a>\n\t\t\t\t<a class=\"play-pause\"><\/a>\n\t\t\t\t<ol class=\"indicator\"><\/ol>\n\t\t\t\t<div class=\"modal fade\">\n\t\t\t\t\t<div class=\"modal-dialog\">\n\t\t\t\t\t\t<div class=\"modal-content\">\n\t\t\t\t\t\t\t<div class=\"modal-header\">\n\t\t\t\t\t\t\t\t<button type=\"button\" class=\"close\" aria-hidden=\"true\">&times;<\/button>\n\t\t\t\t\t\t\t\t<h4 class=\"modal-title\"><\/h4>\n\t\t\t\t\t\t\t<\/div>\n\t\t\t\t\t\t\t<div class=\"modal-body next\"><\/div>\n\t\t\t\t\t\t\t<div class=\"modal-footer\">\n\t\t\t\t\t\t\t\t<button type=\"button\" class=\"btn btn-default pull-left prev\">\n\t\t\t\t\t\t\t\t\t<i class=\"glyphicon glyphicon-chevron-left\"><\/i>\n\t\t\t\t\t\t\t\t\tPrevious\t\t\t\t\t\t\t\t<\/button>\n\t\t\t\t\t\t\t\t<button type=\"button\" class=\"btn btn-primary next\">\n\t\t\t\t\t\t\t\t\tNext\t\t\t\t\t\t\t\t\t<i class=\"glyphicon glyphicon-chevron-right\"><\/i>\n\t\t\t\t\t\t\t\t<\/button>\n\t\t\t\t\t\t\t<\/div>\n\t\t\t\t\t\t<\/div>\n\t\t\t\t\t<\/div>\n\t\t\t\t<\/div>\n\t\t\t<\/div>\n\t\t\t<script type=\"text\/javascript\">\n\t\t\tjQuery(function() {\n\t\t\t\t\/\/ Set blueimp gallery options\n\t\t\t\tjQuery.extend(blueimp.Gallery.prototype.options, {\n\t\t\t\t\tuseBootstrapModal: false,\n\t\t\t\t\thidePageScrollbars: false\n\t\t\t\t});\n\t\t\t});\n\t\t\t<\/script>\n\t\t\t\n","protected":false},"excerpt":{"rendered":"<p>CineB Solar exibiu, no dia 28 de junho, a anima\u00e7\u00e3o \u201cTito e os P\u00e1ssaros\u201d no p\u00e1tio da CEI Casinha S\u00e3o[&#8230;]<\/p>\n","protected":false},"author":3,"featured_media":11642,"comment_status":"open","ping_status":"open","sticky":false,"template":"","format":"standard","meta":[],"categories":[2,6],"tags":[118,154,199,255,1133,1163],"_links":{"self":[{"href":"https:\/\/projetocineb.com.br\/index.php?rest_route=\/wp\/v2\/posts\/11547"}],"collection":[{"href":"https:\/\/projetocineb.com.br\/index.php?rest_route=\/wp\/v2\/posts"}],"about":[{"href":"https:\/\/projetocineb.com.br\/index.php?rest_route=\/wp\/v2\/types\/post"}],"author":[{"embeddable":true,"href":"https:\/\/projetocineb.com.br\/index.php?rest_route=\/wp\/v2\/users\/3"}],"replies":[{"embeddable":true,"href":"https:\/\/projetocineb.com.br\/index.php?rest_route=%2Fwp%2Fv2%2Fcomments&post=11547"}],"version-history":[{"count":0,"href":"https:\/\/projetocineb.com.br\/index.php?rest_route=\/wp\/v2\/posts\/11547\/revisions"}],"wp:featuredmedia":[{"embeddable":true,"href":"https:\/\/projetocineb.com.br\/index.php?rest_route=\/wp\/v2\/media\/11642"}],"wp:attachment":[{"href":"https:\/\/projetocineb.com.br\/index.php?rest_route=%2Fwp%2Fv2%2Fmedia&parent=11547"}],"wp:term":[{"taxonomy":"category","embeddable":true,"href":"https:\/\/projetocineb.com.br\/index.php?rest_route=%2Fwp%2Fv2%2Fcategories&post=11547"},{"taxonomy":"post_tag","embeddable":true,"href":"https:\/\/projetocineb.com.br\/index.php?rest_route=%2Fwp%2Fv2%2Ftags&post=11547"}],"curies":[{"name":"wp","href":"https:\/\/api.w.org\/{rel}","templated":true}]}}