{"id":11619,"date":"2019-08-13T12:07:31","date_gmt":"2019-08-13T15:07:31","guid":{"rendered":"http:\/\/projetocineb.com.br\/?p=11619"},"modified":"2019-08-13T12:07:31","modified_gmt":"2019-08-13T15:07:31","slug":"festival-de-curtas-em-heliopolis","status":"publish","type":"post","link":"https:\/\/projetocineb.com.br\/?p=11619","title":{"rendered":"CineB Solar mais uma vez em Heli\u00f3polis"},"content":{"rendered":"<p><em>Sess\u00e3o aconteceu na \u00faltima sexta-feira, 9\/8, na quadra da ONG Unas, na comunidade de Heli\u00f3polis, Zona Sul da capital, com a exibi\u00e7\u00e3o de seis curtas-metragens selecionado no Festival de Curtas de Florian\u00f3polis. Ao final, p\u00fablico escolheu o melhor curta.<\/em><\/p>\n<figure id=\"attachment_11621\" aria-describedby=\"caption-attachment-11621\" style=\"width: 831px\" class=\"wp-caption alignleft\"><a href=\"http:\/\/projetocineb.com.br\/wp-content\/uploads\/2019\/08\/DSC_0483.jpg\"><img fetchpriority=\"high\" decoding=\"async\" class=\"size-full wp-image-11621\" src=\"http:\/\/projetocineb.com.br\/wp-content\/uploads\/2019\/08\/DSC_0483.jpg\" alt=\"\" width=\"831\" height=\"552\" \/><\/a><figcaption id=\"caption-attachment-11621\" class=\"wp-caption-text\">Alunas de bal\u00e9 da Biblioteca Comunit\u00e1ria apresentaram coreografia antes da sess\u00e3o<\/figcaption><\/figure>\n<p>O bairro do Heli\u00f3polis, conhecido como a maior comunidade da cidade de S\u00e3o Paulo, com mais de 100 mil habitantes, recebeu, na \u00faltima sexta-feira, 9\/8\/2019, o CineB Solar para exibir curta-metragens selecionados na 18\u00aa Mostra de Cinema Infantil de Florian\u00f3polis. A sess\u00e3o aconteceu na quadra da Unas, a Uni\u00e3o de N\u00facleos e Associa\u00e7\u00f5es dos Moradores de Heli\u00f3polis.<\/p>\n<p>A entidade oferece uma s\u00e9rie de servi\u00e7os como Centros da Crian\u00e7a e Adolescentes (CCA) e Centros Educacionais Infantis (CEI) em parceria com a prefeitura de S\u00e3o Paulo e conta com uma Biblioteca Comunit\u00e1ria, que recebeu o projeto para exibir os curta-metragens Bicho do Mato (15&#8217;33&#8221;); Vivi Lobo e o quarto m\u00e1gico (13&#8217;00&#8221;); Mytikah &#8211; O livro dos Her\u00f3is (7&#8217;14&#8221;); Dela (8&#8217;15&#8221;) O v\u00e9u de Aman\u00ed (14&#8217;54&#8221;) ; Dono de Casa (8&#8217;00&#8221;). A exibi\u00e7\u00e3o aconteceu na quadra poliesportiva coberta da entidade. Saiba mais sobre os filmes aqui.<\/p>\n<figure id=\"attachment_11622\" aria-describedby=\"caption-attachment-11622\" style=\"width: 831px\" class=\"wp-caption alignleft\"><a href=\"http:\/\/projetocineb.com.br\/wp-content\/uploads\/2019\/08\/DSC_0519.jpg\"><img decoding=\"async\" class=\"size-full wp-image-11622\" src=\"http:\/\/projetocineb.com.br\/wp-content\/uploads\/2019\/08\/DSC_0519.jpg\" alt=\"\" width=\"831\" height=\"552\" \/><\/a><figcaption id=\"caption-attachment-11622\" class=\"wp-caption-text\">Maikon Azi, diretor do Sindicato, Cid\u00e1lio Santos, coordenador do projeto, e Angela Ferreira, da ONG, na abertura da sess\u00e3o<\/figcaption><\/figure>\n<p>Segundo Angela Ferreira, coordenadora de projeto social da Unas e gestora da Biblioteca Comunit\u00e1ria, a comunidade ficou muito feliz por receber pela primeira vez o CineB Solar. \u201cA gente trabalha a literatura atrav\u00e9s das artes e o cinema n\u00e3o \u00e9 diferente. Tem pessoas que nunca foram no cinema e n\u00f3s como propagadores da cultura temos que trazer o cinema para dentro do Heli\u00f3polis\u201d, destacou.<br \/>\nCrian\u00e7as que fazem aulas de bal\u00e9 na biblioteca com a professora Juliana de Souza Martins fizeram uma apresenta\u00e7\u00e3o antes do in\u00edcio da sess\u00e3o. \u201cApresentamos a coreografia das gatinhas, que faz parte do espet\u00e1culo baseado no livro \u2018As princesas\u2019\u201d, explicou Juliana.<\/p>\n<p>Para o diretor do Sindicato dos Banc\u00e1rios de S\u00e3o Paulo, Osasco e Regi\u00e3o e funcion\u00e1rio do Banco Ita\u00fa Maikon Azi, morador da regi\u00e3o, levar a \u201ccultura popular para os brasileiros e brasileiras \u00e9 a coisa mais linda que existe, porque a cultura educa para formar o cidad\u00e3o para enfrentar todos os ataques que estamos sofrendo no nosso pa\u00eds\u201d, avalia. Para ele, o trabalho do CineB Solar \u00e9 fazer com que as pessoas \u201cpensem e \u201ctenham ideologia para construir um pa\u00eds melhor\u201d, destaca.<\/p>\n<figure id=\"attachment_11623\" aria-describedby=\"caption-attachment-11623\" style=\"width: 831px\" class=\"wp-caption alignleft\"><a href=\"http:\/\/projetocineb.com.br\/wp-content\/uploads\/2019\/08\/DSC_0542.jpg\"><img decoding=\"async\" class=\"size-full wp-image-11623\" src=\"http:\/\/projetocineb.com.br\/wp-content\/uploads\/2019\/08\/DSC_0542.jpg\" alt=\"\" width=\"831\" height=\"552\" \/><\/a><figcaption id=\"caption-attachment-11623\" class=\"wp-caption-text\">Vota\u00e7\u00e3o do p\u00fablico para escolha do melhor curta-metragem<\/figcaption><\/figure>\n<p>O p\u00fablico, de mais de 150 pessoas que lotou a quadra do projeto, acompanhou todos os curtas e no final escolheu o melhor. O CineB Solar montou uma estrutura com cabine de vota\u00e7\u00e3o e urna. Em Heli\u00f3polis, o mais votado foi o curta \u201cBicho do Mato\u201d, com 32% dos votos, seguido por \u201cDela\u201d, com 22%, \u201cDono de Casa\u201d, com 16%, \u201cO V\u00e9u de Aman\u00ed\u201d com 14%, \u201cVivi Lobo e o quarto m\u00e1gico\u201d, com 10% e \u201cMytikah &#8211; O livro dos Her\u00f3is\u201d, com 6%.<\/p>\n<p>Para a aut\u00f4noma Analice de Siqueira Cruz, moradora de Heli\u00f3polis h\u00e1 24 anos, que estava acompanhando a filha, que faz bal\u00e9 na biblioteca, foi uma oportunidade \u00fanica para as \u201ccrian\u00e7as do bairro que nunca foram ao cinema, porque os pais n\u00e3o t\u00eam condi\u00e7\u00f5es de lev\u00e1-los. Quem tem 3, 4 filhos, como vai pagar para ir ao cinema?\u201d, compara.\u00a0J\u00e1 a auxiliar de produ\u00e7\u00e3o Bianca Bernardes Correa, foi \u00e0 sess\u00e3o porque adora cinema. \u201cFiquei sabendo pelo grupo de whatsapp e me programei para estar aqui hoje. Vim com meu filho Nicolas de 9 anos e eu adorei o \u2018V\u00e9u de Aman\u00ed\u2019\u201d, destaca. Para ela, os moradores de Heli\u00f3polis s\u00e3o carentes de cultura, de \u201cdivers\u00e3o sadia, por isso \u00e9 bacana essa iniciativa de voc\u00eas\u201d, finaliza.<\/p>\n<p>O CineB Solar agradece a Elani Tabosa, que indicou a ONG Unas para a realiza\u00e7\u00e3o da sess\u00e3o, a Vivian Dantas, Analu Camargo (professora de dan\u00e7a cigana no CEU Heli\u00f3polis) e todos os funcion\u00e1rios da Biblioteca Comunit\u00e1ria que colaboraram na organiza\u00e7\u00e3o do evento.<\/p>\n<figure id=\"attachment_11624\" aria-describedby=\"caption-attachment-11624\" style=\"width: 830px\" class=\"wp-caption alignleft\"><a href=\"http:\/\/projetocineb.com.br\/wp-content\/uploads\/2019\/08\/DSC_0561.jpg\"><img loading=\"lazy\" decoding=\"async\" class=\"size-full wp-image-11624\" src=\"http:\/\/projetocineb.com.br\/wp-content\/uploads\/2019\/08\/DSC_0561.jpg\" alt=\"\" width=\"830\" height=\"552\" \/><\/a><figcaption id=\"caption-attachment-11624\" class=\"wp-caption-text\">Funcion\u00e1rios da Biblioteca Comunit\u00e1ria,\u00a0 visitantes e o diretor do Sindicato (\u00e1 direita)<\/figcaption><\/figure>\n<p><strong>SOBRE O PROJETO<\/strong><br \/>\nO CineB\/CineB Solar \u00e9 um circuito itinerante de cinema realizado pelo Sindicato dos Banc\u00e1rios de S\u00e3o Paulo, Osasco e Regi\u00e3o e pela Brazucah Produ\u00e7\u00f5es. Desde 2007, j\u00e1 atingiu um p\u00fablico superior a 65 mil espectadores em mais de 520 sess\u00f5es gratuitas realizadas em comunidades e universidades de S\u00e3o Paulo. A iniciativa busca democratizar o acesso ao cinema nacional e divulgar os filmes produzidos no Brasil. J\u00e1 foram exibidos na tela do CineB mais de 126 longas-metragens e 74 curtas-metragens, al\u00e9m da realiza\u00e7\u00e3o de pr\u00e9-estreias exclusivas. Atualmente, o CineB Solar tem levado o cinema brasileiro \u00e0s comunidades utilizando um ve\u00edculo que capta energia solar para exibir os filmes em um tel\u00e3o. Al\u00e9m das exibi\u00e7\u00f5es comunit\u00e1rias, o projeto tamb\u00e9m realiza programa\u00e7\u00f5es em universidades parceiras.<\/p>\n\t\t\t\n\t\t\t<!-- Blueimp gallery -->\n\t\t\t<div id=\"blueimp-gallery\" class=\"blueimp-gallery blueimp-gallery-controls\">\n\t\t\t\t<div class=\"slides\"><\/div>\n\t\t\t\t<h3 class=\"title\"><\/h3>\n\t\t\t\t<a class=\"prev\">\u2039<\/a>\n\t\t\t\t<a class=\"next\">\u203a<\/a>\n\t\t\t\t<a class=\"close\">\u00d7<\/a>\n\t\t\t\t<a class=\"play-pause\"><\/a>\n\t\t\t\t<ol class=\"indicator\"><\/ol>\n\t\t\t\t<div class=\"modal fade\">\n\t\t\t\t\t<div class=\"modal-dialog\">\n\t\t\t\t\t\t<div class=\"modal-content\">\n\t\t\t\t\t\t\t<div class=\"modal-header\">\n\t\t\t\t\t\t\t\t<button type=\"button\" class=\"close\" aria-hidden=\"true\">&times;<\/button>\n\t\t\t\t\t\t\t\t<h4 class=\"modal-title\"><\/h4>\n\t\t\t\t\t\t\t<\/div>\n\t\t\t\t\t\t\t<div class=\"modal-body next\"><\/div>\n\t\t\t\t\t\t\t<div class=\"modal-footer\">\n\t\t\t\t\t\t\t\t<button type=\"button\" class=\"btn btn-default pull-left prev\">\n\t\t\t\t\t\t\t\t\t<i class=\"glyphicon glyphicon-chevron-left\"><\/i>\n\t\t\t\t\t\t\t\t\tPrevious\t\t\t\t\t\t\t\t<\/button>\n\t\t\t\t\t\t\t\t<button type=\"button\" class=\"btn btn-primary next\">\n\t\t\t\t\t\t\t\t\tNext\t\t\t\t\t\t\t\t\t<i class=\"glyphicon glyphicon-chevron-right\"><\/i>\n\t\t\t\t\t\t\t\t<\/button>\n\t\t\t\t\t\t\t<\/div>\n\t\t\t\t\t\t<\/div>\n\t\t\t\t\t<\/div>\n\t\t\t\t<\/div>\n\t\t\t<\/div>\n\t\t\t<script type=\"text\/javascript\">\n\t\t\tjQuery(function() {\n\t\t\t\t\/\/ Set blueimp gallery options\n\t\t\t\tjQuery.extend(blueimp.Gallery.prototype.options, {\n\t\t\t\t\tuseBootstrapModal: false,\n\t\t\t\t\thidePageScrollbars: false\n\t\t\t\t});\n\t\t\t});\n\t\t\t<\/script>\n\t\t\t\n","protected":false},"excerpt":{"rendered":"<p>Sess\u00e3o aconteceu na \u00faltima sexta-feira, 9\/8, na quadra da ONG Unas, na comunidade de Heli\u00f3polis, Zona Sul da capital, com[&#8230;]<\/p>\n","protected":false},"author":3,"featured_media":11626,"comment_status":"open","ping_status":"open","sticky":false,"template":"","format":"standard","meta":[],"categories":[2,6],"tags":[255,531,1133,1190],"_links":{"self":[{"href":"https:\/\/projetocineb.com.br\/index.php?rest_route=\/wp\/v2\/posts\/11619"}],"collection":[{"href":"https:\/\/projetocineb.com.br\/index.php?rest_route=\/wp\/v2\/posts"}],"about":[{"href":"https:\/\/projetocineb.com.br\/index.php?rest_route=\/wp\/v2\/types\/post"}],"author":[{"embeddable":true,"href":"https:\/\/projetocineb.com.br\/index.php?rest_route=\/wp\/v2\/users\/3"}],"replies":[{"embeddable":true,"href":"https:\/\/projetocineb.com.br\/index.php?rest_route=%2Fwp%2Fv2%2Fcomments&post=11619"}],"version-history":[{"count":0,"href":"https:\/\/projetocineb.com.br\/index.php?rest_route=\/wp\/v2\/posts\/11619\/revisions"}],"wp:featuredmedia":[{"embeddable":true,"href":"https:\/\/projetocineb.com.br\/index.php?rest_route=\/wp\/v2\/media\/11626"}],"wp:attachment":[{"href":"https:\/\/projetocineb.com.br\/index.php?rest_route=%2Fwp%2Fv2%2Fmedia&parent=11619"}],"wp:term":[{"taxonomy":"category","embeddable":true,"href":"https:\/\/projetocineb.com.br\/index.php?rest_route=%2Fwp%2Fv2%2Fcategories&post=11619"},{"taxonomy":"post_tag","embeddable":true,"href":"https:\/\/projetocineb.com.br\/index.php?rest_route=%2Fwp%2Fv2%2Ftags&post=11619"}],"curies":[{"name":"wp","href":"https:\/\/api.w.org\/{rel}","templated":true}]}}