{"id":11679,"date":"2019-08-27T11:48:47","date_gmt":"2019-08-27T14:48:47","guid":{"rendered":"http:\/\/projetocineb.com.br\/?p=11679"},"modified":"2019-08-27T11:48:47","modified_gmt":"2019-08-27T14:48:47","slug":"embu-das-arte-ve-que-horas-ela-volta","status":"publish","type":"post","link":"https:\/\/projetocineb.com.br\/?p=11679","title":{"rendered":"Embu das Artes v\u00ea \u201cQue Horas Ela Volta?\u201d"},"content":{"rendered":"<p><em>CineB Solar fez sess\u00e3o na \u00faltima sexta-feira, 23\/08, na Par\u00f3quia Nossa Senhora de F\u00e1tima, localizada em Embu das Artes. No bairro, onde foram gravadas cenas de \u201cQue Horas Ela Volta?\u201d de Anna Muylaert, mora a ex-bab\u00e1 que inspirou o filme.<\/em><\/p>\n<figure id=\"attachment_11690\" aria-describedby=\"caption-attachment-11690\" style=\"width: 501px\" class=\"wp-caption alignleft\"><a href=\"http:\/\/projetocineb.com.br\/wp-content\/uploads\/2019\/08\/Edna-e-Cidalio_JdNSFaatima_23AGO2019.jpeg\"><img fetchpriority=\"high\" decoding=\"async\" class=\" wp-image-11690\" src=\"http:\/\/projetocineb.com.br\/wp-content\/uploads\/2019\/08\/Edna-e-Cidalio_JdNSFaatima_23AGO2019.jpeg\" alt=\"\" width=\"501\" height=\"890\" \/><\/a><figcaption id=\"caption-attachment-11690\" class=\"wp-caption-text\"><em>Cid\u00e1lio, coordenador do CineB Solar, e Edna da Silva, que inspirou o filme de Ana Muylaert<\/em><\/figcaption><\/figure>\n<p>Edna da Silva foi uma crian\u00e7a que n\u00e3o conheceu sua m\u00e3e, Izenilda Maria de Jesus, por conta da viol\u00eancia dom\u00e9stica que a m\u00e3e sofria do pai, o que a levou a fugir de Vit\u00f3ria da Conquista (BA) quando Edna tinha um ano de idade. Por anos, o pai a impediu de ver e contatar a m\u00e3e. At\u00e9 os 17 anos, a refer\u00eancia materna de Edna eram as cartas que recebia, uma foto, que ficava na casa da av\u00f3, e a voz de uma mulher que morava em S\u00e3o Paulo e trabalhava como dom\u00e9stica.<\/p>\n<p>A vontade de Edna encontrar a m\u00e3e foi inspira\u00e7\u00e3o para a cineasta Anna Muylaert fazer o roteiro e o filme &#8220;Que Horas Ela Volta?&#8221; que, de alguma forma, retrata a hist\u00f3ria de Edna e de sua m\u00e3e. Edna trabalhou como bab\u00e1 dos filhos da cineasta por 11 anos e\u00a0 Anna dizia que um dia colocaria sua hist\u00f3ria na tela. \u201cUm dia ela me ligou e falou que estava fazendo um filme sobre mim e queria gravar na minha casa\u201d, explica Edna, que hoje \u00e9 enfermeira e mora no Jardim Nossa Senhora de F\u00e1tima, em Embu das Artes, regi\u00e3o metropolitana de S\u00e3o Paulo. \u201cAs grava\u00e7\u00f5es aconteceram num final de semana, em 2015. Mexeram em tudo l\u00e1 em casa, foi uma bagun\u00e7a e uma correria, mas ficou parecendo minha casa mesmo\u201d, contou para o p\u00fablico que esteve na Par\u00f3quia Nossa Senhora de F\u00e1tima, em Embu das Artes, na \u00faltima sexta-feira, 23 de agosto, para acompanhar a sess\u00e3o do CineB Solar.<\/p>\n<p>\u201cQue Horas Ela Volta?\u201d foi lan\u00e7ado em 2015, passou no CineB, e foi um dos maiores sucessos de cr\u00edtica e p\u00fablico do cinema brasileiro. Regina Cas\u00e9 faz o papel de Val, a empregada dom\u00e9stica que deixou a filha no interior de Pernambuco para passar 13 anos como bab\u00e1 do menino Fabinho, em S\u00e3o Paulo, e convive com a culpa de n\u00e3o ter criado sua filha J\u00e9ssica. Um dia recebe um telefonema da filha que quer apoio para vir a S\u00e3o Paulo prestar vestibular. Edna explica que &#8220;algumas coisas no filme coincidem com sua hist\u00f3ria, mas outras n\u00e3o, \u00e9 fic\u00e7\u00e3o mesmo&#8221;.<\/p>\n<p>Muitos moradores do Jardim Nossa Senhora de F\u00e1tima foram figurantes, como \u00e9 o caso da cabeleireira Let\u00edcia Ramos. \u201cFoi um convite da Edna\u201d, revela. Let\u00edcia foi uma das pessoas que sugeriram ao CineB Solar organizar uma sess\u00e3o do filme no bairro quando o CineB Solar esteve no Jardim Independ\u00eancia, em maio deste ano, para exibir o longa-metragem \u201cBenzinho\u201d. \u201c\u00c9 um prazer enorme estar aqui participando desta sess\u00e3o\u201d, elogia.<\/p>\n<figure id=\"attachment_11683\" aria-describedby=\"caption-attachment-11683\" style=\"width: 770px\" class=\"wp-caption aligncenter\"><a href=\"http:\/\/projetocineb.com.br\/wp-content\/uploads\/2019\/08\/DSC_0030.jpg\"><img decoding=\"async\" class=\" wp-image-11683\" src=\"http:\/\/projetocineb.com.br\/wp-content\/uploads\/2019\/08\/DSC_0030.jpg\" alt=\"\" width=\"770\" height=\"507\" \/><\/a><figcaption id=\"caption-attachment-11683\" class=\"wp-caption-text\"><em>Na abertura da sess\u00e3o, Edna ao centro, Cid\u00e1lio, Amauri, diretor do Sindicato (bon\u00e9 laranja), e comunidade<\/em><\/figcaption><\/figure>\n<p>Para Amauri Santos, diretor do Sindicato dos Banc\u00e1rios de S\u00e3o Paulo, Osasco e Regi\u00e3o e morador de Embu das Artes \u201c\u00e9 maravilhoso saber que o filme foi rodado aqui e tem uma pessoa que fez parte dessa hist\u00f3ria. Estou extremamente feliz. Quando ela [Edna] estava falando eu at\u00e9 me emocionei. As pessoas v\u00eam aqui, contam uma hist\u00f3ria e depois esquecem a comunidade. Dessa vez, foi ao contr\u00e1rio, contou-se uma hist\u00f3ria, e n\u00f3s voltamos para mostrar o filme. Parab\u00e9ns mais uma vez para o CineB Solar\u201d, destaca.<\/p>\n<p>Ap\u00f3s a exibi\u00e7\u00e3o do longa-metragem, o coordenador do CineB Solar, Cid\u00e1lio Vieira Santos fez um bate-papo com o p\u00fablico, e conversou com Edna da Silva, que estava emocionada por vivenciar um momento t\u00e3o especial na vida. Para a vereadora de Embu das Arte, Ros\u00e2ngela Santos (PT), \u201ca hist\u00f3ria de Edna, que \u00e9 a J\u00e9ssica no filme, \u00e9 muito linda, emocionante. A gente se coloca no lugar. Fiquei feliz de participar e poder assistir o filme todinho\u201d, comenta.<\/p>\n<figure id=\"attachment_11692\" aria-describedby=\"caption-attachment-11692\" style=\"width: 786px\" class=\"wp-caption alignleft\"><a href=\"http:\/\/projetocineb.com.br\/wp-content\/uploads\/2019\/08\/DSC_0049-1.jpg\"><img decoding=\"async\" class=\"size-full wp-image-11692\" src=\"http:\/\/projetocineb.com.br\/wp-content\/uploads\/2019\/08\/DSC_0049-1.jpg\" alt=\"\" width=\"786\" height=\"522\" \/><\/a><figcaption id=\"caption-attachment-11692\" class=\"wp-caption-text\"><em>P\u00fabico vibrou ao ver as cenas do filme gravadas na casa de Edna e no Jardim Nossa Senhora de F\u00e1tima, em Embu das Artes<\/em><\/figcaption><\/figure>\n<p>Edna lembrou que depois que viu a m\u00e3e pela primeira vez, aos 17 anos, recebeu uma festa para comemorar os 18 anos. Mas diferente do filme, a m\u00e3e j\u00e1 tinha outra fam\u00edlia, e tr\u00eas filhos. \u201cMorei com eles, mas fiquei muito confusa. Ent\u00e3o fui trabalhar, construir minha vida.\u201d Foi ser bab\u00e1 e nunca se casou. Depois tornou-se enfermeira. Hoje tem dois filhos, Lucas, que \u00e9 lutador de jui-jitsu e foi campe\u00e3o brasileiro em junho deste ano, e Nicolas, de 18 anos. A m\u00e3e mora em Tabo\u00e3o da Serra, cidade vizinha de Embu das Artes.<\/p>\n<p>Lucas da Silva Brito, de 20 anos, que permaneceu ao lado da m\u00e3e durante toda a sess\u00e3o, explica o quanto ela \u00e9 uma refer\u00eancia para a sua vida: \u201ctoda a crian\u00e7a nasce e sonha em ser um super-her\u00f3i. Eu sempre quis ser igual minha m\u00e3e, ela foi meu super-her\u00f3i. Ela\u00a0\u00e9 uma pessoa determinada, guerreira, que falava \u2018eu quero, consigo e vou conquistar\u201d. Eu cresci vendo ela fazer isso. Ent\u00e3o \u00e9 meu maior exemplo, minha motiva\u00e7\u00e3o, e \u00e9 uma alegria voc\u00ea ter a hist\u00f3ria da sua m\u00e3e rodando o Brasil e o mundo, e voc\u00ea poder falar com orgulho \u2018\u00e9 a hist\u00f3ria da minha m\u00e3e\u2019&#8221;, finaliza.<\/p>\n<p><strong>SOBRE O PROJETO<\/strong><br \/>\nO CineB\/CineB Solar \u00e9 um circuito itinerante de cinema realizado pelo Sindicato dos Banc\u00e1rios de S\u00e3o Paulo, Osasco e Regi\u00e3o e pela Brazucah Produ\u00e7\u00f5es. Desde 2007, j\u00e1 atingiu um p\u00fablico superior a 65 mil espectadores em mais de 520 sess\u00f5es gratuitas realizadas em comunidades e universidades de S\u00e3o Paulo. A iniciativa busca democratizar o acesso ao cinema nacional e divulgar os filmes produzidos no Brasil. J\u00e1 foram exibidos na tela do CineB mais de 126 longas-metragens e 74 curtas-metragens, al\u00e9m da realiza\u00e7\u00e3o de pr\u00e9-estreias exclusivas. Atualmente, o CineB Solar tem levado o cinema brasileiro \u00e0s comunidades utilizando um ve\u00edculo que capta energia solar para exibir os filmes em um tel\u00e3o. Al\u00e9m das exibi\u00e7\u00f5es comunit\u00e1rias, o projeto tamb\u00e9m realiza programa\u00e7\u00f5es em universidades parceiras.<\/p>\n<p>Texto: Carlos Rizzo. Fotos: F\u00e1bio Eufr\u00e1sio e Carlos Rizzo.<\/p>\n\t\t\t\n\t\t\t<!-- Blueimp gallery -->\n\t\t\t<div id=\"blueimp-gallery\" class=\"blueimp-gallery blueimp-gallery-controls\">\n\t\t\t\t<div class=\"slides\"><\/div>\n\t\t\t\t<h3 class=\"title\"><\/h3>\n\t\t\t\t<a class=\"prev\">\u2039<\/a>\n\t\t\t\t<a class=\"next\">\u203a<\/a>\n\t\t\t\t<a class=\"close\">\u00d7<\/a>\n\t\t\t\t<a class=\"play-pause\"><\/a>\n\t\t\t\t<ol class=\"indicator\"><\/ol>\n\t\t\t\t<div class=\"modal fade\">\n\t\t\t\t\t<div class=\"modal-dialog\">\n\t\t\t\t\t\t<div class=\"modal-content\">\n\t\t\t\t\t\t\t<div class=\"modal-header\">\n\t\t\t\t\t\t\t\t<button type=\"button\" class=\"close\" aria-hidden=\"true\">&times;<\/button>\n\t\t\t\t\t\t\t\t<h4 class=\"modal-title\"><\/h4>\n\t\t\t\t\t\t\t<\/div>\n\t\t\t\t\t\t\t<div class=\"modal-body next\"><\/div>\n\t\t\t\t\t\t\t<div class=\"modal-footer\">\n\t\t\t\t\t\t\t\t<button type=\"button\" class=\"btn btn-default pull-left prev\">\n\t\t\t\t\t\t\t\t\t<i class=\"glyphicon glyphicon-chevron-left\"><\/i>\n\t\t\t\t\t\t\t\t\tPrevious\t\t\t\t\t\t\t\t<\/button>\n\t\t\t\t\t\t\t\t<button type=\"button\" class=\"btn btn-primary next\">\n\t\t\t\t\t\t\t\t\tNext\t\t\t\t\t\t\t\t\t<i class=\"glyphicon glyphicon-chevron-right\"><\/i>\n\t\t\t\t\t\t\t\t<\/button>\n\t\t\t\t\t\t\t<\/div>\n\t\t\t\t\t\t<\/div>\n\t\t\t\t\t<\/div>\n\t\t\t\t<\/div>\n\t\t\t<\/div>\n\t\t\t<script type=\"text\/javascript\">\n\t\t\tjQuery(function() {\n\t\t\t\t\/\/ Set blueimp gallery options\n\t\t\t\tjQuery.extend(blueimp.Gallery.prototype.options, {\n\t\t\t\t\tuseBootstrapModal: false,\n\t\t\t\t\thidePageScrollbars: false\n\t\t\t\t});\n\t\t\t});\n\t\t\t<\/script>\n\t\t\t\n","protected":false},"excerpt":{"rendered":"<p>CineB Solar fez sess\u00e3o na \u00faltima sexta-feira, 23\/08, na Par\u00f3quia Nossa Senhora de F\u00e1tima, localizada em Embu das Artes. No[&#8230;]<\/p>\n","protected":false},"author":3,"featured_media":12024,"comment_status":"open","ping_status":"open","sticky":false,"template":"","format":"standard","meta":[],"categories":[2,6],"tags":[64,87,154,237,255,420,452,933,1018,1073,1133],"_links":{"self":[{"href":"https:\/\/projetocineb.com.br\/index.php?rest_route=\/wp\/v2\/posts\/11679"}],"collection":[{"href":"https:\/\/projetocineb.com.br\/index.php?rest_route=\/wp\/v2\/posts"}],"about":[{"href":"https:\/\/projetocineb.com.br\/index.php?rest_route=\/wp\/v2\/types\/post"}],"author":[{"embeddable":true,"href":"https:\/\/projetocineb.com.br\/index.php?rest_route=\/wp\/v2\/users\/3"}],"replies":[{"embeddable":true,"href":"https:\/\/projetocineb.com.br\/index.php?rest_route=%2Fwp%2Fv2%2Fcomments&post=11679"}],"version-history":[{"count":0,"href":"https:\/\/projetocineb.com.br\/index.php?rest_route=\/wp\/v2\/posts\/11679\/revisions"}],"wp:featuredmedia":[{"embeddable":true,"href":"https:\/\/projetocineb.com.br\/index.php?rest_route=\/wp\/v2\/media\/12024"}],"wp:attachment":[{"href":"https:\/\/projetocineb.com.br\/index.php?rest_route=%2Fwp%2Fv2%2Fmedia&parent=11679"}],"wp:term":[{"taxonomy":"category","embeddable":true,"href":"https:\/\/projetocineb.com.br\/index.php?rest_route=%2Fwp%2Fv2%2Fcategories&post=11679"},{"taxonomy":"post_tag","embeddable":true,"href":"https:\/\/projetocineb.com.br\/index.php?rest_route=%2Fwp%2Fv2%2Ftags&post=11679"}],"curies":[{"name":"wp","href":"https:\/\/api.w.org\/{rel}","templated":true}]}}