{"id":11721,"date":"2019-09-02T10:08:44","date_gmt":"2019-09-02T13:08:44","guid":{"rendered":"http:\/\/projetocineb.com.br\/?p=11721"},"modified":"2019-09-02T10:08:44","modified_gmt":"2019-09-02T13:08:44","slug":"dia-do-bancario-teve-pre-estreia","status":"publish","type":"post","link":"https:\/\/projetocineb.com.br\/?p=11721","title":{"rendered":"Dia do banc\u00e1rio teve pr\u00e9-estreia"},"content":{"rendered":"<p><em>O CineB, projeto de democratiza\u00e7\u00e3o do cinema brasileiro, parceria entre o Sindicato dos Banc\u00e1rios de S\u00e3o Paulo e a Brazucah Produ\u00e7\u00f5es, exibiu, dia 28\/8, no Audit\u00f3rio Amarelo, o document\u00e1rio \u201cFios de Alta Tens\u00e3o\u201d, de S\u00e9rgio GAG, em comemora\u00e7\u00e3o ao Dia do Banc\u00e1rio.<\/em><\/p>\n<figure id=\"attachment_11724\" aria-describedby=\"caption-attachment-11724\" style=\"width: 831px\" class=\"wp-caption alignleft\"><a href=\"http:\/\/projetocineb.com.br\/wp-content\/uploads\/2019\/09\/DSC_0033.jpg\"><img fetchpriority=\"high\" decoding=\"async\" class=\"size-full wp-image-11724\" src=\"http:\/\/projetocineb.com.br\/wp-content\/uploads\/2019\/09\/DSC_0033.jpg\" alt=\"\" width=\"831\" height=\"552\" \/><\/a><figcaption id=\"caption-attachment-11724\" class=\"wp-caption-text\">Abertura da sess\u00e3o com os diretores do Sindicato Marcelo Gon\u00e7alves e Ana Marta, o coordenador do CineB, Cid\u00e1lio Santos e o diretor e o produtor do filme, S\u00e9rgio GAG e Will Darwin<\/figcaption><\/figure>\n<p>O cabelo \u00e9 uma importante forma de express\u00e3o e de identidade. E foi assim, ao retratar como o cabelo, penteados e adere\u00e7os s\u00e3o usados para forjar identidade de grupos sociais, que o CineB comemorou o Dia do Banc\u00e1rio, na \u00faltima quarta-feira, 28\/8. Foi a pr\u00e9-estreia do document\u00e1rio \u201cFios de Alta Tens\u00e3o\u201d, de S\u00e9rgio GAG, no Audit\u00f3rio Amarelo, localizado na sede do Sindicato dos Banc\u00e1rios de S\u00e3o Paulo, Osasco e Regi\u00e3o, regi\u00e3o central de S\u00e3o Paulo.<\/p>\n<p>\u201cFios de Alta Tens\u00e3o\u201d fala de sociedade e cultura, de comportamento e identidade no Brasil. Fala tamb\u00e9m sobre contradi\u00e7\u00f5es hist\u00f3ricas e contempor\u00e2neas. \u201cO cabelo fala muito a respeito de cada um de n\u00f3s. Com essa convic\u00e7\u00e3o fomos a Bel\u00e9m do Par\u00e1, Salvador, Rio de Janeiro e S\u00e3o Paulo conversar com pessoas que representam a heterog\u00eanea popula\u00e7\u00e3o brasileira. Uma amostra que valoriza a diversidade de g\u00eanero, \u00e9tnica, et\u00e1ria, geogr\u00e1fica e socioecon\u00f4mica, encontrando afinidades onde n\u00e3o se espera e trabalhando em paralelo as afirma\u00e7\u00f5es das identidades de grupo e individuais\u201d, destaca GAG, no material de divulga\u00e7\u00e3o.<\/p>\n<figure id=\"attachment_11723\" aria-describedby=\"caption-attachment-11723\" style=\"width: 886px\" class=\"wp-caption alignleft\"><a href=\"http:\/\/projetocineb.com.br\/wp-content\/uploads\/2019\/09\/Cabelos.jpg\"><img decoding=\"async\" class=\"size-full wp-image-11723\" src=\"http:\/\/projetocineb.com.br\/wp-content\/uploads\/2019\/09\/Cabelos.jpg\" alt=\"\" width=\"886\" height=\"591\" \/><\/a><figcaption id=\"caption-attachment-11723\" class=\"wp-caption-text\">O p\u00fablico presente e seus cabelos<\/figcaption><\/figure>\n<p>Em muitos casos o cabelo \u00e9 tamb\u00e9m contesta\u00e7\u00e3o e confronto, seja para negras e negros afirmando sua origem e sua luta contra o preconceito, seja para adolescentes que se valem dele para assumir um posicionamento aut\u00f4nomo no mundo, ou ainda para quem assume os cabelos brancos, para quem assume a calv\u00edcie e tantas outras afirma\u00e7\u00f5es frente \u00e0s doutrinas est\u00e9ticas difundidas pelos meios de comunica\u00e7\u00e3o de massa.<\/p>\n<p>GAG conta que o filme est\u00e1 circulando em festivais. J\u00e1 foi selecionado na Alemanha, Bel\u00e9m do Par\u00e1, no Maranh\u00e3o, Bras\u00edlia e Belo Horizonte entre outros. Na sequ\u00eancia, vai tentar as salas de cinema. Para o cineasta, que integra a DGT Filmes, produtora que est\u00e1 comemorando 20 anos, o maior gargalo do audiovisual atualmente \u00e9 a distribui\u00e7\u00e3o. \u201cNo ano passado foram 180 filmes brasileiros lan\u00e7ados e muitos foram feitos e n\u00e3o lan\u00e7ados. A maior dificuldade n\u00e3o \u00e9 produzir um filme, mas faz\u00ea-lo circular. Ent\u00e3o, um projeto como o CineB cumpre um papel social importante para quem assiste, que tem acesso a uma produ\u00e7\u00e3o diferenciada, e para quem faz, para poder levar seu trabalho para as pessoas. Porque o filme acontece na hora que ele \u00e9 assistido\u201d, revela GAG.<\/p>\n<figure id=\"attachment_11725\" aria-describedby=\"caption-attachment-11725\" style=\"width: 831px\" class=\"wp-caption alignleft\"><a href=\"http:\/\/projetocineb.com.br\/wp-content\/uploads\/2019\/09\/DSC_0044.jpg\"><img decoding=\"async\" class=\"size-full wp-image-11725\" src=\"http:\/\/projetocineb.com.br\/wp-content\/uploads\/2019\/09\/DSC_0044.jpg\" alt=\"\" width=\"831\" height=\"552\" \/><\/a><figcaption id=\"caption-attachment-11725\" class=\"wp-caption-text\">O filme &#8220;Fios de Alta Tens\u00e3o&#8221; na tela do Audit\u00f3rio Amarelo<\/figcaption><\/figure>\n<p>A sess\u00e3o contou com a presen\u00e7a de diretores do Sindicato dos Banc\u00e1rios de S\u00e3o Paulo, Osasco e Regi\u00e3o como Marcelo Gon\u00e7alves, diretor Cultural, que fez a abertura da atividade relembrando o importante papel que a cultura tem na resist\u00eancia e na luta em defesa dos direitos, Ernesto Izumi, diretor de Organiza\u00e7\u00e3o e Suporte Administrativo e Ana Marta Lima que integra o Coletivo de Combate ao Racismo do Sindicato, e participou da mesa de debate, ao lado do coordenador do CineB, Cid\u00e1lio Vieira Santos, da diretora da Brazucah Produ\u00e7\u00f5es, Cynthia Alario, do diretor do document\u00e1rio S\u00e9rgio GAG e do produtor do filme, Well Darwin.<\/p>\n<p>Para Ana Marta, a sess\u00e3o foi um presente no Dia dos Banc\u00e1rios. Ela contou que para atender as exig\u00eancias do banco em que trabalha, ficou anos alisando seu cabelo. At\u00e9 que um dia decidiu nunca mais alisar, o que foi um susto para quem trabalhava com ela. \u201cO filme \u00e9 representativo, de resist\u00eancia, de afirma\u00e7\u00e3o, lembrei da minha inf\u00e2ncia e adolesc\u00eancia. Acho que todos t\u00eam que ter a oportunidade de assistir um filme desse, porque acho que vai se enxergar e vai come\u00e7ar a respeitar a posi\u00e7\u00e3o a afirma\u00e7\u00e3o do outro\u201d, destaca.<\/p>\n<figure id=\"attachment_11726\" aria-describedby=\"caption-attachment-11726\" style=\"width: 831px\" class=\"wp-caption alignleft\"><a href=\"http:\/\/projetocineb.com.br\/wp-content\/uploads\/2019\/09\/DSC_0057.jpg\"><img loading=\"lazy\" decoding=\"async\" class=\"size-full wp-image-11726\" src=\"http:\/\/projetocineb.com.br\/wp-content\/uploads\/2019\/09\/DSC_0057.jpg\" alt=\"\" width=\"831\" height=\"552\" \/><\/a><figcaption id=\"caption-attachment-11726\" class=\"wp-caption-text\">O debate com o p\u00fablico presente ao final da exibi\u00e7\u00e3o<\/figcaption><\/figure>\n<p>O p\u00fablico que foi ao Audit\u00f3rio Amarelo estava formado por banc\u00e1rios, lideran\u00e7as comunit\u00e1rias e de movimentos sociais e estudantes, como \u00e9 o caso de Tiago Mendes de Almeida, aluno de R\u00e1dio e TV da Fiam-Faam que se aprovou a tem\u00e1tica abordada pelo document\u00e1rio: \u201cFoi muito mais do que esperava, e a minha identifica\u00e7\u00e3o foi por conta do meu cabelo, black. Gostei muito do filme e tive a curiosidade de fazer uma pergunta na hora do debate sobre esse conceito do audiovisual\u201d, comentou ao final da sess\u00e3o.<\/p>\n<p>Ediane Maria do Nascimento que atua na organiza\u00e7\u00e3o, comunica\u00e7\u00e3o e cultura do Movimento dos Trabalhadores Sem Teto (MTST) lembrou das sess\u00f5es que o CineB Solar realizou nas ocupa\u00e7\u00f5es Povo Sem Medo, em S\u00e3o Bernardo do Campo, e Marielle Franco, no Graja\u00fa. \u201cVim prestigiar porque para mim abre um leque, voc\u00ea come\u00e7a a observar o filme e come\u00e7a a se imaginar dentro dele, porque s\u00e3o hist\u00f3rias reais. N\u00e3o \u00e9 uma fic\u00e7\u00e3o, \u00e9 uma hist\u00f3ria que eu posso compartilhar na minha comunidade, nas ocupa\u00e7\u00f5es. N\u00e3o precisa ser um ator famoso, \u00e9 povo do povo. Isso para mim \u00e9 o que enriquece, que me faz vir ao CineB\u201d, comenta.<\/p>\n<p>A sess\u00e3o contou at\u00e9 com um p\u00fablico que foi ao CineB pela primeira vez, como foi o caso do jornalista Samuel Antenor. Morador e ativista cultural da Penha, quer organizar sess\u00f5es de cinema no Largo do Ros\u00e1rio, \u201cque lembra uma pra\u00e7a do interior e \u00e9 onde as pessoas se re\u00fanem para os eventos culturais. Eu vim conhecer o projeto, gostei muito da ideia, adorei o filme, e a discuss\u00e3o que veio em seguida foi muito rica. Estou bem contente de ter vindo aqui hoje\u201d, finaliza.<\/p>\n<p><strong>SOBRE O CINEB<\/strong><br \/>\nO CineB \u00e9 um circuito itinerante de cinema realizado pelo Sindicato dos Banc\u00e1rios de S\u00e3o Paulo, Osasco e Regi\u00e3o e pela Brazucah Produ\u00e7\u00f5es. Desde 2007, o j\u00e1 atingiu um p\u00fablico superior a 66 mil espectadores em mais de 550 sess\u00f5es gratuitas realizadas em comunidades e universidades de S\u00e3o Paulo. A iniciativa busca democratizar o acesso ao cinema nacional e divulgar os filmes produzidos no Brasil. J\u00e1 foram exibidos na tela do CineB mais de 130 longas-metragens e 80 curtas-metragens, al\u00e9m da realiza\u00e7\u00e3o de pr\u00e9-estreias exclusivas.<\/p>\n<p>Texto e fotos: Carlos Rizzo<\/p>\n\t\t\t\n\t\t\t<!-- Blueimp gallery -->\n\t\t\t<div id=\"blueimp-gallery\" class=\"blueimp-gallery blueimp-gallery-controls\">\n\t\t\t\t<div class=\"slides\"><\/div>\n\t\t\t\t<h3 class=\"title\"><\/h3>\n\t\t\t\t<a class=\"prev\">\u2039<\/a>\n\t\t\t\t<a class=\"next\">\u203a<\/a>\n\t\t\t\t<a class=\"close\">\u00d7<\/a>\n\t\t\t\t<a class=\"play-pause\"><\/a>\n\t\t\t\t<ol class=\"indicator\"><\/ol>\n\t\t\t\t<div class=\"modal fade\">\n\t\t\t\t\t<div class=\"modal-dialog\">\n\t\t\t\t\t\t<div class=\"modal-content\">\n\t\t\t\t\t\t\t<div class=\"modal-header\">\n\t\t\t\t\t\t\t\t<button type=\"button\" class=\"close\" aria-hidden=\"true\">&times;<\/button>\n\t\t\t\t\t\t\t\t<h4 class=\"modal-title\"><\/h4>\n\t\t\t\t\t\t\t<\/div>\n\t\t\t\t\t\t\t<div class=\"modal-body next\"><\/div>\n\t\t\t\t\t\t\t<div class=\"modal-footer\">\n\t\t\t\t\t\t\t\t<button type=\"button\" class=\"btn btn-default pull-left prev\">\n\t\t\t\t\t\t\t\t\t<i class=\"glyphicon glyphicon-chevron-left\"><\/i>\n\t\t\t\t\t\t\t\t\tPrevious\t\t\t\t\t\t\t\t<\/button>\n\t\t\t\t\t\t\t\t<button type=\"button\" class=\"btn btn-primary next\">\n\t\t\t\t\t\t\t\t\tNext\t\t\t\t\t\t\t\t\t<i class=\"glyphicon glyphicon-chevron-right\"><\/i>\n\t\t\t\t\t\t\t\t<\/button>\n\t\t\t\t\t\t\t<\/div>\n\t\t\t\t\t\t<\/div>\n\t\t\t\t\t<\/div>\n\t\t\t\t<\/div>\n\t\t\t<\/div>\n\t\t\t<script type=\"text\/javascript\">\n\t\t\tjQuery(function() {\n\t\t\t\t\/\/ Set blueimp gallery options\n\t\t\t\tjQuery.extend(blueimp.Gallery.prototype.options, {\n\t\t\t\t\tuseBootstrapModal: false,\n\t\t\t\t\thidePageScrollbars: false\n\t\t\t\t});\n\t\t\t});\n\t\t\t<\/script>\n\t\t\t\n","protected":false},"excerpt":{"rendered":"<p>O CineB, projeto de democratiza\u00e7\u00e3o do cinema brasileiro, parceria entre o Sindicato dos Banc\u00e1rios de S\u00e3o Paulo e a Brazucah[&#8230;]<\/p>\n","protected":false},"author":3,"featured_media":12023,"comment_status":"open","ping_status":"open","sticky":false,"template":"","format":"standard","meta":[],"categories":[2,6],"tags":[71,237,252,362,389,552,781,897,1111,1132,1241],"_links":{"self":[{"href":"https:\/\/projetocineb.com.br\/index.php?rest_route=\/wp\/v2\/posts\/11721"}],"collection":[{"href":"https:\/\/projetocineb.com.br\/index.php?rest_route=\/wp\/v2\/posts"}],"about":[{"href":"https:\/\/projetocineb.com.br\/index.php?rest_route=\/wp\/v2\/types\/post"}],"author":[{"embeddable":true,"href":"https:\/\/projetocineb.com.br\/index.php?rest_route=\/wp\/v2\/users\/3"}],"replies":[{"embeddable":true,"href":"https:\/\/projetocineb.com.br\/index.php?rest_route=%2Fwp%2Fv2%2Fcomments&post=11721"}],"version-history":[{"count":0,"href":"https:\/\/projetocineb.com.br\/index.php?rest_route=\/wp\/v2\/posts\/11721\/revisions"}],"wp:featuredmedia":[{"embeddable":true,"href":"https:\/\/projetocineb.com.br\/index.php?rest_route=\/wp\/v2\/media\/12023"}],"wp:attachment":[{"href":"https:\/\/projetocineb.com.br\/index.php?rest_route=%2Fwp%2Fv2%2Fmedia&parent=11721"}],"wp:term":[{"taxonomy":"category","embeddable":true,"href":"https:\/\/projetocineb.com.br\/index.php?rest_route=%2Fwp%2Fv2%2Fcategories&post=11721"},{"taxonomy":"post_tag","embeddable":true,"href":"https:\/\/projetocineb.com.br\/index.php?rest_route=%2Fwp%2Fv2%2Ftags&post=11721"}],"curies":[{"name":"wp","href":"https:\/\/api.w.org\/{rel}","templated":true}]}}