{"id":11747,"date":"2019-09-02T19:00:30","date_gmt":"2019-09-02T22:00:30","guid":{"rendered":"http:\/\/projetocineb.com.br\/?p=11747"},"modified":"2019-09-02T19:00:30","modified_gmt":"2019-09-02T22:00:30","slug":"vila-rica-recebe-mais-uma-sessao-do-cineb-solar","status":"publish","type":"post","link":"https:\/\/projetocineb.com.br\/?p=11747","title":{"rendered":"Vila Rica recebe mais uma sess\u00e3o do CineB Solar"},"content":{"rendered":"<p><em>P\u00fablico escolheu o melhor curta-metragem selecionado pela Mostra de Cinema Infantil de Florian\u00f3polis. Sess\u00e3o aconteceu na \u00faltima sexta-feira, 30\/08, na Zona Leste de S\u00e3o Paulo.<\/em><\/p>\n<figure id=\"attachment_11749\" aria-describedby=\"caption-attachment-11749\" style=\"width: 800px\" class=\"wp-caption alignnone\"><a href=\"http:\/\/projetocineb.com.br\/wp-content\/uploads\/2019\/09\/DSC_0247.jpg\"><img fetchpriority=\"high\" decoding=\"async\" class=\" wp-image-11749\" src=\"http:\/\/projetocineb.com.br\/wp-content\/uploads\/2019\/09\/DSC_0247.jpg\" alt=\"\" width=\"800\" height=\"531\" \/><\/a><figcaption id=\"caption-attachment-11749\" class=\"wp-caption-text\">Sess\u00e3o contou com um grande p\u00fablico infantil<\/figcaption><\/figure>\n<p>Foi a 15\u00aa vez que a Associa\u00e7\u00e3o dos Moradores da Vila Rica, localizada na Zona Leste de S\u00e3o Paulo, recebeu uma sess\u00e3o do CineB, agora CineB Solar. A sess\u00e3o aconteceu na \u00faltima sexta-feira, 30\/08. A entidade, \u00e9 uma das primeiras parceiras do projeto, e seu sal\u00e3o se tornou, mais uma vez, uma sala de cinema para exibir seis curtas-metragens selecionados na 18\u00aa Mostra de Cinema Infantil de Florian\u00f3polis: os premiados curtas Bicho do Mato (15\u201933\u201d); Vivi Lobo e o Quarto M\u00e1gico\u201d (13\u201900\u201d); Mytikah \u2013 O Livro dos Her\u00f3is (7\u201914\u201d); Dela (8\u201915\u201d) O V\u00e9u de Aman\u00ed (14\u201954\u201d) ; Dono de Casa (8\u201900\u201d). Saiba mais sobre os filmes<a href=\"http:\/\/projetocineb.com.br\/?p=11609\"> aqui<\/a>.<\/p>\n<p>A Associa\u00e7\u00e3o dos Moradores, comandada Bia Moreno, sempre recebe muito bem o projeto e os moradores que v\u00e3o \u00e0 sess\u00e3o. A produ\u00e7\u00e3o do projeto conta at\u00e9 com uma \u201crefei\u00e7\u00e3o\u201d especial, preparada a cada sess\u00e3o, com tortas e lanche de \u201ccarne louca\u201d e as crian\u00e7as e adultos t\u00eam refrigerante para acompanhar a pipoca de \u201cSeu Antonio\u201d, que \u00e9 distribu\u00edda gratuitamente pelo CineB Solar.<\/p>\n<figure id=\"attachment_11750\" aria-describedby=\"caption-attachment-11750\" style=\"width: 797px\" class=\"wp-caption alignnone\"><a href=\"http:\/\/projetocineb.com.br\/wp-content\/uploads\/2019\/09\/DSC_0242.jpg\"><img decoding=\"async\" class=\" wp-image-11750\" src=\"http:\/\/projetocineb.com.br\/wp-content\/uploads\/2019\/09\/DSC_0242.jpg\" alt=\"\" width=\"797\" height=\"529\" \/><\/a><figcaption id=\"caption-attachment-11750\" class=\"wp-caption-text\">Professores do EJA da EMEF Roquette Pinto<\/figcaption><\/figure>\n<p>Al\u00e9m dos moradores da regi\u00e3o, tamb\u00e9m participaram da sess\u00e3o os alunos da Escola de Jovens e Adultos (EJA) da Escola Municipal de Ensino Fundamental (EMEF) Roquette Pinto, que fica pr\u00f3ximo \u00e0 entidade. Para o professor de Ci\u00eancias, Jos\u00e9 Jailton Ferreira, que trabalha na escola h\u00e1 14 anos, a parceria entre a escola, a entidade e o CineB Solar t\u00eam rendido bons frutos: \u201c\u00e9 enriquecedor, conhecer o cinema brasileiro. Dessa vez foram os curtas, ent\u00e3o eles (os alunos) entenderem esse conceito de curta, e ter a vota\u00e7\u00e3o, acho que \u00e9 um aprendizado fundamental na vida deles\u201d, destaca.<\/p>\n<p>Para Walcir Previtare, banc\u00e1rio e Secret\u00e1rio Nacional de Forma\u00e7\u00e3o da Confedera\u00e7\u00e3o Nacional dos Trabalhadores do Ramo Financiero (Contraf) o CineB \u00e9 uma a\u00e7\u00e3o que vai para al\u00e9m da categoria. \u201cA gente precisa olhar para a sociedade, ent\u00e3o \u00e9 importante o CineB Solar que consegue reunir a comunidade para trazer bons filmes brasileiros, muitas vezes com debate. \u00c9 um olhar diferenciado para a cidade, para as pessoas\u201d, avalia.<\/p>\n<figure id=\"attachment_11751\" aria-describedby=\"caption-attachment-11751\" style=\"width: 786px\" class=\"wp-caption alignnone\"><a href=\"http:\/\/projetocineb.com.br\/wp-content\/uploads\/2019\/09\/DSC_0255.jpg\"><img decoding=\"async\" class=\"size-full wp-image-11751\" src=\"http:\/\/projetocineb.com.br\/wp-content\/uploads\/2019\/09\/DSC_0255.jpg\" alt=\"\" width=\"786\" height=\"522\" \/><\/a><figcaption id=\"caption-attachment-11751\" class=\"wp-caption-text\">Cid\u00e1lio, coordenador do CineB Solar, Bia presidente da Associa\u00e7\u00e3o dos Moradores e Walcir, da Contraf-CUT<\/figcaption><\/figure>\n<p><strong>VOTA\u00c7\u00c3O<\/strong><br \/>\nAo final da sess\u00e3o, as pessoas escolheram o melhor curta em uma vota\u00e7\u00e3o que elegeu o \u201cBicho do Mato\u201d, com 38%dos votos, bem a frente de \u201cDela\u201d e \u201cO V\u00e9u de Aman\u00ed\u201d que receberam cada um 18% dos votos, seguido de \u201cDono de Casa\u201d com 15%, depois Vivi Lobo e o Quarto M\u00e1gico\u201d com 6% e \u201cMytikah \u2013 O Livro dos Her\u00f3is\u201d com 5%.<\/p>\n<p>Giovana Barbosa Ferreira, 12 anos, aluna do 6\u00ba ano, adorou os curtas, \u201cporque cada um tinha um objetivo. Um era para a menina se dar bem, tinha um que era para ajudar o outro. Eu amei todos, mas eu votei no \u2018Bicho do Mato\u2019\u201d, destaca. Ana Beatriz Donato da Silva, 13 anos, aluna do 7\u00ba anos, tamb\u00e9m escolheu Bicho do Mato, porque o filme mostra que as pessoas ficaram zuando [a personagem principal] e n\u00e3o \u00e9 legal. E no fim, aquelas pessoas que estavam falando mal perceberam que a menina que fez uma reda\u00e7\u00e3o bem legal\u201d,conclui.<\/p>\n<figure id=\"attachment_11752\" aria-describedby=\"caption-attachment-11752\" style=\"width: 786px\" class=\"wp-caption alignnone\"><a href=\"http:\/\/projetocineb.com.br\/wp-content\/uploads\/2019\/09\/DSC_0272.jpg\"><img loading=\"lazy\" decoding=\"async\" class=\"size-full wp-image-11752\" src=\"http:\/\/projetocineb.com.br\/wp-content\/uploads\/2019\/09\/DSC_0272.jpg\" alt=\"\" width=\"786\" height=\"522\" \/><\/a><figcaption id=\"caption-attachment-11752\" class=\"wp-caption-text\">&#8220;Bicho do Mato&#8221; foi o curta predileto do p\u00fablico com 38% dos votos<\/figcaption><\/figure>\n<p><strong>SOBRE O CINEB SOLAR<\/strong><br \/>\nO CineB Solar \u00e9 um circuito itinerante de cinema realizado pelo Sindicato dos Banc\u00e1rios de S\u00e3o Paulo, Osasco e Regi\u00e3o e pela Brazucah Produ\u00e7\u00f5es. Desde 2007, o j\u00e1 atingiu um p\u00fablico superior a 66 mil espectadores em mais de 550 sess\u00f5es gratuitas realizadas em comunidades e universidades de S\u00e3o Paulo. A iniciativa busca democratizar o acesso ao cinema nacional e divulgar os filmes produzidos no Brasil. J\u00e1 foram exibidos na tela do CINEB mais de 130 longas-metragens e 80 curtas-metragens, al\u00e9m da realiza\u00e7\u00e3o de pr\u00e9-estreias exclusivas.<\/p>\n<p><em>Texto: Carlos Rizzo. Fotos: F\u00e1bio Eufr\u00e1sio e Carlos Rizzo<\/em><\/p>\n\t\t\t\n\t\t\t<!-- Blueimp gallery -->\n\t\t\t<div id=\"blueimp-gallery\" class=\"blueimp-gallery blueimp-gallery-controls\">\n\t\t\t\t<div class=\"slides\"><\/div>\n\t\t\t\t<h3 class=\"title\"><\/h3>\n\t\t\t\t<a class=\"prev\">\u2039<\/a>\n\t\t\t\t<a class=\"next\">\u203a<\/a>\n\t\t\t\t<a class=\"close\">\u00d7<\/a>\n\t\t\t\t<a class=\"play-pause\"><\/a>\n\t\t\t\t<ol class=\"indicator\"><\/ol>\n\t\t\t\t<div class=\"modal fade\">\n\t\t\t\t\t<div class=\"modal-dialog\">\n\t\t\t\t\t\t<div class=\"modal-content\">\n\t\t\t\t\t\t\t<div class=\"modal-header\">\n\t\t\t\t\t\t\t\t<button type=\"button\" class=\"close\" aria-hidden=\"true\">&times;<\/button>\n\t\t\t\t\t\t\t\t<h4 class=\"modal-title\"><\/h4>\n\t\t\t\t\t\t\t<\/div>\n\t\t\t\t\t\t\t<div class=\"modal-body next\"><\/div>\n\t\t\t\t\t\t\t<div class=\"modal-footer\">\n\t\t\t\t\t\t\t\t<button type=\"button\" class=\"btn btn-default pull-left prev\">\n\t\t\t\t\t\t\t\t\t<i class=\"glyphicon glyphicon-chevron-left\"><\/i>\n\t\t\t\t\t\t\t\t\tPrevious\t\t\t\t\t\t\t\t<\/button>\n\t\t\t\t\t\t\t\t<button type=\"button\" class=\"btn btn-primary next\">\n\t\t\t\t\t\t\t\t\tNext\t\t\t\t\t\t\t\t\t<i class=\"glyphicon glyphicon-chevron-right\"><\/i>\n\t\t\t\t\t\t\t\t<\/button>\n\t\t\t\t\t\t\t<\/div>\n\t\t\t\t\t\t<\/div>\n\t\t\t\t\t<\/div>\n\t\t\t\t<\/div>\n\t\t\t<\/div>\n\t\t\t<script type=\"text\/javascript\">\n\t\t\tjQuery(function() {\n\t\t\t\t\/\/ Set blueimp gallery options\n\t\t\t\tjQuery.extend(blueimp.Gallery.prototype.options, {\n\t\t\t\t\tuseBootstrapModal: false,\n\t\t\t\t\thidePageScrollbars: false\n\t\t\t\t});\n\t\t\t});\n\t\t\t<\/script>\n\t\t\t\n","protected":false},"excerpt":{"rendered":"<p>P\u00fablico escolheu o melhor curta-metragem selecionado pela Mostra de Cinema Infantil de Florian\u00f3polis. Sess\u00e3o aconteceu na \u00faltima sexta-feira, 30\/08, na[&#8230;]<\/p>\n","protected":false},"author":3,"featured_media":12021,"comment_status":"open","ping_status":"open","sticky":false,"template":"","format":"standard","meta":[],"categories":[2,6],"tags":[114,154,237,255,461,1133],"_links":{"self":[{"href":"https:\/\/projetocineb.com.br\/index.php?rest_route=\/wp\/v2\/posts\/11747"}],"collection":[{"href":"https:\/\/projetocineb.com.br\/index.php?rest_route=\/wp\/v2\/posts"}],"about":[{"href":"https:\/\/projetocineb.com.br\/index.php?rest_route=\/wp\/v2\/types\/post"}],"author":[{"embeddable":true,"href":"https:\/\/projetocineb.com.br\/index.php?rest_route=\/wp\/v2\/users\/3"}],"replies":[{"embeddable":true,"href":"https:\/\/projetocineb.com.br\/index.php?rest_route=%2Fwp%2Fv2%2Fcomments&post=11747"}],"version-history":[{"count":0,"href":"https:\/\/projetocineb.com.br\/index.php?rest_route=\/wp\/v2\/posts\/11747\/revisions"}],"wp:featuredmedia":[{"embeddable":true,"href":"https:\/\/projetocineb.com.br\/index.php?rest_route=\/wp\/v2\/media\/12021"}],"wp:attachment":[{"href":"https:\/\/projetocineb.com.br\/index.php?rest_route=%2Fwp%2Fv2%2Fmedia&parent=11747"}],"wp:term":[{"taxonomy":"category","embeddable":true,"href":"https:\/\/projetocineb.com.br\/index.php?rest_route=%2Fwp%2Fv2%2Fcategories&post=11747"},{"taxonomy":"post_tag","embeddable":true,"href":"https:\/\/projetocineb.com.br\/index.php?rest_route=%2Fwp%2Fv2%2Ftags&post=11747"}],"curies":[{"name":"wp","href":"https:\/\/api.w.org\/{rel}","templated":true}]}}