{"id":11757,"date":"2019-09-05T20:58:41","date_gmt":"2019-09-05T23:58:41","guid":{"rendered":"http:\/\/projetocineb.com.br\/?p=11757"},"modified":"2019-09-05T20:58:41","modified_gmt":"2019-09-05T23:58:41","slug":"parceria-fortalece-o-mercado-do-cinema","status":"publish","type":"post","link":"https:\/\/projetocineb.com.br\/?p=11757","title":{"rendered":"Fiam-Faam: &#8220;CineB \u00e9 uma grande janela de exibi\u00e7\u00e3o&#8221;"},"content":{"rendered":"<p><em>O CineB esteve no Centro Universit\u00e1rio Fiam-Faam Campus Morumbi na \u00faltima quarta-feira, 04\/09, para exibir o document\u00e1rio \u201cFios de Alta Tens\u00e3o\u201d, de S\u00e9rgio GAG. Alunos participaram de um debate com o produtor do filme, Well Darwin.<\/em><\/p>\n<figure id=\"attachment_11759\" aria-describedby=\"caption-attachment-11759\" style=\"width: 831px\" class=\"wp-caption alignnone\"><a href=\"http:\/\/projetocineb.com.br\/wp-content\/uploads\/2019\/09\/DSC_0338.jpg\"><img fetchpriority=\"high\" decoding=\"async\" class=\"size-full wp-image-11759\" src=\"http:\/\/projetocineb.com.br\/wp-content\/uploads\/2019\/09\/DSC_0338.jpg\" alt=\"\" width=\"831\" height=\"552\" \/><\/a><figcaption id=\"caption-attachment-11759\" class=\"wp-caption-text\">Cid\u00e1lio Vieira Santos, coordenador do CineB, apresenta projeto aos estudantes<\/figcaption><\/figure>\n<p>A parceria entre o CineB e o Centro Universit\u00e1rio Fiam-Faam tem possibilitado que os estudantes da \u00e1rea de comunica\u00e7\u00e3o tenham contato com a produ\u00e7\u00e3o cinematogr\u00e1fica atual, e os diretores e produtores do cinema brasileiro possam dialogar com um p\u00fablico fundamental para fortalecer o mercado cinematogr\u00e1fico nacional. Document\u00e1rios como \u201cComer o Qu\u00ea?\u201d de Leonardo Brant, \u201cBienvenido a Boa Vista\u201d, de Eliz\u00e2ngela Cordeiro ou \u201cNega Que \u00c9 Nega N\u00e3o Nega Ser Nega N\u00e3o!\u201d, de F\u00e1bio Nunez, j\u00e1 foram destaque nessa parceria. Na \u00faltima quarta-feira, 04\/09, o campus Morumbi exibiu, para um p\u00fablico de estudantes de Jornalismo e Publicidade e Propaganda, \u201cFios de Alta Tens\u00e3o\u201d, filme dirigido por S\u00e9rgio GAG e produzido por Well Darwin, que ainda n\u00e3o chegou ao circuito comercial.<\/p>\n<p>\u201cFios de Alta Tens\u00e3o\u201d fala de sociedade e cultura, de comportamento e identidade no Brasil. Fala tamb\u00e9m sobre contradi\u00e7\u00f5es hist\u00f3ricas e contempor\u00e2neas. \u201cO cabelo fala muito a respeito de cada um de n\u00f3s. Com essa convic\u00e7\u00e3o fomos a Bel\u00e9m do Par\u00e1, Salvador, Rio de Janeiro e S\u00e3o Paulo conversar com pessoas que representam a heterog\u00eanea popula\u00e7\u00e3o brasileira. Uma amostra que valoriza a diversidade de g\u00eanero, \u00e9tnica, et\u00e1ria, geogr\u00e1fica e socioecon\u00f4mica, encontrando afinidades onde n\u00e3o se espera e trabalhando em paralelo as afirma\u00e7\u00f5es das identidades de grupo e individuais\u201d, destaca GAG, no material de divulga\u00e7\u00e3o.<\/p>\n<figure id=\"attachment_11760\" aria-describedby=\"caption-attachment-11760\" style=\"width: 1772px\" class=\"wp-caption alignnone\"><a href=\"http:\/\/projetocineb.com.br\/wp-content\/uploads\/2019\/09\/Montagem_cabelos.jpg\"><img decoding=\"async\" class=\"size-full wp-image-11760\" src=\"http:\/\/projetocineb.com.br\/wp-content\/uploads\/2019\/09\/Montagem_cabelos.jpg\" alt=\"\" width=\"1772\" height=\"1181\" \/><\/a><figcaption id=\"caption-attachment-11760\" class=\"wp-caption-text\">Estudantes e seus cabelos<\/figcaption><\/figure>\n<p>Em muitos casos o cabelo \u00e9 tamb\u00e9m contesta\u00e7\u00e3o e confronto, seja para negras e negros afirmando sua origem e sua luta contra o preconceito, seja para adolescentes que se valem dele para assumir um posicionamento aut\u00f4nomo no mundo, ou ainda para quem assume os cabelos brancos, para quem assume a calv\u00edcie e tantas outras afirma\u00e7\u00f5es frente \u00e0s doutrinas est\u00e9ticas difundidas pelos meios de comunica\u00e7\u00e3o de massa.<\/p>\n<p>Para o professor de jornalismo e diretor do Sindicato dos Jornalistas de S\u00e3o Paulo, Eduardo Vin\u00e9 Boldt, o projeto abre espa\u00e7o para um tipo de produ\u00e7\u00e3o que n\u00e3o chega aos cinemas comerciais. \u201cA gente tem uma sobrecarga de filmes que vem de outros pa\u00edses, e o que falta muito \u00e9 a gente identificar as nossas tem\u00e1ticas, as nossas necessidade como cidad\u00e3o. Poucos espa\u00e7os dentro dos cinemas comerciais s\u00e3o parecidos com esse, ent\u00e3o o CineB \u00e9 uma grande janela de exibi\u00e7\u00e3o, de um tipo de filme que infelizmente n\u00e3o tem espa\u00e7o nos grandes cinemas\u201d, reflete.<\/p>\n<figure id=\"attachment_11761\" aria-describedby=\"caption-attachment-11761\" style=\"width: 831px\" class=\"wp-caption alignnone\"><a href=\"http:\/\/projetocineb.com.br\/wp-content\/uploads\/2019\/09\/DSC_0363.jpg\"><img decoding=\"async\" class=\"size-full wp-image-11761\" src=\"http:\/\/projetocineb.com.br\/wp-content\/uploads\/2019\/09\/DSC_0363.jpg\" alt=\"\" width=\"831\" height=\"552\" \/><\/a><figcaption id=\"caption-attachment-11761\" class=\"wp-caption-text\">Cid\u00e1lio e professores na abertura da sess\u00e3o<\/figcaption><\/figure>\n<p>Ao final da exibi\u00e7\u00e3o, o produtor Well Darwin respondeu perguntas dos alunos e professores sobre a tem\u00e1tica do document\u00e1rio, detalhes sobre a produ\u00e7\u00e3o do filme e sua trajet\u00f3ria no cinema entre outras quest\u00f5es. Para Tam\u00edres Copola, 22 anos, produtora de curtas-metragens, formada em Produ\u00e7\u00e3o Audiovisual e aluna do 1\u00baano de Publicidade e Propaganda, o cinema brasileiro \u00e9 pouco falado e pouco discutido. \u201cQuanto mais universidades, mais escolas, mais comunidades, mais gente conseguir alcan\u00e7ar com esse projeto melhor, porque o cinema \u00e9 muito importante para a gente, tanto a quest\u00e3o econ\u00f4mica quanto a quest\u00e3o cultural\u201d, comenta.<\/p>\n<p>Para Maristela Sanches Bizarro, professora de Reda\u00e7\u00e3o, An\u00e1lise do Discurso e Cultura e M\u00eddia do curso de Publicidade e Propaganda, o CineB traz uma filmografia para os alunos que foge dos esquemas comerciais, como \u00e9 o caso de \u201cFios de Alta Tens\u00e3o\u201d, pois \u201cajuda a pensar na pr\u00f3pria identidade, e n\u00e3o ter que responder sempre aos padr\u00f5es\u201d, destaca.<\/p>\n<figure id=\"attachment_11762\" aria-describedby=\"caption-attachment-11762\" style=\"width: 831px\" class=\"wp-caption alignnone\"><a href=\"http:\/\/projetocineb.com.br\/wp-content\/uploads\/2019\/09\/DSC_0369.jpg\"><img loading=\"lazy\" decoding=\"async\" class=\"size-full wp-image-11762\" src=\"http:\/\/projetocineb.com.br\/wp-content\/uploads\/2019\/09\/DSC_0369.jpg\" alt=\"\" width=\"831\" height=\"552\" \/><\/a><figcaption id=\"caption-attachment-11762\" class=\"wp-caption-text\">Well Darwin, produtor do document\u00e1rio, no bate papo com os alunos<\/figcaption><\/figure>\n<p>Para Darwin, a trajet\u00f3ria do document\u00e1rio no CineB vem sendo incr\u00edvel porque o p\u00fablico \u00e9 bastante diversificado. \u201cCada exibi\u00e7\u00e3o foi de um jeito. Isso enriquece muito a gente enquanto cineasta porque alimenta nosso fazer cinematogr\u00e1fico, nosso fazer art\u00edstico\u201d, completa.<\/p>\n<p><strong>SOBRE O CINEB<\/strong><br \/>\nO CineB \u00e9 um circuito itinerante de cinema realizado pelo Sindicato dos Banc\u00e1rios de S\u00e3o Paulo, Osasco e Regi\u00e3o e pela Brazucah Produ\u00e7\u00f5es. Desde 2007, o j\u00e1 atingiu um p\u00fablico superior a 66 mil espectadores em mais de 550 sess\u00f5es gratuitas realizadas em comunidades e universidades de S\u00e3o Paulo. A iniciativa busca democratizar o acesso ao cinema nacional e divulgar os filmes produzidos no Brasil. J\u00e1 foram exibidos na tela do CINEB mais de 130 longas-metragens e 80 curtas-metragens, al\u00e9m da realiza\u00e7\u00e3o de pr\u00e9-estreias exclusivas.<\/p>\n\t\t\t\n\t\t\t<!-- Blueimp gallery -->\n\t\t\t<div id=\"blueimp-gallery\" class=\"blueimp-gallery blueimp-gallery-controls\">\n\t\t\t\t<div class=\"slides\"><\/div>\n\t\t\t\t<h3 class=\"title\"><\/h3>\n\t\t\t\t<a class=\"prev\">\u2039<\/a>\n\t\t\t\t<a class=\"next\">\u203a<\/a>\n\t\t\t\t<a class=\"close\">\u00d7<\/a>\n\t\t\t\t<a class=\"play-pause\"><\/a>\n\t\t\t\t<ol class=\"indicator\"><\/ol>\n\t\t\t\t<div class=\"modal fade\">\n\t\t\t\t\t<div class=\"modal-dialog\">\n\t\t\t\t\t\t<div class=\"modal-content\">\n\t\t\t\t\t\t\t<div class=\"modal-header\">\n\t\t\t\t\t\t\t\t<button type=\"button\" class=\"close\" aria-hidden=\"true\">&times;<\/button>\n\t\t\t\t\t\t\t\t<h4 class=\"modal-title\"><\/h4>\n\t\t\t\t\t\t\t<\/div>\n\t\t\t\t\t\t\t<div class=\"modal-body next\"><\/div>\n\t\t\t\t\t\t\t<div class=\"modal-footer\">\n\t\t\t\t\t\t\t\t<button type=\"button\" class=\"btn btn-default pull-left prev\">\n\t\t\t\t\t\t\t\t\t<i class=\"glyphicon glyphicon-chevron-left\"><\/i>\n\t\t\t\t\t\t\t\t\tPrevious\t\t\t\t\t\t\t\t<\/button>\n\t\t\t\t\t\t\t\t<button type=\"button\" class=\"btn btn-primary next\">\n\t\t\t\t\t\t\t\t\tNext\t\t\t\t\t\t\t\t\t<i class=\"glyphicon glyphicon-chevron-right\"><\/i>\n\t\t\t\t\t\t\t\t<\/button>\n\t\t\t\t\t\t\t<\/div>\n\t\t\t\t\t\t<\/div>\n\t\t\t\t\t<\/div>\n\t\t\t\t<\/div>\n\t\t\t<\/div>\n\t\t\t<script type=\"text\/javascript\">\n\t\t\tjQuery(function() {\n\t\t\t\t\/\/ Set blueimp gallery options\n\t\t\t\tjQuery.extend(blueimp.Gallery.prototype.options, {\n\t\t\t\t\tuseBootstrapModal: false,\n\t\t\t\t\thidePageScrollbars: false\n\t\t\t\t});\n\t\t\t});\n\t\t\t<\/script>\n\t\t\t\n","protected":false},"excerpt":{"rendered":"<p>O CineB esteve no Centro Universit\u00e1rio Fiam-Faam Campus Morumbi na \u00faltima quarta-feira, 04\/09, para exibir o document\u00e1rio \u201cFios de Alta[&#8230;]<\/p>\n","protected":false},"author":3,"featured_media":12020,"comment_status":"open","ping_status":"open","sticky":false,"template":"","format":"standard","meta":[],"categories":[2,6],"tags":[154,257,425,538,552,1111,1133,1241],"_links":{"self":[{"href":"https:\/\/projetocineb.com.br\/index.php?rest_route=\/wp\/v2\/posts\/11757"}],"collection":[{"href":"https:\/\/projetocineb.com.br\/index.php?rest_route=\/wp\/v2\/posts"}],"about":[{"href":"https:\/\/projetocineb.com.br\/index.php?rest_route=\/wp\/v2\/types\/post"}],"author":[{"embeddable":true,"href":"https:\/\/projetocineb.com.br\/index.php?rest_route=\/wp\/v2\/users\/3"}],"replies":[{"embeddable":true,"href":"https:\/\/projetocineb.com.br\/index.php?rest_route=%2Fwp%2Fv2%2Fcomments&post=11757"}],"version-history":[{"count":0,"href":"https:\/\/projetocineb.com.br\/index.php?rest_route=\/wp\/v2\/posts\/11757\/revisions"}],"wp:featuredmedia":[{"embeddable":true,"href":"https:\/\/projetocineb.com.br\/index.php?rest_route=\/wp\/v2\/media\/12020"}],"wp:attachment":[{"href":"https:\/\/projetocineb.com.br\/index.php?rest_route=%2Fwp%2Fv2%2Fmedia&parent=11757"}],"wp:term":[{"taxonomy":"category","embeddable":true,"href":"https:\/\/projetocineb.com.br\/index.php?rest_route=%2Fwp%2Fv2%2Fcategories&post=11757"},{"taxonomy":"post_tag","embeddable":true,"href":"https:\/\/projetocineb.com.br\/index.php?rest_route=%2Fwp%2Fv2%2Ftags&post=11757"}],"curies":[{"name":"wp","href":"https:\/\/api.w.org\/{rel}","templated":true}]}}