{"id":1177,"date":"2010-08-09T11:53:24","date_gmt":"2010-08-09T14:53:24","guid":{"rendered":"http:\/\/projetocineb.com.br\/?p=1177"},"modified":"2010-08-09T11:53:24","modified_gmt":"2010-08-09T14:53:24","slug":"cohab-prestes-maia","status":"publish","type":"post","link":"https:\/\/projetocineb.com.br\/?p=1177","title":{"rendered":"COHAB PRESTES MAIA"},"content":{"rendered":"<p><em>Fotos de Vivian Szelpal<\/em><\/p>\n<p>Fim de semana de repetecos do projeto Cine B, dessa vez marcando a <span style=\"color: #ff6600;\">segunda exibi\u00e7\u00e3o<\/span> do melhor do cinema nacional na <span style=\"color: #ff6600;\">Cohab Prestes Maia, zona leste de S\u00e3o Paulo, no sal\u00e3o da Igreja Sagrado Cora\u00e7\u00e3o de Jesus<\/span>.<\/p>\n<figure id=\"attachment_1189\" aria-describedby=\"caption-attachment-1189\" style=\"width: 384px\" class=\"wp-caption aligncenter\"><a href=\"http:\/\/projetocineb.com.br\/wp-content\/uploads\/2010\/08\/cohab12.jpg\"><img fetchpriority=\"high\" decoding=\"async\" class=\"size-full wp-image-1189  \" title=\"Seu Antonio faz e distribui a pipoca aos espectadores do Cine B que aconteceu no Sal\u00e3o de Festas da Igreja Sagrado Cora\u00e7\u00e3o de Jesus\" src=\"http:\/\/projetocineb.com.br\/wp-content\/uploads\/2010\/08\/cohab12.jpg\" alt=\"Seu Antonio faz e distribui a pipoca aos espectadores do Cine B que aconteceu no Sal\u00e3o de Festas da Igreja Sagrado Cora\u00e7\u00e3o de Jesus\" width=\"384\" height=\"255\" \/><\/a><figcaption id=\"caption-attachment-1189\" class=\"wp-caption-text\">Seu Antonio entrega a pipoca aos espectadores do Cine B que aconteceu no Sal\u00e3o de Festas da Igreja Sagrado Cora\u00e7\u00e3o de Jesus<\/figcaption><\/figure>\n<p>Michele Faria dos Santos, moradora da Cohab, conheceu o projeto atrav\u00e9s do pessoal da comunidade de Vila Formosa. <span style=\"color: #ff6600;\">\u201cTive vontade de fazer aqui em nossa comunidade porque somos carentes em alternativas culturais. E na primeira exibi\u00e7\u00e3o estava um dia chuvoso, mas 100 pessoas vieram prestigiar o Cine B. Como foi sucesso, resolvemos repetir. Al\u00e9m disso, o pessoal s\u00f3 fica assistindo aos filmes dos outros, e os nossos ningu\u00e9m prestigia. Em casa sempre foi comum assistirmos aos filmes brasileiros\u201d, disse Michele<\/span>.<\/p>\n<p>Na \u00e9poca da primeira exibi\u00e7\u00e3o na comunidade Prestes Maia, a filha de Michele, Gabrielly Vit\u00f3ria, estava presente. \u201cMas dentro da minha barriga\u201d, disse Michele, respons\u00e1vel pela divulga\u00e7\u00e3o e distribui\u00e7\u00e3o dos ingressos na comunidade.<\/p>\n<figure id=\"attachment_1179\" aria-describedby=\"caption-attachment-1179\" style=\"width: 319px\" class=\"wp-caption aligncenter\"><a href=\"http:\/\/projetocineb.com.br\/wp-content\/uploads\/2010\/08\/cohab01.jpg\"><img decoding=\"async\" class=\"size-full wp-image-1179 \" title=\"Michele Faria dos Santos a filha\" src=\"http:\/\/projetocineb.com.br\/wp-content\/uploads\/2010\/08\/cohab01.jpg\" alt=\"Michele Faria dos Santos a filha\" width=\"319\" height=\"480\" \/><\/a><figcaption id=\"caption-attachment-1179\" class=\"wp-caption-text\">Michele Faria dos Santos com a filha Gabrielly Vit\u00f3ria, que tem um aninho mas j\u00e1 foi duas vezes ao Cine B, ao lado da prestativa caseira da Igreja dona Lourdes Gon\u00e7alves Vieira, e Angela Mendes, coordenadora da pastoral Festas e Eventos<\/figcaption><\/figure>\n<p>Michele Farias acompanhou o carro de som do Cine B, nas ruas do bairro, divulgando a exibi\u00e7\u00e3o de s\u00e1bado na Igreja. \u201cO carro chamou muita aten\u00e7\u00e3o, ficou tr\u00eas horas rodando aqui pela regi\u00e3o\u201d, disse.<\/p>\n<p>Angela Mendes, coordenadora da Pastoral Festas e Eventos da Igreja Sagrado Cora\u00e7\u00e3o de Jesus, conheceu o Cine B quando a Brazucah fez o contato para realizar a primeira exibi\u00e7\u00e3o. <span style=\"color: #ff6600;\">\u201cNosso bairro \u00e9 carente em cultura e isso faz com que as pessoas n\u00e3o v\u00e3o ao cinema por falta de h\u00e1bito, \u00e9 um tipo de passeio incomum para muitos moradores daqui. Por isso acho importante o Cine B, que tenta resgatar esse tipo de cultura nas periferias\u201d, disse Angela<\/span>.<\/p>\n<p>Ao lado da Igreja <span style=\"color: #ff6600;\">tem um CEU, mas infelizmente, segundo os moradores, n\u00e3o h\u00e1 muitas atividades culturais<\/span>.<\/p>\n<figure id=\"attachment_1180\" aria-describedby=\"caption-attachment-1180\" style=\"width: 384px\" class=\"wp-caption aligncenter\"><a href=\"http:\/\/projetocineb.com.br\/wp-content\/uploads\/2010\/08\/cohab02.jpg\"><img decoding=\"async\" class=\"size-full wp-image-1180  \" title=\"\u201c\u00c0s vezes tem alguma apresenta\u00e7\u00e3o de dan\u00e7a, mas teatro e cinema n\u00e3o tem nunca\u201d, disse a moradora Lucia Cardoso Ribeiro que esteve presente nesta \u00faltima exibi\u00e7\u00e3o do Cine B.\" src=\"http:\/\/projetocineb.com.br\/wp-content\/uploads\/2010\/08\/cohab02.jpg\" alt=\"\u201c\u00c0s vezes tem alguma apresenta\u00e7\u00e3o de dan\u00e7a, mas teatro e cinema n\u00e3o tem nunca\u201d, disse a moradora Lucia Cardoso Ribeiro que esteve presente nesta \u00faltima exibi\u00e7\u00e3o do Cine B.\" width=\"384\" height=\"255\" \/><\/a><figcaption id=\"caption-attachment-1180\" class=\"wp-caption-text\">\u201c\u00c0s vezes tem alguma apresenta\u00e7\u00e3o de dan\u00e7a, mas teatro e cinema n\u00e3o tem nunca\u201d, disse a moradora Lucia Cardoso Ribeiro, na foto ao lado de sua amiga Luzamira Batista Correa<\/figcaption><\/figure>\n<p>Por isso, vamos l\u00e1 gente: \u00e9poca de elei\u00e7\u00e3o \u00e9 preciso saber quem escolher e analisar bem as propostas dos candidatos. <span style=\"color: #ff6600;\">\u00c9 fundamental que existam mais projetos como o Cine B, ou outros projetos que levem teatro, dan\u00e7a, literatura e arte para todos os brasileiros!<\/span> Como diz a presidente do Sindicato dos Banc\u00e1rios de S\u00e3o Paulo, Osasco e Regi\u00e3o na vinheta do Cine B, projetos como esse ajudam a nossa comunidade evoluir.<\/p>\n<h2><span style=\"color: #008000;\">CLICKS<\/span><\/h2>\n<figure id=\"attachment_1193\" aria-describedby=\"caption-attachment-1193\" style=\"width: 384px\" class=\"wp-caption aligncenter\"><a href=\"http:\/\/projetocineb.com.br\/wp-content\/uploads\/2010\/08\/cohab16.jpg\"><img loading=\"lazy\" decoding=\"async\" class=\"size-full wp-image-1193  \" title=\"Juvandia Moreira, presidente do Sindicato dos Banc\u00e1rios de S\u00e3o Paulo, Osasco e Regi\u00e3o, na vinheta do Cine B\" src=\"http:\/\/projetocineb.com.br\/wp-content\/uploads\/2010\/08\/cohab16.jpg\" alt=\"Juvandia Moreira, presidente do Sindicato dos Banc\u00e1rios de S\u00e3o Paulo, Osasco e Regi\u00e3o, na vinheta do Cine B\" width=\"384\" height=\"255\" \/><\/a><figcaption id=\"caption-attachment-1193\" class=\"wp-caption-text\">Juvandia Moreira, presidente do Sindicato dos Banc\u00e1rios de S\u00e3o Paulo, Osasco e Regi\u00e3o, na vinheta do Cine B<\/figcaption><\/figure>\n<figure id=\"attachment_1192\" aria-describedby=\"caption-attachment-1192\" style=\"width: 319px\" class=\"wp-caption aligncenter\"><a href=\"http:\/\/projetocineb.com.br\/wp-content\/uploads\/2010\/08\/cohab15.jpg\"><img loading=\"lazy\" decoding=\"async\" class=\"size-full wp-image-1192 \" title=\"&quot;N\u00e3o vou ao cinema ou alugo filme, n\u00e3o tenho costume. Mas quando meus netos alugam eu assisto&quot;, disse dona Lourdes Gon\u00e7alves Vieira. Na foto, est\u00e1 com Cid\u00e1lio Vieira Santos da Brazucah Produ\u00e7\u00f5es\" src=\"http:\/\/projetocineb.com.br\/wp-content\/uploads\/2010\/08\/cohab15.jpg\" alt=\"&quot;N\u00e3o vou ao cinema ou alugo filme, n\u00e3o tenho costume. Mas quando meus netos alugam eu assisto&quot;, disse dona Lourdes Gon\u00e7alves Vieira. Na foto, est\u00e1 com Cid\u00e1lio Vieira Santos da Brazucah Produ\u00e7\u00f5es\" width=\"319\" height=\"480\" \/><\/a><figcaption id=\"caption-attachment-1192\" class=\"wp-caption-text\">&quot;N\u00e3o vou ao cinema ou alugo filme, n\u00e3o tenho costume. Mas quando meus netos alugam eu assisto&quot;, disse dona Lourdes Gon\u00e7alves Vieira. Na foto, est\u00e1 com Cid\u00e1lio Vieira Santos da Brazucah Produ\u00e7\u00f5es<\/figcaption><\/figure>\n<figure id=\"attachment_1187\" aria-describedby=\"caption-attachment-1187\" style=\"width: 384px\" class=\"wp-caption aligncenter\"><a href=\"http:\/\/projetocineb.com.br\/wp-content\/uploads\/2010\/08\/cohab10.jpg\"><img loading=\"lazy\" decoding=\"async\" class=\"size-full wp-image-1187  \" title=\"Flavio Leandro da Silva e Fernando Henrique Alves Ver\u00edssimo\" src=\"http:\/\/projetocineb.com.br\/wp-content\/uploads\/2010\/08\/cohab10.jpg\" alt=\"Flavio Leandro da Silva e Fernando Henrique Alves Ver\u00edssimo\" width=\"384\" height=\"255\" \/><\/a><figcaption id=\"caption-attachment-1187\" class=\"wp-caption-text\">Flavio Leandro da Silva e Fernando Henrique Alves Ver\u00edssimo<\/figcaption><\/figure>\n<figure id=\"attachment_1188\" aria-describedby=\"caption-attachment-1188\" style=\"width: 384px\" class=\"wp-caption aligncenter\"><a href=\"http:\/\/projetocineb.com.br\/wp-content\/uploads\/2010\/08\/cohab11.jpg\"><img loading=\"lazy\" decoding=\"async\" class=\"size-full wp-image-1188  \" title=\"Cl\u00e1udia Regina Pereira da Silva e seus filhos Andrey Gabriel Pereira da Silva de 4 anos e Adriely Bruna Pereira Silva de 9 com a tia Lilian Aparecida da Silva\" src=\"http:\/\/projetocineb.com.br\/wp-content\/uploads\/2010\/08\/cohab11.jpg\" alt=\"Cl\u00e1udia Regina Pereira da Silva e seus filhos Andrey Gabriel Pereira da Silva de 4 anos e Adriely Bruna Pereira Silva de 9 com a tia Lilian Aparecida da Silva\" width=\"384\" height=\"255\" \/><\/a><figcaption id=\"caption-attachment-1188\" class=\"wp-caption-text\">Cl\u00e1udia Regina Pereira da Silva e seus filhos Andrey Gabriel Pereira da Silva de 4 anos e Adriely Bruna Pereira Silva de 9 com a tia Lilian Aparecida da Silva<\/figcaption><\/figure>\n<figure id=\"attachment_1191\" aria-describedby=\"caption-attachment-1191\" style=\"width: 384px\" class=\"wp-caption aligncenter\"><a href=\"http:\/\/projetocineb.com.br\/wp-content\/uploads\/2010\/08\/cohab14.jpg\"><img loading=\"lazy\" decoding=\"async\" class=\"size-full wp-image-1191  \" title=\"Na abertura do Cine B, dona Lourdes Gon\u00e7alves Vieira, Cid\u00e1lio V. Santos, Michele Faria dos Santos com a filha Gabrielly F Santos e Angela Mendes\" src=\"http:\/\/projetocineb.com.br\/wp-content\/uploads\/2010\/08\/cohab14.jpg\" alt=\"Na abertura do Cine B, dona Lourdes Gon\u00e7alves Vieira, Cid\u00e1lio V. Santos, Michele Faria dos Santos com a filha Gabrielly F Santos e Angela Mendes\" width=\"384\" height=\"255\" \/><\/a><figcaption id=\"caption-attachment-1191\" class=\"wp-caption-text\">Na abertura do Cine B, dona Lourdes Gon\u00e7alves Vieira, Cid\u00e1lio V. Santos, Michele Faria dos Santos com a filha Gabrielly F Santos e Angela Mendes<\/figcaption><\/figure>\n<figure id=\"attachment_1190\" aria-describedby=\"caption-attachment-1190\" style=\"width: 384px\" class=\"wp-caption aligncenter\"><a href=\"http:\/\/projetocineb.com.br\/wp-content\/uploads\/2010\/08\/cohab13.jpg\"><img loading=\"lazy\" decoding=\"async\" class=\"size-full wp-image-1190  \" title=\"A crian\u00e7ada sempre volta para pegar mais pipoca e seu Ant\u00f4nio fica todo contente\" src=\"http:\/\/projetocineb.com.br\/wp-content\/uploads\/2010\/08\/cohab13.jpg\" alt=\"A crian\u00e7ada sempre volta para pegar mais pipoca e seu Ant\u00f4nio fica todo contente\" width=\"384\" height=\"255\" \/><\/a><figcaption id=\"caption-attachment-1190\" class=\"wp-caption-text\">A crian\u00e7ada sempre volta para pegar mais pipoca e seu Ant\u00f4nio fica todo contente<\/figcaption><\/figure>\n<p><span style=\"color: #008000;\"> <\/span><\/p>\n<figure id=\"attachment_1183\" aria-describedby=\"caption-attachment-1183\" style=\"width: 384px\" class=\"wp-caption aligncenter\"><a href=\"http:\/\/projetocineb.com.br\/wp-content\/uploads\/2010\/08\/cohab06.jpg\"><img loading=\"lazy\" decoding=\"async\" class=\"size-full wp-image-1183  \" title=\"Cid\u00e1lio mostra ao p\u00fablico o saquinho de pipoca exclusivo do Cine B\" src=\"http:\/\/projetocineb.com.br\/wp-content\/uploads\/2010\/08\/cohab06.jpg\" alt=\"Cid\u00e1lio mostra ao p\u00fablico o saquinho de pipoca exclusivo do Cine B\" width=\"384\" height=\"255\" \/><\/a><figcaption id=\"caption-attachment-1183\" class=\"wp-caption-text\">Cid\u00e1lio, da Brazucah Produ\u00e7\u00f5es, mostra ao p\u00fablico o saquinho de pipoca exclusivo do Cine B<\/figcaption><\/figure>\n<figure id=\"attachment_1182\" aria-describedby=\"caption-attachment-1182\" style=\"width: 384px\" class=\"wp-caption aligncenter\"><a href=\"http:\/\/projetocineb.com.br\/wp-content\/uploads\/2010\/08\/cohab04.jpg\"><img loading=\"lazy\" decoding=\"async\" class=\"size-full wp-image-1182  \" title=\"\u201cNa outra exibi\u00e7\u00e3o ganhei uma camiseta, nessa quero ver se ganho de novo\u201d, disse Antonio Pereira Mendes acompanhado de sua esposa Neusa Aparecida Nunes\" src=\"http:\/\/projetocineb.com.br\/wp-content\/uploads\/2010\/08\/cohab04.jpg\" alt=\"\u201cNa outra exibi\u00e7\u00e3o ganhei uma camiseta, nessa quero ver se ganho de novo\u201d, disse Antonio Pereira Mendes acompanhado de sua esposa Neusa Aparecida Nunes\" width=\"384\" height=\"255\" \/><\/a><figcaption id=\"caption-attachment-1182\" class=\"wp-caption-text\">\u201cNa outra exibi\u00e7\u00e3o ganhei uma camiseta, nessa quero ver se ganho de novo\u201d, disse Antonio Pereira Mendes acompanhado de sua esposa Neusa Aparecida Nunes<\/figcaption><\/figure>\n<figure id=\"attachment_1181\" aria-describedby=\"caption-attachment-1181\" style=\"width: 384px\" class=\"wp-caption aligncenter\"><a href=\"http:\/\/projetocineb.com.br\/wp-content\/uploads\/2010\/08\/cohab03.jpg\"><img loading=\"lazy\" decoding=\"async\" class=\"size-full wp-image-1181  \" title=\"Francisco Vilagio Fernandes de Souza, Maria Solange Fernandes, Larissa Fernandes dos Santos de 6 anos, Isabela Fernandes dos Santos de 3 e Tais Cr istina dos Santos de 10 anos\" src=\"http:\/\/projetocineb.com.br\/wp-content\/uploads\/2010\/08\/cohab03.jpg\" alt=\"Francisco Vilagio Fernandes de Souza, Maria Solange Fernandes, Larissa Fernandes dos Santos de 6 anos, Isabela Fernandes dos Santos de 3 e Tais Cr istina dos Santos de 10 anos\" width=\"384\" height=\"255\" \/><\/a><figcaption id=\"caption-attachment-1181\" class=\"wp-caption-text\">Francisco Vilagio Fernandes de Souza, Maria Solange Fernandes, Larissa Fernandes dos Santos de 6 anos, Isabela Fernandes dos Santos de 3 e Tais Cristina dos Santos de 10 anos<\/figcaption><\/figure>\n<figure id=\"attachment_1186\" aria-describedby=\"caption-attachment-1186\" style=\"width: 384px\" class=\"wp-caption aligncenter\"><a href=\"http:\/\/projetocineb.com.br\/wp-content\/uploads\/2010\/08\/cohab09.jpg\"><img loading=\"lazy\" decoding=\"async\" class=\"size-full wp-image-1186  \" title=\"Priscila Aparecida da Costa Cavalcanti e Dulcylene Pereira da Costa, que ficaram sabendo na missa que haveria mais esta exibi\u00e7\u00e3o do Cine B\" src=\"http:\/\/projetocineb.com.br\/wp-content\/uploads\/2010\/08\/cohab09.jpg\" alt=\"Priscila Aparecida da Costa Cavalcanti e Dulcylene Pereira da Costa, que ficaram sabendo na missa que haveria mais esta exibi\u00e7\u00e3o do Cine B\" width=\"384\" height=\"255\" \/><\/a><figcaption id=\"caption-attachment-1186\" class=\"wp-caption-text\">Priscila Aparecida da Costa Cavalcanti e Dulcylene Pereira da Costa, que ficaram sabendo na missa que haveria mais esta exibi\u00e7\u00e3o do Cine B<\/figcaption><\/figure>\n<figure id=\"attachment_1178\" aria-describedby=\"caption-attachment-1178\" style=\"width: 384px\" class=\"wp-caption aligncenter\"><a href=\"http:\/\/projetocineb.com.br\/wp-content\/uploads\/2010\/08\/cohab17.jpg\"><img loading=\"lazy\" decoding=\"async\" class=\"size-full wp-image-1178  \" title=\"No final da exibi\u00e7\u00e3o, sorteio de brindes e a foto dos que tem o p\u00e9 quente\" src=\"http:\/\/projetocineb.com.br\/wp-content\/uploads\/2010\/08\/cohab17.jpg\" alt=\"No final da exibi\u00e7\u00e3o, sorteio de brindes e a foto dos que tem o p\u00e9 quente\" width=\"384\" height=\"255\" \/><\/a><figcaption id=\"caption-attachment-1178\" class=\"wp-caption-text\">No final da exibi\u00e7\u00e3o, sorteio de brindes com as fichas de pesquisa de opini\u00e3o, e a foto dos sorteados!<\/figcaption><\/figure>\n","protected":false},"excerpt":{"rendered":"<p>Fotos de Vivian Szelpal Fim de semana de repetecos do projeto Cine B, dessa vez marcando a segunda exibi\u00e7\u00e3o do[&#8230;]<\/p>\n","protected":false},"author":2,"featured_media":0,"comment_status":"open","ping_status":"open","sticky":false,"template":"","format":"standard","meta":[],"categories":[2],"tags":[154,263,266,297,300,470,718,859,969,1132,1247],"_links":{"self":[{"href":"https:\/\/projetocineb.com.br\/index.php?rest_route=\/wp\/v2\/posts\/1177"}],"collection":[{"href":"https:\/\/projetocineb.com.br\/index.php?rest_route=\/wp\/v2\/posts"}],"about":[{"href":"https:\/\/projetocineb.com.br\/index.php?rest_route=\/wp\/v2\/types\/post"}],"author":[{"embeddable":true,"href":"https:\/\/projetocineb.com.br\/index.php?rest_route=\/wp\/v2\/users\/2"}],"replies":[{"embeddable":true,"href":"https:\/\/projetocineb.com.br\/index.php?rest_route=%2Fwp%2Fv2%2Fcomments&post=1177"}],"version-history":[{"count":0,"href":"https:\/\/projetocineb.com.br\/index.php?rest_route=\/wp\/v2\/posts\/1177\/revisions"}],"wp:attachment":[{"href":"https:\/\/projetocineb.com.br\/index.php?rest_route=%2Fwp%2Fv2%2Fmedia&parent=1177"}],"wp:term":[{"taxonomy":"category","embeddable":true,"href":"https:\/\/projetocineb.com.br\/index.php?rest_route=%2Fwp%2Fv2%2Fcategories&post=1177"},{"taxonomy":"post_tag","embeddable":true,"href":"https:\/\/projetocineb.com.br\/index.php?rest_route=%2Fwp%2Fv2%2Ftags&post=1177"}],"curies":[{"name":"wp","href":"https:\/\/api.w.org\/{rel}","templated":true}]}}