{"id":11813,"date":"2019-09-29T19:05:28","date_gmt":"2019-09-29T22:05:28","guid":{"rendered":"http:\/\/projetocineb.com.br\/?p=11813"},"modified":"2019-09-29T19:05:28","modified_gmt":"2019-09-29T22:05:28","slug":"cca-juntos-uma-comunidade-cultural","status":"publish","type":"post","link":"https:\/\/projetocineb.com.br\/?p=11813","title":{"rendered":"CCA Juntos &#8211; Uma comunidade cultural"},"content":{"rendered":"<p><em>O CineB Solar esteve, na \u00faltima quinta-feira, 26\/9, pela primeira vez na CCA Juntos 1, no Jardim Eliane, Zona Leste da capital, para exibir, ao ar livre, a Mostra de Curtas Infantis do Festival de Cinema de Florian\u00f3polis. Antes da sess\u00e3o, os alunos apresentaram um espet\u00e1culo de clowns para o p\u00fablico presente.<\/em><\/p>\n<figure id=\"attachment_11815\" aria-describedby=\"caption-attachment-11815\" style=\"width: 831px\" class=\"wp-caption alignleft\"><a href=\"http:\/\/projetocineb.com.br\/wp-content\/uploads\/2019\/09\/CCAJuntos1@cemriz_26092019-14.jpg\"><img fetchpriority=\"high\" decoding=\"async\" class=\"size-full wp-image-11815\" src=\"http:\/\/projetocineb.com.br\/wp-content\/uploads\/2019\/09\/CCAJuntos1@cemriz_26092019-14.jpg\" alt=\"\" width=\"831\" height=\"552\" \/><\/a><figcaption id=\"caption-attachment-11815\" class=\"wp-caption-text\">P\u00fablico formado por alunos do CCA e familiares<\/figcaption><\/figure>\n<p>O CineB Solar e a ONG Juntos \u2013 Jardins Unidos Num Trabalho de Obras Sociais \u2013 tem uma parceria de mais de 10 anos, mas essa foi a primeira vez que o projeto organizou uma sess\u00e3o no Centro da Crian\u00e7a e Adolescentes (CCA) Juntos 1, localizado no Jardim Eliane, Zona Leste de S\u00e3o Paulo, na \u00faltima quinta-feira, 26\/09, para exibir os curta-metragens premiados na Mostra de Cinema Infantil de Florian\u00f3polis.<\/p>\n<p>Segundo a coordenadora do Centro, Telma Cristina Aguiar, o CCA Juntos 1 \u00e9 uma parceria entre a ONG e a prefeitura de S\u00e3o Paulo que atende 138 crian\u00e7as de 6 a 15 anos no contraturno escolar \u2013 manh\u00e3 e tarde \u2013 com atividades socioeducativas nas \u00e1reas de esportes, m\u00fasica, dan\u00e7a, refor\u00e7o escolar, acompanhamento das fam\u00edlias, al\u00e9m de oferecer alimenta\u00e7\u00e3o. A sess\u00e3o aconteceu ao ar livre, no p\u00e1tio de entrada da unidade, na \u00faltima quinta-feira, 26\/09, quando a comunidade p\u00f4de assistir os seis curtas-metragens selecionados na 18\u00aa Mostra de Cinema Infantil de Florian\u00f3polis e que est\u00e3o sendo exibidos pelo CineB Solar: os premiados \u201cBicho do Mato\u201d (15\u201933\u201d); \u201cVivi Lobo e o Quarto M\u00e1gico\u201d (13\u201900\u201d); \u201cMytikah \u2013 O Livro dos Her\u00f3is\u201d (7\u201914\u201d); \u201cDela\u201d (8\u201915\u201d) \u201cO V\u00e9u de Aman\u00ed\u201d (14\u201954\u201d) ; \u201cDono de Casa\u201d (8\u201900\u201d). <a href=\"http:\/\/projetocineb.com.br\/?p=11609\">Saiba mais sobre os filmes aqui<\/a>.<\/p>\n<figure id=\"attachment_11816\" aria-describedby=\"caption-attachment-11816\" style=\"width: 831px\" class=\"wp-caption alignleft\"><a href=\"http:\/\/projetocineb.com.br\/wp-content\/uploads\/2019\/09\/CCAJuntos1@cemriz_26092019-32.jpg\"><img decoding=\"async\" class=\"size-full wp-image-11816\" src=\"http:\/\/projetocineb.com.br\/wp-content\/uploads\/2019\/09\/CCAJuntos1@cemriz_26092019-32.jpg\" alt=\"\" width=\"831\" height=\"552\" \/><\/a><figcaption id=\"caption-attachment-11816\" class=\"wp-caption-text\">Antes da exibi\u00e7\u00e3o, uma apresenta\u00e7\u00e3o dos alunos de teatro e circo<\/figcaption><\/figure>\n<p>Telma conta que acompanha as sess\u00f5es do CineB Solar h\u00e1 bastante tempo nos outros espa\u00e7os que a ONG Juntos administra. Ao todo s\u00e3o 12 projetos, e o CineB Solar j\u00e1 esteve em seis deles segundo o diretor administrativo Humberto Canavesi. \u201cNossa comunidade \u00e9 super vulner\u00e1vel, n\u00e3o tem possibilidade de ir a um cinema convencional, tanto \u00e9 que as crian\u00e7as est\u00e3o muito felizes no dia de hoje e eu tamb\u00e9m, \u00e9 uma gratid\u00e3o viver essa experi\u00eancia\u201d, salientou a coordenadora do CCA.<br \/>\nCanavesi agradece ao Sindicato dos Banc\u00e1rios de S\u00e3o Paulo, Osasco e Regi\u00e3o pela oportunidade de levar cultura a quem de fato precisa: \u201cas fam\u00edlias, os trabalhadores e trabalhadoras precisam ter mais acesso \u00e0 cultura, ao lazer de qualidade e gratuito, ent\u00e3o nada melhor que ter um cinema pr\u00f3ximo de casa e com energia solar\u201d, elogia.<\/p>\n<p>Os frequentadores do espa\u00e7o fizeram uma apresenta\u00e7\u00e3o de um espet\u00e1culo que mistura teatro, dan\u00e7a. O trabalho vem sendo organizado pelo professor de teatro e circo Ney Arucar\u00e1 h\u00e1 cerca de um m\u00eas e foi a primeira vez que as crian\u00e7as e adolescentes se apresentaram para um p\u00fablico. \u201cA gente pode despertar neles um pouco do c\u00f4mico, usando o teatro como antigamente, como uma forma de se comunicar, e atrav\u00e9s do teatro levar um olhar cr\u00edtico. O palha\u00e7o ensina a gente reconhecer a nossa fragilidade, o nosso ser simpl\u00f3rio e ing\u00eanuo que esquecemos, com a fase adulta\u201d, explica.<\/p>\n<figure id=\"attachment_11817\" aria-describedby=\"caption-attachment-11817\" style=\"width: 831px\" class=\"wp-caption alignleft\"><a href=\"http:\/\/projetocineb.com.br\/wp-content\/uploads\/2019\/09\/CCAJuntos1@cemriz_26092019-42.jpg\"><img decoding=\"async\" class=\"size-full wp-image-11817\" src=\"http:\/\/projetocineb.com.br\/wp-content\/uploads\/2019\/09\/CCAJuntos1@cemriz_26092019-42.jpg\" alt=\"\" width=\"831\" height=\"552\" \/><\/a><figcaption id=\"caption-attachment-11817\" class=\"wp-caption-text\">A abertura da sess\u00e3o, com Humberto Canavesi, diretor da ONG Juntos, Cid\u00e1lio Vieira Santos, coordenador do projeto e Telma Aguiar, coordenadora do espa\u00e7o<\/figcaption><\/figure>\n<p><strong>VOTA\u00c7\u00c3O<\/strong><br \/>\nO p\u00e1tio do CCA Juntos 1 lotou com crian\u00e7as e familiares e todos receberam uma c\u00e9dula ao final da exibi\u00e7\u00e3o, e puderam escolher qual dos seis curta-metragens mais agradou. A produ\u00e7\u00e3o montou cabines de vota\u00e7\u00e3o e duas urnas que receberam ao todo 47 votos. \u201cBicho do Mato\u201d, foi o escolhido pelo p\u00fablico, com 36% dos votos, seguido por \u201cO V\u00e9u de Aman\u00ed\u201d, com 23,5%, \u201cVivi Lobo e o Quintal M\u00e1gico\u201d, com 15%, \u201cDono de Casa\u201d, com 13%, \u201cDela\u201d com 8,5% e \u201cMytikah \u2013 O Livro dos Her\u00f3is\u201d, com 4%.<\/p>\n<p><strong>SOBRE O CINEB SOLAR<\/strong><br \/>\nO CineB Solar \u00e9 um circuito itinerante de cinema realizado pelo Sindicato dos Banc\u00e1rios de S\u00e3o Paulo, Osasco e Regi\u00e3o e pela Brazucah Produ\u00e7\u00f5es. Desde 2007, o j\u00e1 atingiu um p\u00fablico superior a 66 mil espectadores em mais de 550 sess\u00f5es gratuitas realizadas em comunidades e universidades de S\u00e3o Paulo. A iniciativa busca democratizar o acesso ao cinema nacional e divulgar os filmes produzidos no Brasil. J\u00e1 foram exibidos na tela do CINEB mais de 130 longas-metragens e 80 curtas-metragens, al\u00e9m da realiza\u00e7\u00e3o de pr\u00e9-estreias exclusivas.<\/p>\n<p>Texto: Carlos Rizzo. Fotos: F\u00e1bio Eufr\u00e1sio e Carlos Rizzo<\/p>\n\t\t\t\n\t\t\t<!-- Blueimp gallery -->\n\t\t\t<div id=\"blueimp-gallery\" class=\"blueimp-gallery blueimp-gallery-controls\">\n\t\t\t\t<div class=\"slides\"><\/div>\n\t\t\t\t<h3 class=\"title\"><\/h3>\n\t\t\t\t<a class=\"prev\">\u2039<\/a>\n\t\t\t\t<a class=\"next\">\u203a<\/a>\n\t\t\t\t<a class=\"close\">\u00d7<\/a>\n\t\t\t\t<a class=\"play-pause\"><\/a>\n\t\t\t\t<ol class=\"indicator\"><\/ol>\n\t\t\t\t<div class=\"modal fade\">\n\t\t\t\t\t<div class=\"modal-dialog\">\n\t\t\t\t\t\t<div class=\"modal-content\">\n\t\t\t\t\t\t\t<div class=\"modal-header\">\n\t\t\t\t\t\t\t\t<button type=\"button\" class=\"close\" aria-hidden=\"true\">&times;<\/button>\n\t\t\t\t\t\t\t\t<h4 class=\"modal-title\"><\/h4>\n\t\t\t\t\t\t\t<\/div>\n\t\t\t\t\t\t\t<div class=\"modal-body next\"><\/div>\n\t\t\t\t\t\t\t<div class=\"modal-footer\">\n\t\t\t\t\t\t\t\t<button type=\"button\" class=\"btn btn-default pull-left prev\">\n\t\t\t\t\t\t\t\t\t<i class=\"glyphicon glyphicon-chevron-left\"><\/i>\n\t\t\t\t\t\t\t\t\tPrevious\t\t\t\t\t\t\t\t<\/button>\n\t\t\t\t\t\t\t\t<button type=\"button\" class=\"btn btn-primary next\">\n\t\t\t\t\t\t\t\t\tNext\t\t\t\t\t\t\t\t\t<i class=\"glyphicon glyphicon-chevron-right\"><\/i>\n\t\t\t\t\t\t\t\t<\/button>\n\t\t\t\t\t\t\t<\/div>\n\t\t\t\t\t\t<\/div>\n\t\t\t\t\t<\/div>\n\t\t\t\t<\/div>\n\t\t\t<\/div>\n\t\t\t<script type=\"text\/javascript\">\n\t\t\tjQuery(function() {\n\t\t\t\t\/\/ Set blueimp gallery options\n\t\t\t\tjQuery.extend(blueimp.Gallery.prototype.options, {\n\t\t\t\t\tuseBootstrapModal: false,\n\t\t\t\t\thidePageScrollbars: false\n\t\t\t\t});\n\t\t\t});\n\t\t\t<\/script>\n\t\t\t\n","protected":false},"excerpt":{"rendered":"<p>O CineB Solar esteve, na \u00faltima quinta-feira, 26\/9, pela primeira vez na CCA Juntos 1, no Jardim Eliane, Zona Leste[&#8230;]<\/p>\n","protected":false},"author":3,"featured_media":12016,"comment_status":"open","ping_status":"open","sticky":false,"template":"","format":"standard","meta":[],"categories":[2,6],"tags":[154,192,237,255,614,822,887,1133,1157],"_links":{"self":[{"href":"https:\/\/projetocineb.com.br\/index.php?rest_route=\/wp\/v2\/posts\/11813"}],"collection":[{"href":"https:\/\/projetocineb.com.br\/index.php?rest_route=\/wp\/v2\/posts"}],"about":[{"href":"https:\/\/projetocineb.com.br\/index.php?rest_route=\/wp\/v2\/types\/post"}],"author":[{"embeddable":true,"href":"https:\/\/projetocineb.com.br\/index.php?rest_route=\/wp\/v2\/users\/3"}],"replies":[{"embeddable":true,"href":"https:\/\/projetocineb.com.br\/index.php?rest_route=%2Fwp%2Fv2%2Fcomments&post=11813"}],"version-history":[{"count":0,"href":"https:\/\/projetocineb.com.br\/index.php?rest_route=\/wp\/v2\/posts\/11813\/revisions"}],"wp:featuredmedia":[{"embeddable":true,"href":"https:\/\/projetocineb.com.br\/index.php?rest_route=\/wp\/v2\/media\/12016"}],"wp:attachment":[{"href":"https:\/\/projetocineb.com.br\/index.php?rest_route=%2Fwp%2Fv2%2Fmedia&parent=11813"}],"wp:term":[{"taxonomy":"category","embeddable":true,"href":"https:\/\/projetocineb.com.br\/index.php?rest_route=%2Fwp%2Fv2%2Fcategories&post=11813"},{"taxonomy":"post_tag","embeddable":true,"href":"https:\/\/projetocineb.com.br\/index.php?rest_route=%2Fwp%2Fv2%2Ftags&post=11813"}],"curies":[{"name":"wp","href":"https:\/\/api.w.org\/{rel}","templated":true}]}}