{"id":11830,"date":"2019-10-04T10:43:49","date_gmt":"2019-10-04T13:43:49","guid":{"rendered":"http:\/\/projetocineb.com.br\/?p=11830"},"modified":"2019-10-04T10:43:49","modified_gmt":"2019-10-04T13:43:49","slug":"cieja-perus-ve-que-horas-ela-volta","status":"publish","type":"post","link":"https:\/\/projetocineb.com.br\/?p=11830","title":{"rendered":"Cieja Perus v\u00ea \u201cQue Horas Ela Volta?\u201d"},"content":{"rendered":"<p><em>Alunos do Cieja Perus 1 acompanharam a sess\u00e3o do CineB Solar no \u00faltimo dia 30\/09, que exibiu o longa-metragem \u201cQue Horas Ela Volta?\u201d, com Regina Cas\u00e9.<\/em><\/p>\n<figure id=\"attachment_11835\" aria-describedby=\"caption-attachment-11835\" style=\"width: 2736px\" class=\"wp-caption alignleft\"><a href=\"http:\/\/projetocineb.com.br\/wp-content\/uploads\/2019\/10\/CiejaPerus_30092019@fabioeufr-17_Bx.jpg\"><img fetchpriority=\"high\" decoding=\"async\" class=\"size-full wp-image-11835\" src=\"http:\/\/projetocineb.com.br\/wp-content\/uploads\/2019\/10\/CiejaPerus_30092019@fabioeufr-17_Bx.jpg\" alt=\"\" width=\"2736\" height=\"1824\" \/><\/a><figcaption id=\"caption-attachment-11835\" class=\"wp-caption-text\">A quadra do Cieja com alunos e moradores para ver o filme dirigido por Anna Muylaert<\/figcaption><\/figure>\n<p>&nbsp;<\/p>\n<p>Foi uma noite especial no Centro de Integra\u00e7\u00e3o de Educa\u00e7\u00e3o de Jovens e Adultos (Cieja) Perus, localizado na Zona Norte de S\u00e3o Paulo. O espa\u00e7o, que existe desde 2016, recebeu, na \u00faltima segunda-feira, 30\/09, pela primeira vez, o projeto CineB Solar. Os alunos e moradores lotaram a quadra que fica na cobertura do pr\u00e9dio para acompanhar a exibi\u00e7\u00e3o de \u201cQue Horas Ela Volta?\u201d, filme de Anna Muylaert lan\u00e7ado em 2015, um dos maiores sucessos de cr\u00edtica e p\u00fablico do cinema brasileiro.<\/p>\n<p>Regina Cas\u00e9 faz o papel de Val, a empregada dom\u00e9stica que deixou a filha J\u00e9ssica no interior de Pernambuco para passar 13 anos como bab\u00e1 do menino Fabinho, em S\u00e3o Paulo, e convive com a culpa de n\u00e3o ter criado sua filha. Um dia recebe um telefonema de J\u00e9ssica, que quer apoio para vir a S\u00e3o Paulo prestar vestibular.<\/p>\n<p>Os Ciejas s\u00e3o escolas municipais que atendem exclusivamente o p\u00fablico acima de 15 anos que quer voltar a estudar e completar o Ensino Fundamental ou Ensino M\u00e9dio. Segundo Altamir Xavier, assistente de dire\u00e7\u00e3o do centro, o espa\u00e7o conta com 1.700 alunos de 15 a 80 anos dos quais cerca de 1.000 s\u00e3o haitianos. \u201cAtendemos um n\u00famero grande de imigrantes, concentrados em Perus. Os professores desenvolvem projetos no ensino de l\u00ednguas, mas tamb\u00e9m buscamos integr\u00e1-los \u00e0 comunidade\u201d, destaca.<\/p>\n<figure id=\"attachment_11836\" aria-describedby=\"caption-attachment-11836\" style=\"width: 831px\" class=\"wp-caption alignleft\"><a href=\"http:\/\/projetocineb.com.br\/wp-content\/uploads\/2019\/10\/CiejaPerus@cemriz_30092019-6.jpg\"><img decoding=\"async\" class=\"size-full wp-image-11836\" src=\"http:\/\/projetocineb.com.br\/wp-content\/uploads\/2019\/10\/CiejaPerus@cemriz_30092019-6.jpg\" alt=\"\" width=\"831\" height=\"552\" \/><\/a><figcaption id=\"caption-attachment-11836\" class=\"wp-caption-text\">Abertura oficial da sess\u00e3o com Cid\u00e1lio Vieira (com microfone) e professores do Cieja<\/figcaption><\/figure>\n<p>\u00c9 o caso de Djeff Felicieu e Sandra Jeudi, haitianos que vivem h\u00e1 3 anos no Brasil e estudam no Cieja h\u00e1 um ano para aprender o portugu\u00eas. Felicieu conta que veio para o Brasil para trabalhar e ajudar a fam\u00edlia, mas que a situa\u00e7\u00e3o no Brasil n\u00e3o est\u00e1 f\u00e1cil. \u201cEstou desempregado e fa\u00e7o bicos para sobreviver\u201d, relata. O casal leva todo dia a filha Daiane Raymond, de nove meses, para as aulas no Cieja e estava na sess\u00e3o para ver o filme com Regina Cas\u00e9.<\/p>\n<p>Rosemeire da Silva Pinto, professora alfabetizadora e moradora do bairro h\u00e1 mais de 40 anos, conta que a comunidade \u00e9 bem carente. \u201cO cinema que eles conhecem \u00e9 o da telinha da televis\u00e3o. Ent\u00e3o o CineB \u00e9 uma oportunidade porque consegue reunir pessoas, \u00e9 enriquecedor para eles\u201d, comenta. O CineB foi a primeira oportunidade que Luiz Pereira da Silva teve para ver como \u00e9 um cinema de verdade. Isso porque o aposentado nunca havia entrado em uma sala de cinema antes. Paraibano, ele conta que nasceu no s\u00edtio e estudou por tr\u00eas anos, entre 1966 e 1968, \u201cno estilo mobral, com lamparina, porque n\u00e3o tinha luz\u201d, relembra. Chegou em S\u00e3o Paulo em 75 e come\u00e7ou a trabalhar como cobrador de \u00f4nibus e depois em uma empresa de terraplanagem, onde ficou at\u00e9 se aposentar. Mas nunca conseguiu ir a um cinema porque trabalhava de domingo a domingo. Agora quer buscar o conhecimento. \u201cPassei a ver filmes, inclusive aqui na escola, e agora me sinto bem\u201d, revela.<\/p>\n<figure id=\"attachment_11837\" aria-describedby=\"caption-attachment-11837\" style=\"width: 831px\" class=\"wp-caption alignleft\"><a href=\"http:\/\/projetocineb.com.br\/wp-content\/uploads\/2019\/10\/CiejaPerus@cemriz_30092019-2.jpg\"><img decoding=\"async\" class=\"size-full wp-image-11837\" src=\"http:\/\/projetocineb.com.br\/wp-content\/uploads\/2019\/10\/CiejaPerus@cemriz_30092019-2.jpg\" alt=\"\" width=\"831\" height=\"552\" \/><\/a><figcaption id=\"caption-attachment-11837\" class=\"wp-caption-text\">Luiz Pereira da Silva, alunos do Cieja, pela primeira vez numa sala de cinema<\/figcaption><\/figure>\n<p>Na sess\u00e3o, foi poss\u00edvel conhecer muitas empregadas como Val, inspirada na hist\u00f3ria de Edna, que foi empregada da diretora do filme e que mora em Embu das Artes (<a href=\"http:\/\/projetocineb.com.br\/?p=11679\">veja o dia que o CineB Solar foi at\u00e9 a comunidade onde Edna mora<\/a>). \u00c9 o caso de Luzinete Soares Lima, que h\u00e1 tr\u00eas anos faz o ensino fundamental no Cieja. Ela \u00e9 dom\u00e9stica no bairro Lim\u00e3o, tamb\u00e9m na Zona Norte de S\u00e3o Paulo, e estuda para buscar conhecimento e arrumar um emprego melhor. J\u00e1 Silene da Silva Santos que \u00e9 de Coaraci, Bahia, e agora aluna do Cieja, conta que quando tinha 25 anos, foi empregada dom\u00e9stica em Aracaju, Sergipe. Dormia no emprego como a personagem do filme e a patroa chegou a esconder os documentos para que ela n\u00e3o estudasse. \u201cMe atrasou todos os meus estudos. Patr\u00e3o n\u00e3o queria que estudasse, que tivesse filhos, ent\u00e3o eu j\u00e1 passei por muita coisa nesse mundo sendo dom\u00e9stica\u201d, relembra. Conta que patr\u00e3o e filho de patr\u00e3o a assediavam. Ela lembra que quando ficou gr\u00e1vida chegou a perder o emprego, mas tudo mudou quando seus irm\u00e3os vieram para S\u00e3o Paulo e ela os acompanhou. \u201cA\u00ed depois eu fui buscar meu filho, quando tinha 9 anos. Hoje ele j\u00e1 est\u00e1 grande, est\u00e1 namorando, mora sozinho e eu sou diarista\u201d, finaliza.<\/p>\n<figure id=\"attachment_11838\" aria-describedby=\"caption-attachment-11838\" style=\"width: 831px\" class=\"wp-caption alignleft\"><a href=\"http:\/\/projetocineb.com.br\/wp-content\/uploads\/2019\/10\/CiejaPerus@cemriz_30092019-4.jpg\"><img loading=\"lazy\" decoding=\"async\" class=\"size-full wp-image-11838\" src=\"http:\/\/projetocineb.com.br\/wp-content\/uploads\/2019\/10\/CiejaPerus@cemriz_30092019-4.jpg\" alt=\"\" width=\"831\" height=\"552\" \/><\/a><figcaption id=\"caption-attachment-11838\" class=\"wp-caption-text\">Os haitianos Djeff e Sandra levam a filha Daiane nas aulas do Cieja<\/figcaption><\/figure>\n<p>O CineB Solar agradece os professores, alunos e funcion\u00e1rios do Cieja Perus 1 que colaboraram na montagem e desmontagem da sess\u00e3o.<\/p>\n<p>SOBRE O CINEB SOLAR<br \/>\nO CineB Solar \u00e9 um circuito itinerante de cinema realizado pelo Sindicato dos Banc\u00e1rios de S\u00e3o Paulo, Osasco e Regi\u00e3o e pela Brazucah Produ\u00e7\u00f5es. Desde 2007, o j\u00e1 atingiu um p\u00fablico superior a 66 mil espectadores em mais de 550 sess\u00f5es gratuitas realizadas em comunidades e universidades de S\u00e3o Paulo. A iniciativa busca democratizar o acesso ao cinema nacional e divulgar os filmes produzidos no Brasil. J\u00e1 foram exibidos na tela do CINEB mais de 130 longas-metragens e 80 curtas-metragens, al\u00e9m da realiza\u00e7\u00e3o de pr\u00e9-estreias exclusivas.<\/p>\n<p>Texto: Carlos Rizzo. Fotos: F\u00e1bio Eufr\u00e1sio e Carlos Rizzo<\/p>\n\t\t\t\n\t\t\t<!-- Blueimp gallery -->\n\t\t\t<div id=\"blueimp-gallery\" class=\"blueimp-gallery blueimp-gallery-controls\">\n\t\t\t\t<div class=\"slides\"><\/div>\n\t\t\t\t<h3 class=\"title\"><\/h3>\n\t\t\t\t<a class=\"prev\">\u2039<\/a>\n\t\t\t\t<a class=\"next\">\u203a<\/a>\n\t\t\t\t<a class=\"close\">\u00d7<\/a>\n\t\t\t\t<a class=\"play-pause\"><\/a>\n\t\t\t\t<ol class=\"indicator\"><\/ol>\n\t\t\t\t<div class=\"modal fade\">\n\t\t\t\t\t<div class=\"modal-dialog\">\n\t\t\t\t\t\t<div class=\"modal-content\">\n\t\t\t\t\t\t\t<div class=\"modal-header\">\n\t\t\t\t\t\t\t\t<button type=\"button\" class=\"close\" aria-hidden=\"true\">&times;<\/button>\n\t\t\t\t\t\t\t\t<h4 class=\"modal-title\"><\/h4>\n\t\t\t\t\t\t\t<\/div>\n\t\t\t\t\t\t\t<div class=\"modal-body next\"><\/div>\n\t\t\t\t\t\t\t<div class=\"modal-footer\">\n\t\t\t\t\t\t\t\t<button type=\"button\" class=\"btn btn-default pull-left prev\">\n\t\t\t\t\t\t\t\t\t<i class=\"glyphicon glyphicon-chevron-left\"><\/i>\n\t\t\t\t\t\t\t\t\tPrevious\t\t\t\t\t\t\t\t<\/button>\n\t\t\t\t\t\t\t\t<button type=\"button\" class=\"btn btn-primary next\">\n\t\t\t\t\t\t\t\t\tNext\t\t\t\t\t\t\t\t\t<i class=\"glyphicon glyphicon-chevron-right\"><\/i>\n\t\t\t\t\t\t\t\t<\/button>\n\t\t\t\t\t\t\t<\/div>\n\t\t\t\t\t\t<\/div>\n\t\t\t\t\t<\/div>\n\t\t\t\t<\/div>\n\t\t\t<\/div>\n\t\t\t<script type=\"text\/javascript\">\n\t\t\tjQuery(function() {\n\t\t\t\t\/\/ Set blueimp gallery options\n\t\t\t\tjQuery.extend(blueimp.Gallery.prototype.options, {\n\t\t\t\t\tuseBootstrapModal: false,\n\t\t\t\t\thidePageScrollbars: false\n\t\t\t\t});\n\t\t\t});\n\t\t\t<\/script>\n\t\t\t\n","protected":false},"excerpt":{"rendered":"<p>Alunos do Cieja Perus 1 acompanharam a sess\u00e3o do CineB Solar no \u00faltimo dia 30\/09, que exibiu o longa-metragem \u201cQue[&#8230;]<\/p>\n","protected":false},"author":3,"featured_media":12014,"comment_status":"open","ping_status":"open","sticky":false,"template":"","format":"standard","meta":[],"categories":[2,6],"tags":[59,87,154,237,240,252,401,769,1018,1044,1074,1085,1123,1133],"_links":{"self":[{"href":"https:\/\/projetocineb.com.br\/index.php?rest_route=\/wp\/v2\/posts\/11830"}],"collection":[{"href":"https:\/\/projetocineb.com.br\/index.php?rest_route=\/wp\/v2\/posts"}],"about":[{"href":"https:\/\/projetocineb.com.br\/index.php?rest_route=\/wp\/v2\/types\/post"}],"author":[{"embeddable":true,"href":"https:\/\/projetocineb.com.br\/index.php?rest_route=\/wp\/v2\/users\/3"}],"replies":[{"embeddable":true,"href":"https:\/\/projetocineb.com.br\/index.php?rest_route=%2Fwp%2Fv2%2Fcomments&post=11830"}],"version-history":[{"count":0,"href":"https:\/\/projetocineb.com.br\/index.php?rest_route=\/wp\/v2\/posts\/11830\/revisions"}],"wp:featuredmedia":[{"embeddable":true,"href":"https:\/\/projetocineb.com.br\/index.php?rest_route=\/wp\/v2\/media\/12014"}],"wp:attachment":[{"href":"https:\/\/projetocineb.com.br\/index.php?rest_route=%2Fwp%2Fv2%2Fmedia&parent=11830"}],"wp:term":[{"taxonomy":"category","embeddable":true,"href":"https:\/\/projetocineb.com.br\/index.php?rest_route=%2Fwp%2Fv2%2Fcategories&post=11830"},{"taxonomy":"post_tag","embeddable":true,"href":"https:\/\/projetocineb.com.br\/index.php?rest_route=%2Fwp%2Fv2%2Ftags&post=11830"}],"curies":[{"name":"wp","href":"https:\/\/api.w.org\/{rel}","templated":true}]}}