{"id":11853,"date":"2019-10-11T17:05:19","date_gmt":"2019-10-11T20:05:19","guid":{"rendered":"http:\/\/projetocineb.com.br\/?p=11853"},"modified":"2019-10-11T17:05:19","modified_gmt":"2019-10-11T20:05:19","slug":"bacurau-estreia-no-cineb","status":"publish","type":"post","link":"https:\/\/projetocineb.com.br\/?p=11853","title":{"rendered":"Bacurau estreia no CineB"},"content":{"rendered":"<p><em>Foi uma sess\u00e3o hist\u00f3rica, que ocupou tr\u00eas audit\u00f3rios na sede do Sindicato dos Banc\u00e1rios de S\u00e3o Paulo em exibi\u00e7\u00e3o simult\u00e2nea. O filme de Kleber Mendon\u00e7a Filho e Juliano Dornelles, vencedor do Pr\u00eamio do j\u00fari de Cannes, foi visto por estudantes, representantes dos movimentos sociais e p\u00fablico que foi em peso ao CineB.<\/em><\/p>\n<figure id=\"attachment_11856\" aria-describedby=\"caption-attachment-11856\" style=\"width: 831px\" class=\"wp-caption alignleft\"><a href=\"http:\/\/projetocineb.com.br\/wp-content\/uploads\/2019\/10\/SEEBSP_09OUT2019_@bx-29-de-85.jpg\"><img fetchpriority=\"high\" decoding=\"async\" class=\"size-full wp-image-11856\" src=\"http:\/\/projetocineb.com.br\/wp-content\/uploads\/2019\/10\/SEEBSP_09OUT2019_@bx-29-de-85.jpg\" alt=\"\" width=\"831\" height=\"552\" \/><\/a><figcaption id=\"caption-attachment-11856\" class=\"wp-caption-text\"><em>O p\u00fablico lotou tr\u00eas audit\u00f3rios que exibiram a sess\u00e3o simultaneamente<\/em><\/figcaption><\/figure>\n<p>Pela primeira vez, o CineB exibiu uma sess\u00e3o em tr\u00eas espa\u00e7os transformados em salas de cinema, simultaneamente, na \u00faltima quarta-feira, 09\/10. A sede do Sindicato dos Banc\u00e1rios de S\u00e3o Paulo, Osasco e Regi\u00e3o, localizada na regi\u00e3o central da capital, parecia at\u00e9 um cinema comercial, com filas de espera para entrar nos audit\u00f3rios Amarelo e Azul, al\u00e9m do audit\u00f3rio da Faculdade 28 de Agosto, administrada pelo Sindicato, e que fica no primeiro andar do pr\u00e9dio Martinelli. Tudo por conta, da estreia, no projeto, do longa-metragem \u201cBacurau\u201d, dos cineastas Kleber Mendon\u00e7a Filho e Juliano Dornelles, Pr\u00eamio do Juri no Festival de Cannes, em maio deste ano.<\/p>\n<p>O filme est\u00e1 em cartaz nos cinemas comerciais e tem levado um grande p\u00fablico \u00e0s salas de cinema para acompanhar a f\u00e1bula que cabe muito bem no momento de viol\u00eancia e intoler\u00e2ncia que a sociedade brasileira vive. E como o povo pode criar diferentes formas de resist\u00eancia diante desse processo.<\/p>\n<p><strong>Sinopse<\/strong><\/p>\n<p>Pouco ap\u00f3s a morte de dona Carmelita, aos 94 anos, os moradores de um pequeno povoado localizado no sert\u00e3o brasileiro, chamado Bacurau, descobrem que a comunidade n\u00e3o consta mais em qualquer mapa. Aos poucos, percebem algo estranho na regi\u00e3o: enquanto drones passeiam pelos c\u00e9us, estrangeiros chegam \u00e0 cidade pela primeira vez. Quando carros se tornam v\u00edtimas de tiros e cad\u00e1veres come\u00e7am a aparecer, Teresa (B\u00e1rbara Colen), Domingas (S\u00f4nia Braga), Ac\u00e1cio (Thomas Aquino), Pl\u00ednio (Wilson Rabelo), Lunga (Silvero Pereira) e outros habitantes chegam \u00e0 conclus\u00e3o de que est\u00e3o sendo atacados. Falta identificar o inimigo e criar coletivamente um meio de defesa.<\/p>\n<figure id=\"attachment_11857\" aria-describedby=\"caption-attachment-11857\" style=\"width: 831px\" class=\"wp-caption alignleft\"><a href=\"http:\/\/projetocineb.com.br\/wp-content\/uploads\/2019\/10\/SEEBSP_09OUT2019_@bx-24-de-85.jpg\"><img decoding=\"async\" class=\"size-full wp-image-11857\" src=\"http:\/\/projetocineb.com.br\/wp-content\/uploads\/2019\/10\/SEEBSP_09OUT2019_@bx-24-de-85.jpg\" alt=\"\" width=\"831\" height=\"552\" \/><\/a><figcaption id=\"caption-attachment-11857\" class=\"wp-caption-text\"><em>Cid\u00e1lio Vieira, coordenador do CineB, com os diretores do Sindicato dos Banc\u00e1rios na abertura da sess\u00e3o<\/em><\/figcaption><\/figure>\n<p>Mendon\u00e7a j\u00e1 teve outro filme exibido pelo projeto \u2013 Aquarius \u2013 e participou do Pr\u00eamio CineB do Cinema Brasileiro, em 2016. Ao lado de Dornelles e sua equipe, tornaram a obra um dos pontos altos \u00e0 cr\u00edtica do controle e da censura que o governo Bolsonaro tem feito \u00e0 Ag\u00eancia Nacional de Cinema (Ancine), cancelando apoios e financiamentos de projetos em execu\u00e7\u00e3o, atrelando a ag\u00eancia p\u00fablica a uma pauta ideol\u00f3gica de direita, dizendo que ir\u00e1 financiar apenas filmes que tratem de temas que o governo Bolsonaro considera importante.<\/p>\n<p>O p\u00fablico tem visto o filme como um grito de alerta ao projeto neoliberal e totalit\u00e1rio das elites brasileiras. E tem valorizado a obra no Brasil e no mundo. N\u00e3o foi diferente no CineB. Divulgado apenas pelo blog, redes sociais, e nos boletins do Sindicato e da CUT, o projeto recebeu, por e-mail, um n\u00famero expressivo de pedidos de reserva. Estiveram presentes na sess\u00e3o Escolas, como a Estadual (EE) Herbert Baldus, localizada no Graja\u00fa, Zona Sul de S\u00e3o Paulo, que sempre participa das sess\u00f5es organizadas na sede do Sindicato, e a EE Professor Leopoldo Santana, que fica no Cap\u00e3o Redondo, tamb\u00e9m Zona Sul, e pela primeira vez participou do projeto, al\u00e9m do Centro Integrado de Educa\u00e7\u00e3o de Jovens e Adultos (Cieja) de Perus, na Zona Norte, e a turma de Orienta\u00e7\u00e3o Comunit\u00e1ria do Sesc Aclima\u00e7\u00e3o, e tamb\u00e9m estudantes, professores, sindicalistas, integrantes de movimentos sociais e entidades parceiras do CineB.<\/p>\n<figure id=\"attachment_11858\" aria-describedby=\"caption-attachment-11858\" style=\"width: 831px\" class=\"wp-caption alignleft\"><a href=\"http:\/\/projetocineb.com.br\/wp-content\/uploads\/2019\/10\/SEEBSP_09OUT2019_@bx-33-de-85.jpg\"><img decoding=\"async\" class=\"size-full wp-image-11858\" src=\"http:\/\/projetocineb.com.br\/wp-content\/uploads\/2019\/10\/SEEBSP_09OUT2019_@bx-33-de-85.jpg\" alt=\"\" width=\"831\" height=\"552\" \/><\/a><figcaption id=\"caption-attachment-11858\" class=\"wp-caption-text\"><em>A abertura da sess\u00e3o no audit\u00f3rio Azul, com os professores da EE Herbert Baldus e Cieja Perus 1<\/em><\/figcaption><\/figure>\n<p>O audit\u00f3rio Amarelo, onde normalmente acontecem as sess\u00f5es (possui 80 poltronas e pode receber mais 20 cadeiras), ficou pequena para o p\u00fablico que compareceu. Foi preciso montar uma segunda sala no audit\u00f3rio Azul, com suas 110 poltronas e mais 40 cadeiras extras, al\u00e9m do audit\u00f3rio da Faculdade 28 de Agosto, que acomodou cerca de 60 pessoas. Muitos bra\u00e7os amigos, como a equipe da Secretaria de Organiza\u00e7\u00e3o e Suporte Administrativo do Sindicato, coordenada pela Ana Laura, a equipe de reda\u00e7\u00e3o e diagrama\u00e7\u00e3o do Sindicato e a equipe da Faculdade 28 de Agosto (Jaci e Jandira) foram fundamentais para que tudo funcionasse.<\/p>\n<p>Para o p\u00fablico, era s\u00f3 expectativa antes das exibi\u00e7\u00f5es. E elogios nos debates que aconteceram ap\u00f3s as apresenta\u00e7\u00f5es. Todo o processo foi comandado por Cid\u00e1lio Vieira Santos, que h\u00e1 quase 13 anos est\u00e1 \u00e0 frente do CineB. Kleber Oliveira, professor de hist\u00f3ria da EE Herbert Baldus, lembrou que o filme \u00e9 de extrema import\u00e2ncia para a forma\u00e7\u00e3o do jovem que mora nas periferias. \u201cO cinema brasileiro fica exposto, majoritariamente, para uma classe m\u00e9dia remediada e n\u00f3s, perif\u00e9ricos, acabamos n\u00e3o tendo acesso\u201d, salienta.<\/p>\n<figure id=\"attachment_11859\" aria-describedby=\"caption-attachment-11859\" style=\"width: 831px\" class=\"wp-caption alignleft\"><a href=\"http:\/\/projetocineb.com.br\/wp-content\/uploads\/2019\/10\/SEEBSP_09OUT2019_@bx-59-de-85.jpg\"><img loading=\"lazy\" decoding=\"async\" class=\"size-full wp-image-11859\" src=\"http:\/\/projetocineb.com.br\/wp-content\/uploads\/2019\/10\/SEEBSP_09OUT2019_@bx-59-de-85.jpg\" alt=\"\" width=\"831\" height=\"552\" \/><\/a><figcaption id=\"caption-attachment-11859\" class=\"wp-caption-text\"><em>Chegada dos alunos da EE Professor Leopoldo Santana ao Sindicato dos Banc\u00e1rios de S\u00e3o Paulo<\/em><\/figcaption><\/figure>\n<p>A professora de artes do Cieja Perus 1, Guivener Santos de Souza, que recebeu pela primeira vez o CineB neste m\u00eas (<a href=\"http:\/\/projetocineb.com.br\/?p=11830\">veja a mat\u00e9ria aqui<\/a>) conta que cerca de 20 alunos foram \u00e0 sess\u00e3o. \u201cN\u00e3o \u00e9 s\u00f3 o cinema ir at\u00e9 a escola, mas a possibilidade dos alunos poderem ocupar os espa\u00e7os de cultura do centro da cidade. Isso \u00e9 transformar as pessoas pela cultura\u201d, destaca.<\/p>\n<p>Mas n\u00e3o foram somente a professora e os alunos do Cieja que festejavam a participa\u00e7\u00e3o. Helder Miranda, diretor da EE Professor Leopoldo Santana, que foi \u00e0 exibi\u00e7\u00e3o acompanhado dos professores, destacou a possibilidade dos alunos de Cap\u00e3o Redondo \u201cterem acesso, pela primeira vez, a uma exibi\u00e7\u00e3o de cinema com a qualidade de &#8216;Bacurau&#8217;\u201d, comemora.<\/p>\n<p>No dia, a diretoria do Sindicato dos Banc\u00e1rios participava do 18\u00ba Congresso da Central \u00danica dos Trabalhadores, o CONCUT, na Praia Grande. Mesmo assim, diretores como Marcos Amaral e Willame Vieira de Lavor estiveram na abertura da sess\u00e3o do audit\u00f3rio Amarelo. O diretor de Cultura do Sindicato, Marcelo Gon\u00e7alves, que estava na cidade do litoral paulista, chegou a tempo de participar do debate no audit\u00f3rio Azul. \u201cEsse filme dialoga com a realidade brasileira, que possui um governo autorit\u00e1rio que tenta censurar a liberdade de express\u00e3o e acabar com os direitos dos trabalhares. &#8216;Bacurau&#8217; fala um pouco isso e abre o espa\u00e7o para o debate, para o di\u00e1logo, para a discuss\u00e3o\u201d, considera.<\/p>\n<figure id=\"attachment_11860\" aria-describedby=\"caption-attachment-11860\" style=\"width: 831px\" class=\"wp-caption alignleft\"><a href=\"http:\/\/projetocineb.com.br\/wp-content\/uploads\/2019\/10\/SEEBSP_09OUT2019_@bx-75-de-85.jpg\"><img loading=\"lazy\" decoding=\"async\" class=\"size-full wp-image-11860\" src=\"http:\/\/projetocineb.com.br\/wp-content\/uploads\/2019\/10\/SEEBSP_09OUT2019_@bx-75-de-85.jpg\" alt=\"\" width=\"831\" height=\"552\" \/><\/a><figcaption id=\"caption-attachment-11860\" class=\"wp-caption-text\"><em>O debate aconteceu com o p\u00fablico de cada um dos audit\u00f3rios<\/em><\/figcaption><\/figure>\n<p>Ao final das tr\u00eas sess\u00f5es o p\u00fablico ovacionou o filme. Nos debates aconteceram muitas manifesta\u00e7\u00f5es de aprova\u00e7\u00e3o e chamadas \u00e0 reflex\u00e3o e \u00e0 a\u00e7\u00e3o: \u201cuma porrada no est\u00f4mago\u201d, comentou Artur Oliveira Santos, estudante, que se prepara para o Enem. Para Andrei Augusto Ronc, historiadora da arte, o filme a deixou em \u201cestado de choque\u201d. \u00c9 necess\u00e1rio \u201cacordar dessa letargia que a gente foi cair, um buraco que foi caindo, caindo e que n\u00e3o vai sair dele individualmente. Vai sair junto, e essa for\u00e7a vir\u00e1 das classes mais baixas, dos movimentos sindicais, dos professores, dos estudantes, dos movimentos de luta negra, LGBT, mulheres\u201d, destaca.<\/p>\n<p>Roger Itokazu, professor de desenvolvimento social do Senac, disse que trouxe 12 alunos para \u201cfazer uma forma\u00e7\u00e3o ampla e pol\u00edtica neste momento em que os direitos sociais e as pol\u00edticas p\u00fablicas t\u00eam sido um grande alvo de desmonte por parte de interesses privados e financeiros. Estou agraciado pela iniciativa do Sindicato dos Banc\u00e1rios e do CineB&#8221;, finalizou. Durante toda a sess\u00e3o a reportagem conversou com representantes de entidades como a ONG Centro Social Santos Dias, ONG Juntos, Movimento Cultural da Penha, Coletivo Sociedade Civil Organizada (Soco) entre outras e estudantes, jornalistas, pesquisadores, professores, e pessoas que souberam da sess\u00e3o, n\u00e3o conheciam o projeto CineB, e tiveram a oportunidade de participar de uma sess\u00e3o muito especial.<\/p>\n<figure id=\"attachment_11861\" aria-describedby=\"caption-attachment-11861\" style=\"width: 831px\" class=\"wp-caption alignleft\"><a href=\"http:\/\/projetocineb.com.br\/wp-content\/uploads\/2019\/10\/SEEBSP_09OUT2019_@bx-82-de-85.jpg\"><img loading=\"lazy\" decoding=\"async\" class=\"size-full wp-image-11861\" src=\"http:\/\/projetocineb.com.br\/wp-content\/uploads\/2019\/10\/SEEBSP_09OUT2019_@bx-82-de-85.jpg\" alt=\"\" width=\"831\" height=\"552\" \/><\/a><figcaption id=\"caption-attachment-11861\" class=\"wp-caption-text\"><em>Marcelo Gon\u00e7alves, diretor de Cultura dos Banc\u00e1rios no debate que aconteceu no Audit\u00f3rio Azul<\/em><\/figcaption><\/figure>\n<p>Uma nova exibi\u00e7\u00e3o do longa-metragem \u201cBacurau\u201d, desta vez com o carro do CineB Solar, est\u00e1 marcada para acontecer no pr\u00f3ximo dia 1\u00ba de novembro, na Nova Palestina, ocupa\u00e7\u00e3o do Movimento dos Trabalhadores Sem Teto (MTST), com a presen\u00e7a do coordenador do movimento, o fil\u00f3sofo Guilherme Boulos. E quem sabe contaremos com a presen\u00e7a de Kleber Mendon\u00e7a Filho ou Juliano Dornelles para participar de um debate. O convite est\u00e1 feito. At\u00e9 a pr\u00f3xima sess\u00e3o!<\/p>\n<p><strong>SOBRE O CINEB SOLAR<\/strong><br \/>\nO CineB Solar \u00e9 um circuito itinerante de cinema realizado pelo Sindicato dos Banc\u00e1rios de S\u00e3o Paulo, Osasco e Regi\u00e3o e pela Brazucah Produ\u00e7\u00f5es. Desde 2007, o j\u00e1 atingiu um p\u00fablico superior a 66 mil espectadores em mais de 550 sess\u00f5es gratuitas realizadas em comunidades e universidades de S\u00e3o Paulo. A iniciativa busca democratizar o acesso ao cinema nacional e divulgar os filmes produzidos no Brasil. J\u00e1 foram exibidos na tela do CINEB mais de 130 longas-metragens e 80 curtas-metragens, al\u00e9m da realiza\u00e7\u00e3o de pr\u00e9-estreias exclusivas.<\/p>\n\t\t\t\n\t\t\t<!-- Blueimp gallery -->\n\t\t\t<div id=\"blueimp-gallery\" class=\"blueimp-gallery blueimp-gallery-controls\">\n\t\t\t\t<div class=\"slides\"><\/div>\n\t\t\t\t<h3 class=\"title\"><\/h3>\n\t\t\t\t<a class=\"prev\">\u2039<\/a>\n\t\t\t\t<a class=\"next\">\u203a<\/a>\n\t\t\t\t<a class=\"close\">\u00d7<\/a>\n\t\t\t\t<a class=\"play-pause\"><\/a>\n\t\t\t\t<ol class=\"indicator\"><\/ol>\n\t\t\t\t<div class=\"modal fade\">\n\t\t\t\t\t<div class=\"modal-dialog\">\n\t\t\t\t\t\t<div class=\"modal-content\">\n\t\t\t\t\t\t\t<div class=\"modal-header\">\n\t\t\t\t\t\t\t\t<button type=\"button\" class=\"close\" aria-hidden=\"true\">&times;<\/button>\n\t\t\t\t\t\t\t\t<h4 class=\"modal-title\"><\/h4>\n\t\t\t\t\t\t\t<\/div>\n\t\t\t\t\t\t\t<div class=\"modal-body next\"><\/div>\n\t\t\t\t\t\t\t<div class=\"modal-footer\">\n\t\t\t\t\t\t\t\t<button type=\"button\" class=\"btn btn-default pull-left prev\">\n\t\t\t\t\t\t\t\t\t<i class=\"glyphicon glyphicon-chevron-left\"><\/i>\n\t\t\t\t\t\t\t\t\tPrevious\t\t\t\t\t\t\t\t<\/button>\n\t\t\t\t\t\t\t\t<button type=\"button\" class=\"btn btn-primary next\">\n\t\t\t\t\t\t\t\t\tNext\t\t\t\t\t\t\t\t\t<i class=\"glyphicon glyphicon-chevron-right\"><\/i>\n\t\t\t\t\t\t\t\t<\/button>\n\t\t\t\t\t\t\t<\/div>\n\t\t\t\t\t\t<\/div>\n\t\t\t\t\t<\/div>\n\t\t\t\t<\/div>\n\t\t\t<\/div>\n\t\t\t<script type=\"text\/javascript\">\n\t\t\tjQuery(function() {\n\t\t\t\t\/\/ Set blueimp gallery options\n\t\t\t\tjQuery.extend(blueimp.Gallery.prototype.options, {\n\t\t\t\t\tuseBootstrapModal: false,\n\t\t\t\t\thidePageScrollbars: false\n\t\t\t\t});\n\t\t\t});\n\t\t\t<\/script>\n\t\t\t\n","protected":false},"excerpt":{"rendered":"<p>Foi uma sess\u00e3o hist\u00f3rica, que ocupou tr\u00eas audit\u00f3rios na sede do Sindicato dos Banc\u00e1rios de S\u00e3o Paulo em exibi\u00e7\u00e3o simult\u00e2nea.[&#8230;]<\/p>\n","protected":false},"author":3,"featured_media":12013,"comment_status":"open","ping_status":"open","sticky":false,"template":"","format":"standard","meta":[],"categories":[2,6],"tags":[123,237,240,252,431,440,712,725,781,1133],"_links":{"self":[{"href":"https:\/\/projetocineb.com.br\/index.php?rest_route=\/wp\/v2\/posts\/11853"}],"collection":[{"href":"https:\/\/projetocineb.com.br\/index.php?rest_route=\/wp\/v2\/posts"}],"about":[{"href":"https:\/\/projetocineb.com.br\/index.php?rest_route=\/wp\/v2\/types\/post"}],"author":[{"embeddable":true,"href":"https:\/\/projetocineb.com.br\/index.php?rest_route=\/wp\/v2\/users\/3"}],"replies":[{"embeddable":true,"href":"https:\/\/projetocineb.com.br\/index.php?rest_route=%2Fwp%2Fv2%2Fcomments&post=11853"}],"version-history":[{"count":0,"href":"https:\/\/projetocineb.com.br\/index.php?rest_route=\/wp\/v2\/posts\/11853\/revisions"}],"wp:featuredmedia":[{"embeddable":true,"href":"https:\/\/projetocineb.com.br\/index.php?rest_route=\/wp\/v2\/media\/12013"}],"wp:attachment":[{"href":"https:\/\/projetocineb.com.br\/index.php?rest_route=%2Fwp%2Fv2%2Fmedia&parent=11853"}],"wp:term":[{"taxonomy":"category","embeddable":true,"href":"https:\/\/projetocineb.com.br\/index.php?rest_route=%2Fwp%2Fv2%2Fcategories&post=11853"},{"taxonomy":"post_tag","embeddable":true,"href":"https:\/\/projetocineb.com.br\/index.php?rest_route=%2Fwp%2Fv2%2Ftags&post=11853"}],"curies":[{"name":"wp","href":"https:\/\/api.w.org\/{rel}","templated":true}]}}