{"id":11940,"date":"2019-11-14T14:37:23","date_gmt":"2019-11-14T16:37:23","guid":{"rendered":"http:\/\/projetocineb.com.br\/?p=11940"},"modified":"2019-11-14T14:37:23","modified_gmt":"2019-11-14T16:37:23","slug":"bacurau-na-ocupacao-nova-palestina-do-mtst","status":"publish","type":"post","link":"https:\/\/projetocineb.com.br\/?p=11940","title":{"rendered":"Bacurau na Ocupa\u00e7\u00e3o Nova Palestina"},"content":{"rendered":"<p><em>O CineB Solar esteve, na \u00faltima sexta-feira, 1\u00ba de novembro, na Ocupa\u00e7\u00e3o Vila Nova Palestina, do MTST, para exibir o longa-metragem Bacurau, de Kleber Mendon\u00e7a Filho e Juliano Dornelles. Ap\u00f3s a sess\u00e3o, ao ar livre, FurmigaDub e seu bando soltou o som.<\/em><\/p>\n<figure id=\"attachment_11944\" aria-describedby=\"caption-attachment-11944\" style=\"width: 1024px\" class=\"wp-caption alignleft\"><a href=\"http:\/\/projetocineb.com.br\/wp-content\/uploads\/2019\/11\/WhatsApp-Image-2019-11-02-at-12.35.20-1.jpeg\"><img fetchpriority=\"high\" decoding=\"async\" class=\"size-full wp-image-11944\" src=\"http:\/\/projetocineb.com.br\/wp-content\/uploads\/2019\/11\/WhatsApp-Image-2019-11-02-at-12.35.20-1.jpeg\" alt=\"\" width=\"1024\" height=\"576\" \/><\/a><figcaption id=\"caption-attachment-11944\" class=\"wp-caption-text\"><em>Nos preparativos para a sess\u00e3o, na Ocupa\u00e7\u00e3o Nova Palestina, Zona Sul de S\u00e3o Paulo<\/em><\/figcaption><\/figure>\n<p>Foi uma noite pra l\u00e1 de especial. A Ocupa\u00e7\u00e3o Vila Nova Palestina do Movimento dos Trabalhadores Sem Teto (MTST), localizada na regi\u00e3o do Jardim \u00c2ngela, Zona Sul de S\u00e3o Paulo, recebeu o CineB Solar para exibir \u201cBacurau\u201d, o atual\u00edssimo filme de Kleber Mendon\u00e7a Filho e Juliano Dornelles, que trata da luta e resist\u00eancia de um povoado no sert\u00e3o nordestino contra a viol\u00eancia que de repente ataca a comunidade.<\/p>\n<p>Bacurau est\u00e1 em cartaz no cinema comercial e foi liberado pela Vitrine Filmes para rodar o projeto no intuito de levar o cinema brasileiro e o debate \u00e0 popula\u00e7\u00e3o que n\u00e3o tem condi\u00e7\u00f5es de ir a uma sala de cinema. No dia 9 de outubro, Bacurau fez a estreia no CineB Solar com exibi\u00e7\u00e3o simult\u00e2nea em tr\u00eas audit\u00f3rios na sede do Sindicato dos Banc\u00e1rios (<a href=\"http:\/\/projetocineb.com.br\/?p=11853\">veja a mat\u00e9ria aqui<\/a>). E na \u00faltima sexta-feira, 1\u00ba de novembro, foi a atra\u00e7\u00e3o na maior ocupa\u00e7\u00e3o do MTST na cidade de S\u00e3o Paulo, que surgiu em 2013 e se tornou refer\u00eancia de luta e organiza\u00e7\u00e3o do povo por moradia e direitos sociais.<\/p>\n<figure id=\"attachment_11945\" aria-describedby=\"caption-attachment-11945\" style=\"width: 831px\" class=\"wp-caption alignleft\"><a href=\"http:\/\/projetocineb.com.br\/wp-content\/uploads\/2019\/11\/MTSTNP1NOV2019-6.jpg\"><img decoding=\"async\" class=\"size-full wp-image-11945\" src=\"http:\/\/projetocineb.com.br\/wp-content\/uploads\/2019\/11\/MTSTNP1NOV2019-6.jpg\" alt=\"\" width=\"831\" height=\"552\" \/><\/a><figcaption id=\"caption-attachment-11945\" class=\"wp-caption-text\"><em>Exibi\u00e7\u00e3o dos curtas enquanto o p\u00fablico chegava para a sess\u00e3o<\/em><\/figcaption><\/figure>\n<p>A sess\u00e3o reuniu uma multid\u00e3o. Quase 500 pessoas com suas cadeiras identificadas com o logo do CineB Solar ocuparam uma grande \u00e1rea em frente ao barrac\u00e3o da coordena\u00e7\u00e3o do MTST e de onde se destacava a enorme tela que transformou o espa\u00e7o numa sess\u00e3o de cinema ao ar livre e o ve\u00edculo respons\u00e1vel por captar e armazenar a energia solar que alimenta o sistema de som, proje\u00e7\u00e3o e ilumina\u00e7\u00e3o do projeto.<\/p>\n<p>Segundo o coordenador do CineB Solar, Cid\u00e1lio Vieira Santos, foi uma das maiores sess\u00f5es que o projeto j\u00e1 realizou em quase 13 anos de estrada e a segunda vez que esteve na Vila Nova Palestina. Na primeira, em 2018, foi exibido o filme \u201cEncantados\u201d de Tizuka Yamazaki (<a href=\"http:\/\/projetocineb.com.br\/?p=10969\">veja aqui como foi a sess\u00e3o<\/a>). \u201cEstivemos em v\u00e1rias ocupa\u00e7\u00f5es levando o cinema brasileiro para o povo que luta por moradia: primeiro foi em S\u00e3o Bernardo, na Ocupa\u00e7\u00e3o Povo Sem Medo, em 2016. Depois estivemos no Graja\u00fa, na Ocupa\u00e7\u00e3o Marielle Franco, na ocupa\u00e7\u00e3o em Cap\u00e3o Redondo e aqui por duas vezes. Mas hoje \u00e9 especial pelo tamanho da atividade e import\u00e2ncia por trazer um filme como esse para o povo da ocupa\u00e7\u00e3o conhecer\u201d, destaca.<\/p>\n<figure id=\"attachment_11947\" aria-describedby=\"caption-attachment-11947\" style=\"width: 1280px\" class=\"wp-caption alignleft\"><a href=\"http:\/\/projetocineb.com.br\/wp-content\/uploads\/2019\/11\/WhatsApp-Image-2019-11-02-at-12.37.16-1.jpeg\"><img decoding=\"async\" class=\"size-full wp-image-11947\" src=\"http:\/\/projetocineb.com.br\/wp-content\/uploads\/2019\/11\/WhatsApp-Image-2019-11-02-at-12.37.16-1.jpeg\" alt=\"\" width=\"1280\" height=\"853\" \/><\/a><figcaption id=\"caption-attachment-11947\" class=\"wp-caption-text\"><em>Cynthia Alario, Jussara Basso, Cid\u00e1lio Vieira e Guilherme Boulos na abertura da sess\u00e3o<\/em><\/figcaption><\/figure>\n<p>A diretora da Brazucah Produ\u00e7\u00f5es, Cynthia Alario, respons\u00e1vel por implantar, no Brasil, a ideia de exibir sess\u00f5es de cinema atrav\u00e9s da energia solar, lembrou que o direito \u00e0 cultura \u00e9 um princ\u00edpio fundamental do ser humano. \u201cA arte faz parte do nosso sonho, do nosso pensar e o CineB Solar contribui para isso. Hoje a gente re\u00fane aqui cinema, poesia, literatura, m\u00fasica, cultura tradicional, pensando as linguagens art\u00edsticas dentro de uma a\u00e7\u00e3o maior.\u201d Antes do filme principal, foram exibidos dois curta metragens: \u201cF\u00e1bula de V\u00f3 Ita\u201d, dirigida por Joyce Prado e Tallita Oshiro Meireles, e \u201cMestre da Parahyba: Dona Edite e Caiana dos Crioulos\u201d, produzido pelo FurmigaDub e seu bando para o projeto Rumos do Ita\u00fa Cultural.<\/p>\n<p>Segundo Guilherme Boulos, coordenador nacional do MTST, que participou da abertura da sess\u00e3o ao lado de Santos, Cynthia e da coordenadora estadual do MTST, Jussara Basso, ter um projeto como o CineB Solar \u00e9 essencial diante da aus\u00eancia do poder p\u00fablico, sobretudo nas periferias, onde espa\u00e7os de lazer e de cultura s\u00e3o praticamente ausentes. \u201cEssa parceria com os movimentos sociais, vindo aqui para a ocupa\u00e7\u00e3o no fund\u00e3o do Jardim \u00c2ngela, passar um filem como Bacurau, \u00e9 um baita exemplo, uma parceria que a gente tem que aprofundar ainda mais, porque tem muita gente aqui que nunca entrou numa sala de cinema, muita gente daqui que certamente n\u00e3o teria a menor oportunidade de assistir Bacurau se n\u00e3o fosse aqui, no CineB Solar na Nova Palestina, ent\u00e3o vale muito a pena.\u201d<\/p>\n<figure id=\"attachment_11948\" aria-describedby=\"caption-attachment-11948\" style=\"width: 1280px\" class=\"wp-caption alignleft\"><a href=\"http:\/\/projetocineb.com.br\/wp-content\/uploads\/2019\/11\/WhatsApp-Image-2019-11-02-at-12.37.17-3.jpeg\"><img loading=\"lazy\" decoding=\"async\" class=\"size-full wp-image-11948\" src=\"http:\/\/projetocineb.com.br\/wp-content\/uploads\/2019\/11\/WhatsApp-Image-2019-11-02-at-12.37.17-3.jpeg\" alt=\"\" width=\"1280\" height=\"853\" \/><\/a><figcaption id=\"caption-attachment-11948\" class=\"wp-caption-text\"><em>Uma das maiores sess\u00f5es nos 12 anos do CineB<\/em><\/figcaption><\/figure>\n<p>Boulos comentou, na abertura da sess\u00e3o, que S\u00f4nia Braga, que dos EUA mandou um recado especial para o p\u00fablico exibido nas telas do CineB Solar antes do filme, ligou para ele lembrando que quando foi gravar Bacurau no povoado da Barra, em Rio Grande do Norte, sentiu muita coisa parecido com a visita que tinha feito na Ocupa\u00e7\u00e3o Povo Sem Medo, em S\u00e3o Bernardo do Campo, h\u00e1 dois anos. \u201cEla pediu para lembrar a hist\u00f3ria desse povoado e de tantos nordestinos e nordestinas desse pa\u00eds que historicamente sofreram com a fome, sofreram com a seca e que, lamentavelmente, com esse governo que a gente vive nesse pa\u00eds, voltaram a sofrer\u201d, destacou.<\/p>\n<p>S\u00f4nia Braga, que tamb\u00e9m atuou em outro filme de Mendon\u00e7a Filho, \u201cAquarius\u201d, que o CineB Solar exibiu em 2018, elogiou a iniciativa do projeto. \u201cParab\u00e9ns pela linda noite! E obrigada por organizar este evento. Se eu estivesse no Brasil iria com certeza\u201d, escreveu no Instagram de Cid\u00e1lio Santos. Tamb\u00e9m o ator Thom\u00e1s Aquino, deixou seu recado em uma mensagem exibida antes do filme.<\/p>\n<p>O p\u00fablico, que n\u00e3o parou de chegar mesmo durante a exibi\u00e7\u00e3o, aplaudiu o filme em v\u00e1rios momentos e ovacionou, ao final, por v\u00e1rios minutos, a obra que vem se tornando um marco da cinematografia nacional. \u201cTrazer o cinema para a periferia, e ainda mais dentro de uma ocupa\u00e7\u00e3o aonde jovens, adultos e crian\u00e7as est\u00e3o t\u00e3o ausentes da conviv\u00eancia com a arte. O trabalho do CineB Solar \u00e9 extraordin\u00e1rio\u201d, elogiou Jussara Basso, uma das coordenadoras da ocupa\u00e7\u00e3o.<\/p>\n<figure id=\"attachment_11949\" aria-describedby=\"caption-attachment-11949\" style=\"width: 2250px\" class=\"wp-caption alignleft\"><a href=\"http:\/\/projetocineb.com.br\/wp-content\/uploads\/2019\/11\/MTSTNP1NOV2019_@DaniloRamos-34.jpg\"><img loading=\"lazy\" decoding=\"async\" class=\"size-full wp-image-11949\" src=\"http:\/\/projetocineb.com.br\/wp-content\/uploads\/2019\/11\/MTSTNP1NOV2019_@DaniloRamos-34.jpg\" alt=\"\" width=\"2250\" height=\"1500\" \/><\/a><figcaption id=\"caption-attachment-11949\" class=\"wp-caption-text\"><em>Alli Willow, atriz de Bacurau, respondeu perguntas do p\u00fablico<\/em><\/figcaption><\/figure>\n<p>A sess\u00e3o contou com a presen\u00e7a da atriz Alli Willow, que faz o papel de uma gringa que integra o grupo de estrangeiros que pretende atacar o povoado. Alli, que mora em S\u00e3o Paulo e fez a s\u00e9rie \u201cO escolhido\u201d na Netflix, entre outras obras, respondeu perguntas do p\u00fablico, tirou selfies e conheceu o ve\u00edculo e o sistema de capta\u00e7\u00e3o solar do projeto. \u201cO cinema \u00e9 o povo, \u00e9 a plateia. Um filme desse, de resist\u00eancia, precisa atingir quem est\u00e1 representado nele. Ent\u00e3o \u00e9 important\u00edssimo uma sess\u00e3o como essa\u201d, avaliou.<\/p>\n<p>Para Luiz Cl\u00e1udio Marcolino, idealizador do CineB quando era presidente do Sindicato dos Banc\u00e1rios de S\u00e3o Paulo, Osasco e regi\u00e3o, e atual diretor da Confedera\u00e7\u00e3o dos Trabalhadores do Ramo Financeiro (Contraf), Bacurau demonstra um pouco da domina\u00e7\u00e3o americana sobre o mundo,\u201dcomo se a vida do ser humano, da popula\u00e7\u00e3o mais pobre e esquecida do nosso pa\u00eds, n\u00e3o valesse nada. Ao se organizar e resistir, o povo sobrevive e d\u00e1 a volta por cima. As pessoas que est\u00e3o sendo massacradas pelos norte-americanos, pelo neoliberalismo, uma hora v\u00e3o dar a volta por cima\u201d, reflete.<\/p>\n<figure id=\"attachment_11950\" aria-describedby=\"caption-attachment-11950\" style=\"width: 2250px\" class=\"wp-caption alignleft\"><a href=\"http:\/\/projetocineb.com.br\/wp-content\/uploads\/2019\/11\/MTSTNP1NOV2019_@DaniloRamos-39.jpg\"><img loading=\"lazy\" decoding=\"async\" class=\"size-full wp-image-11950\" src=\"http:\/\/projetocineb.com.br\/wp-content\/uploads\/2019\/11\/MTSTNP1NOV2019_@DaniloRamos-39.jpg\" alt=\"\" width=\"2250\" height=\"1500\" \/><\/a><figcaption id=\"caption-attachment-11950\" class=\"wp-caption-text\"><em>Fabiano Formiga e Davi Neves, do FurmidaDub e seu banco<\/em><\/figcaption><\/figure>\n<p>Foram in\u00fameras as manifesta\u00e7\u00f5es de elogio ao filme e ao CineB Solar ao final da exibi\u00e7\u00e3o. Enquanto Fabiano Formiga e Davi Neves se apresentavam e o historiador e professor da escola p\u00fablica em Itapevi, Igor Martins Fontes, recitava um poema de Jo\u00e3o Cabral de Melo Neto, o p\u00fablico conheceu o sistema de energia solar que alimentou toda a exibi\u00e7\u00e3o por mais de duas horas.<\/p>\n<p>Adimar Paudiro, que trabalha com gesso, e Clarice Pinheiro, dom\u00e9stica, que moram no acampamento h\u00e1 seis anos, e estavam acompanhados das filhas, aprovaram o filme: \u201cmostra os problemas que a gente vive\u201d, disse Clarice. J\u00e1 Edivaldo Chagas Alves, promotor de vendas, acompanhado da esposa Maria das Gra\u00e7as e do filho Daniel Alves, moradores da ocupa\u00e7\u00e3o desde o in\u00edcio, estavam numa sess\u00e3o do CineB Solar pela segunda vez. \u201cAchei o filme \u00f3timo, e toda vez que tiver, vou estar presente\u201d, pontuou.<\/p>\n<figure id=\"attachment_11951\" aria-describedby=\"caption-attachment-11951\" style=\"width: 1280px\" class=\"wp-caption alignleft\"><a href=\"http:\/\/projetocineb.com.br\/wp-content\/uploads\/2019\/11\/WhatsApp-Image-2019-11-02-at-12.37.17-2.jpeg\"><img loading=\"lazy\" decoding=\"async\" class=\"size-full wp-image-11951\" src=\"http:\/\/projetocineb.com.br\/wp-content\/uploads\/2019\/11\/WhatsApp-Image-2019-11-02-at-12.37.17-2.jpeg\" alt=\"\" width=\"1280\" height=\"876\" \/><\/a><figcaption id=\"caption-attachment-11951\" class=\"wp-caption-text\"><em>Boulos e Alli conhecem a van do projeto com Cid\u00e1lio e Cynthia<\/em><\/figcaption><\/figure>\n<p>Foi o caso de Maria Creuza, da ocupa\u00e7\u00e3o do MTST do Cap\u00e3o Redondo, que foi festejar seu anivers\u00e1rio durante a sess\u00e3o na Nova Palestina: \u201cQuando voc\u00eas estiveram l\u00e1 foi maravilhoso e eu estou aqui hoje porque gosto do projeto, quero ver ele novamente l\u00e1 no Cap\u00e3o\u201d, cobrou. Para n\u00f3s, do CineB Solar, foi um grande prazer estar mais uma vez com esse povo t\u00e3o lindo e sem medo, que luta por seus direitos e por um pa\u00eds mais justo. Que possamos levar muitos filmes como \u201cBacurau\u201d para todas as ocupa\u00e7\u00f5es do MTST e para todos aqueles lugares onde tem gente com sede de cultura e de justi\u00e7a, que vivem para transformar a vida do povo brasileiro. At\u00e9 a pr\u00f3xima ocupa\u00e7\u00e3o!<\/p>\n<figure id=\"attachment_11952\" aria-describedby=\"caption-attachment-11952\" style=\"width: 1280px\" class=\"wp-caption alignleft\"><a href=\"http:\/\/projetocineb.com.br\/wp-content\/uploads\/2019\/11\/WhatsApp-Image-2019-11-02-at-12.37.18.jpeg\"><img loading=\"lazy\" decoding=\"async\" class=\"size-full wp-image-11952\" src=\"http:\/\/projetocineb.com.br\/wp-content\/uploads\/2019\/11\/WhatsApp-Image-2019-11-02-at-12.37.18.jpeg\" alt=\"\" width=\"1280\" height=\"853\" \/><\/a><figcaption id=\"caption-attachment-11952\" class=\"wp-caption-text\"><em>Bacurau \u00e9 aqui!<\/em><\/figcaption><\/figure>\n<p><strong>SOBRE O CINEB SOLAR<\/strong><br \/>\nO CineB Solar \u00e9 um circuito itinerante de cinema realizado pelo Sindicato dos Banc\u00e1rios de S\u00e3o Paulo, Osasco e Regi\u00e3o e pela Brazucah Produ\u00e7\u00f5es. Desde 2007, o j\u00e1 atingiu um p\u00fablico superior a 66 mil espectadores em mais de 550 sess\u00f5es gratuitas realizadas em comunidades e universidades de S\u00e3o Paulo. A iniciativa busca democratizar o acesso ao cinema nacional e divulgar os filmes produzidos no Brasil. J\u00e1 foram exibidos na tela do CINEB mais de 130 longas-metragens e 80 curtas-metragens, al\u00e9m da realiza\u00e7\u00e3o de pr\u00e9-estreias exclusivas.<\/p>\n<p>Texto: Carlos Rizzo. Fotos Danilo Ramos e\u00a0Paulo Perez (drone)<\/p>\n\t\t\t\n\t\t\t<!-- Blueimp gallery -->\n\t\t\t<div id=\"blueimp-gallery\" class=\"blueimp-gallery blueimp-gallery-controls\">\n\t\t\t\t<div class=\"slides\"><\/div>\n\t\t\t\t<h3 class=\"title\"><\/h3>\n\t\t\t\t<a class=\"prev\">\u2039<\/a>\n\t\t\t\t<a class=\"next\">\u203a<\/a>\n\t\t\t\t<a class=\"close\">\u00d7<\/a>\n\t\t\t\t<a class=\"play-pause\"><\/a>\n\t\t\t\t<ol class=\"indicator\"><\/ol>\n\t\t\t\t<div class=\"modal fade\">\n\t\t\t\t\t<div class=\"modal-dialog\">\n\t\t\t\t\t\t<div class=\"modal-content\">\n\t\t\t\t\t\t\t<div class=\"modal-header\">\n\t\t\t\t\t\t\t\t<button type=\"button\" class=\"close\" aria-hidden=\"true\">&times;<\/button>\n\t\t\t\t\t\t\t\t<h4 class=\"modal-title\"><\/h4>\n\t\t\t\t\t\t\t<\/div>\n\t\t\t\t\t\t\t<div class=\"modal-body next\"><\/div>\n\t\t\t\t\t\t\t<div class=\"modal-footer\">\n\t\t\t\t\t\t\t\t<button type=\"button\" class=\"btn btn-default pull-left prev\">\n\t\t\t\t\t\t\t\t\t<i class=\"glyphicon glyphicon-chevron-left\"><\/i>\n\t\t\t\t\t\t\t\t\tPrevious\t\t\t\t\t\t\t\t<\/button>\n\t\t\t\t\t\t\t\t<button type=\"button\" class=\"btn btn-primary next\">\n\t\t\t\t\t\t\t\t\tNext\t\t\t\t\t\t\t\t\t<i class=\"glyphicon glyphicon-chevron-right\"><\/i>\n\t\t\t\t\t\t\t\t<\/button>\n\t\t\t\t\t\t\t<\/div>\n\t\t\t\t\t\t<\/div>\n\t\t\t\t\t<\/div>\n\t\t\t\t<\/div>\n\t\t\t<\/div>\n\t\t\t<script type=\"text\/javascript\">\n\t\t\tjQuery(function() {\n\t\t\t\t\/\/ Set blueimp gallery options\n\t\t\t\tjQuery.extend(blueimp.Gallery.prototype.options, {\n\t\t\t\t\tuseBootstrapModal: false,\n\t\t\t\t\thidePageScrollbars: false\n\t\t\t\t});\n\t\t\t});\n\t\t\t<\/script>\n\t\t\t\n","protected":false},"excerpt":{"rendered":"<p>O CineB Solar esteve, na \u00faltima sexta-feira, 1\u00ba de novembro, na Ocupa\u00e7\u00e3o Vila Nova Palestina, do MTST, para exibir o[&#8230;]<\/p>\n","protected":false},"author":3,"featured_media":11943,"comment_status":"open","ping_status":"open","sticky":false,"template":"","format":"standard","meta":[],"categories":[2,6],"tags":[123,154,237,255,585,712,717,724,760,831,879,1133,1144],"_links":{"self":[{"href":"https:\/\/projetocineb.com.br\/index.php?rest_route=\/wp\/v2\/posts\/11940"}],"collection":[{"href":"https:\/\/projetocineb.com.br\/index.php?rest_route=\/wp\/v2\/posts"}],"about":[{"href":"https:\/\/projetocineb.com.br\/index.php?rest_route=\/wp\/v2\/types\/post"}],"author":[{"embeddable":true,"href":"https:\/\/projetocineb.com.br\/index.php?rest_route=\/wp\/v2\/users\/3"}],"replies":[{"embeddable":true,"href":"https:\/\/projetocineb.com.br\/index.php?rest_route=%2Fwp%2Fv2%2Fcomments&post=11940"}],"version-history":[{"count":0,"href":"https:\/\/projetocineb.com.br\/index.php?rest_route=\/wp\/v2\/posts\/11940\/revisions"}],"wp:featuredmedia":[{"embeddable":true,"href":"https:\/\/projetocineb.com.br\/index.php?rest_route=\/wp\/v2\/media\/11943"}],"wp:attachment":[{"href":"https:\/\/projetocineb.com.br\/index.php?rest_route=%2Fwp%2Fv2%2Fmedia&parent=11940"}],"wp:term":[{"taxonomy":"category","embeddable":true,"href":"https:\/\/projetocineb.com.br\/index.php?rest_route=%2Fwp%2Fv2%2Fcategories&post=11940"},{"taxonomy":"post_tag","embeddable":true,"href":"https:\/\/projetocineb.com.br\/index.php?rest_route=%2Fwp%2Fv2%2Ftags&post=11940"}],"curies":[{"name":"wp","href":"https:\/\/api.w.org\/{rel}","templated":true}]}}