{"id":12026,"date":"2019-11-14T17:37:37","date_gmt":"2019-11-14T19:37:37","guid":{"rendered":"http:\/\/projetocineb.com.br\/?p=12026"},"modified":"2019-11-14T17:37:37","modified_gmt":"2019-11-14T19:37:37","slug":"vem-ai-o-8o-premio-cineb-solar","status":"publish","type":"post","link":"https:\/\/projetocineb.com.br\/?p=12026","title":{"rendered":"Vem a\u00ed o 8\u00ba Pr\u00eamio CineB Solar"},"content":{"rendered":"<p><em>A Brazucah Produ\u00e7\u00f5es e o Sindicato dos Banc\u00e1rios de S\u00e3o Paulo, Osasco e Regi\u00e3o realizam, em 26\/11, a entrega do 8\u00ba Pr\u00eamio CineB Solar do Cinema Brasileiro, valorizando produtores e comunidades que exibiram os filmes do projeto nos \u00faltimos tr\u00eas anos. Guta Stresser, a Bebel da \u201cGrande Fam\u00edlia\u201d vai ser a mestre de cerim\u00f4nia.<\/em><\/p>\n<figure id=\"attachment_12031\" aria-describedby=\"caption-attachment-12031\" style=\"width: 4288px\" class=\"wp-caption alignnone\"><a href=\"http:\/\/projetocineb.com.br\/wp-content\/uploads\/2019\/11\/PremionoMTST.jpg\"><img fetchpriority=\"high\" decoding=\"async\" class=\"size-full wp-image-12031\" src=\"http:\/\/projetocineb.com.br\/wp-content\/uploads\/2019\/11\/PremionoMTST.jpg\" alt=\"\" width=\"4288\" height=\"2848\" \/><\/a><figcaption id=\"caption-attachment-12031\" class=\"wp-caption-text\"><em>O Pr\u00eamio vai homenagear produtores dos filmes, entidades e movimentos sociais que receberam o CineB Solar<\/em><\/figcaption><\/figure>\n<p>\u00c9 a festa Lado B do cinema brasileiro. B de Banc\u00e1rios, B de Brazucah e B de Brasil. Com tapete vermelho, trof\u00e9u e muita comemora\u00e7\u00e3o e homenagens, acontece, no pr\u00f3ximo dia 26 de novembro, a partir das 19 horas, no Caf\u00e9 dos Banc\u00e1rio, no charmoso pr\u00e9dio Martinelli, sede do Sindicato dos Banc\u00e1rios de S\u00e3o Paulo, Osasco e Regi\u00e3o, Centro de S\u00e3o Paulo, mais um Pr\u00eamio CineB Solar do Cinema Brasileiro. O pr\u00eamio foi criado para valorizar todos aqueles que se envolveram com o CineB Solar, um dos mais importantes projetos de democratiza\u00e7\u00e3o do cinema brasileiro, sejam produtores, de longa ou curta-metragens, sejam as comunidades, que abrem seus espa\u00e7os para que o projeto leve o melhor do cinema brasileiro para quem n\u00e3o tem condi\u00e7\u00f5es ou h\u00e1bito de ir a uma sala de cinema ver um filme nacional.<\/p>\n<p>A 8\u00aa edi\u00e7\u00e3o vai ter a atriz Guta Stresser, a Bebel da s\u00e9rie \u201cA Grande Fam\u00edlia\u201d, como a mestre de cerim\u00f4nias. Ela vai conduzir a premia\u00e7\u00e3o de 33 longa-metragens, XX curta-metragens, e 45 entidades, entre associa\u00e7\u00f5es, comunidades religiosas, escolas, organiza\u00e7\u00f5es n\u00e3o-governamentais, ocupa\u00e7\u00f5es e universidades que, desde 2017, abriram suas portas para receber o CineB Solar. Desde 2018, o projeto vai at\u00e9 as comunidades com um carro adaptado que capta e armazena energia solar, utilizada para alimentar o projetor, sistemas de som e ilumina\u00e7\u00e3o das exibi\u00e7\u00f5es.<\/p>\n<figure id=\"attachment_12032\" aria-describedby=\"caption-attachment-12032\" style=\"width: 1500px\" class=\"wp-caption alignnone\"><a href=\"http:\/\/projetocineb.com.br\/wp-content\/uploads\/2019\/11\/entretenimento-guta-stresser-20170417-0002.jpg\"><img decoding=\"async\" class=\"size-full wp-image-12032\" src=\"http:\/\/projetocineb.com.br\/wp-content\/uploads\/2019\/11\/entretenimento-guta-stresser-20170417-0002.jpg\" alt=\"\" width=\"1500\" height=\"1000\" \/><\/a><figcaption id=\"caption-attachment-12032\" class=\"wp-caption-text\"><em>Guga Stresser, a Bebel da Grande Fam\u00edlia vai ser a mestre de cerim\u00f4nias<\/em><\/figcaption><\/figure>\n<p>Importantes filmes dos \u00faltimos anos do cinema brasileiro est\u00e3o entre os premiados, como \u201cBacurau\u201d, \u201cBenzinho\u201d, \u201cQue Horas Ela Volta?\u201d, \u201cEra o Hotel Cambridge\u201d entre outros. At\u00e9 agora confirmaram presen\u00e7a diversos atores e diretores dos filmes: Thom\u00e1s Aquino, e Thardelly Lima, do elenco de \u201cBacurau\u201d; Paulo Pepe, diretor de fotografia de \u201cBienvenidos a Buena Vista\u201d; Willem Dias, montador de \u201cCausando na Rua\u201d; Leonardo Brant e Graziela Mantoanelli, diretor e roteirista de \u201cComer O Qu\u00ea?\u201d; Ricardo Carvalho, diretor de Coragem \u2013 As Muitas Vidas deo Cardeal Dom Paulo Evaristo Arns; Felipe Kurk e Rodolfo Amaral, diretores de \u201cDetox\u201d; F\u00e1bio Zavelli e Hugo Prata, produtor e diretor do filme \u201cElis\u201d; Amaurih Oliveira e Regina Braga, do elenco do filme \u201cIrm\u00e3 Dulce\u201d; Newton Cannito, diretor de \u201cMagal e os Formigas\u201d, F\u00e1bio Nunez e Adriana Alves, diretor e entrevistada do document\u00e1rio \u201cNega Que \u00c9 Nega N\u00e3o Nega Ser Nega N\u00e3o\u201d; Beto Brant, diretor de \u201cPitanga\u201d; Osmar Koxne, diretor de \u201cPor Amor aos Pobres, A Voca\u00e7\u00e3o de Santo An\u00edbal\u201d; Denis Feij\u00e3o, produtor de \u201cPor Tr\u00e1s do C\u00e9u\u201d e \u201cSabotage\u201d; Dandara Pagu, representando Anna Muylaert, diretora de \u201cQue Horas Ela Volta?\u201d; Mauro D\u2019Addio, diretor de \u201cSobre Rodas\u201d; Rafaella Costa, produtora de \u201cSequestro Rel\u00e2mpago\u201d; Ivan Vale, diretor de \u201cSabotage\u201d e Gabriel Bitar e Gustavo Steinberg, diretores de \u201cTito e os P\u00e1ssaros\u201d.<\/p>\n<figure id=\"attachment_12033\" aria-describedby=\"caption-attachment-12033\" style=\"width: 828px\" class=\"wp-caption alignnone\"><a href=\"http:\/\/projetocineb.com.br\/wp-content\/uploads\/2019\/11\/IMG_3610.jpg\"><img decoding=\"async\" class=\"size-full wp-image-12033\" src=\"http:\/\/projetocineb.com.br\/wp-content\/uploads\/2019\/11\/IMG_3610.jpg\" alt=\"\" width=\"828\" height=\"552\" \/><\/a><figcaption id=\"caption-attachment-12033\" class=\"wp-caption-text\"><em>O CineB Solar j\u00e1 atingiu 70 mil pessoas em mais de 550 exibi\u00e7\u00f5es<\/em><\/figcaption><\/figure>\n<p>O diretor de \u201cBacurau\u201d, Kleber Mendon\u00e7a Filho, em viagem para promover o filme, j\u00e1 enviou mensagem por conta de sua aus\u00eancia: \u201cobrigado pelo convite, eu estive a\u00ed no ano de \u2018Aquarius\u2019, em 2016. Desta vez, n\u00e3o consigo marcar presen\u00e7a por conta das viagens ao exterior. \u00c9 uma honra ter exibido o filme no Sindicato dos Banc\u00e1rios e no MTST. Acompanhei a sess\u00e3o via fotos e relatos\u201d.<br \/>\nA cada edi\u00e7\u00e3o do Pr\u00eamio, um artista de destaque ou que tenha se envolvido com alguma das produ\u00e7\u00f5es exibidas durante a temporada \u00e9 convidado para comandar a premia\u00e7\u00e3o, que oferece um trof\u00e9u, produzido exclusivamente para o evento, a cada um dos indicados. Em 2016, a \u00faltima vez que aconteceu o Pr\u00eamio, a cerim\u00f4nia foi apresentada pelo ator A\u00edlton Gra\u00e7a. Nos anos anteriores, contamos com a participa\u00e7\u00e3o do ator Caio Blat (2015), do cantor e humorista Falc\u00e3o (2014), da cantora e atriz Negra Li (2013), das atrizes Luc\u00e9lia Santos e Gorete Milagres (2012), do ator Caco Ciocler (2011) e do rapper Tha\u00edde (2010).<\/p>\n<p>Para Cid\u00e1lio Vieira Santos, coordenador do projeto desde sua cria\u00e7\u00e3o, em 2007, O Pr\u00eamio CineB Solar do Cinema Brasileiro \u00e9 uma oportunidade \u00fanica para os realizadores e as comunidades que receberam os filmes exibidos pelo projeto \u201cse conhecerem e confraternizarem. Essa festa t\u00eam a miss\u00e3o de unir as duas pontas do mercado do cinema, quem faz e quem assiste, mas tem, sobretudo, o papel de mostrar a import\u00e2ncia do cinema nacional e a defesa da nossa cultura, que vem sendo atacada e vilipendiada nos \u00faltimos tempos\u201d, destaca.<\/p>\n<p><strong>FILMES PREMIADOS<\/strong><br \/>\n<em><strong>A Menina \u00cdndigo<\/strong><\/em>, de Wagner de Assis<br \/>\n<em><strong>Bacurau<\/strong><\/em>, de Kleber Mendon\u00e7a Filho, Juliano Dornelles<br \/>\n<em><strong>Benzinho<\/strong><\/em>, de Gustavo Pizzi<br \/>\n<em><strong>Bienvenidos a Boa Vista<\/strong><\/em>, de Elisangela Cordeiro<br \/>\n<em><strong>Causando na Rua<\/strong><\/em>, de Tata Amaral<br \/>\n<em><strong>Cidade Cinza<\/strong><\/em>, de Marcelo Mesquita, Guilherme Valiengo<br \/>\n<em><strong>Comer O Qu\u00ea?<\/strong><\/em>, de Leonardo Brant<br \/>\n<em><strong>Coragem &#8211; As Muitas Vidas Do Cardeal Dom Paulo Evaristo Arns<\/strong><\/em>, de Ricardo Carvalho<br \/>\n<em><strong>Democracia em Vertigem<\/strong><\/em>, de Petra Costa<br \/>\n<em><strong>Detetives do Pr\u00e9dio Azul<\/strong><\/em>, de Andr\u00e9 Pellenz<br \/>\n<em><strong>Detox<\/strong><\/em>, de Felipe Kurc, Rodolfo Amaral<br \/>\n<em><strong>Dom\u00e9stica<\/strong><\/em>, de Gabriel Mascaro<br \/>\n<em><strong>Elis<\/strong><\/em>, de Hugo Prata<br \/>\n<em><strong>Encantados<\/strong><\/em>, de Tizuka Yamazaki<br \/>\n<em><strong>Era o Hotel Cambridge<\/strong><\/em>, de Eliane Caff\u00e9<br \/>\n<em><strong>Fios de Alta Tens\u00e3o<\/strong><\/em>, de S\u00e9rgio Gag<br \/>\n<em><strong>Irm\u00e3 Dulce<\/strong><\/em>, de Vicente Amorim<br \/>\n<em><strong>Jo\u00e3o, o Maestro<\/strong><\/em>, de Mauro Lima<br \/>\n<em><strong>Jonas e o Circo Sem Lona<\/strong><\/em>, de Paula Gomes<br \/>\n<em><strong>Made In China<\/strong><\/em>, de Estev\u00e3o Ciavatta<br \/>\n<em><strong>Magal e os Formigas<\/strong><\/em>, de Newton Cannito<br \/>\n<em><strong>Nega Que \u00c9 Nega N\u00e3o Nega Ser Nega N\u00e3o<\/strong><\/em>, de F\u00e1bio Nunez<br \/>\n<em><strong>O Olho e a Faca<\/strong><\/em>, de Paulo Sacramento<br \/>\n<em><strong>Pequeno Segredo<\/strong><\/em>, de David Schurmann<br \/>\n<em><strong>Pitanga<\/strong><\/em>, de Beto Brant<br \/>\n<em><strong>Por Amor aos Pobres &#8211; A Voca\u00e7\u00e3o de Santo An\u00edbal<\/strong><\/em>, de Osmar Koxne<br \/>\n<em><strong>Por Tr\u00e1s do C\u00e9u<\/strong><\/em>, de Caio S\u00f3h<br \/>\n<em><strong>Que Horas Ela Volta?<\/strong><\/em>, de Anna Muylaert<br \/>\n<em><strong>Redemoinho<\/strong><\/em>, de Jos\u00e9 Luiz Villamarim<br \/>\n<em><strong>Sabotage<\/strong><\/em>, de Ivan 13P<br \/>\n<em><strong>Sequestro Rel\u00e2mpago<\/strong><\/em>, de Tata Amaral<br \/>\n<em><strong>Shaolin do Sert\u00e3o<\/strong><\/em>, de Halder Gomes<br \/>\n<em><strong>Sobre Rodas<\/strong><\/em>, de Mauro D&#8217;Addio<br \/>\n<em><strong>Tito e os P\u00e1ssaros<\/strong><\/em>, de Gustavo Steinberg<\/p>\n<p><strong>ENTIDADES PREMIADAS<\/strong><br \/>\n<strong>Centro<\/strong><br \/>\nOcupa\u00e7\u00e3o 9 de Julho<\/p>\n<p><em><strong>Regi\u00e3o Leste<\/strong><\/em><br \/>\nAssocia\u00e7\u00e3o de Moradores de Vila Rica<br \/>\nCCA Juntos II<br \/>\nEscola Maria Cecilia da Silva Grohmann<br \/>\nMovimento Cultural da Penha<br \/>\nNCI Jos\u00e9 Bonif\u00e1cio<br \/>\nONG Juntos<br \/>\nPar\u00f3quia Cristo Ressuscitado<br \/>\nProjeto Cultural Educacional Novo Pantanal (Procedu)<br \/>\nSantu\u00e1rio Nossa Senhora da Paz<\/p>\n<p><em><strong>Regi\u00e3o Norte<\/strong><\/em><br \/>\nCieja Perus<\/p>\n<p><em><strong>Regi\u00e3o Oeste<\/strong><\/em><br \/>\nCCA Vila Anglo<br \/>\nComunidade City Jaragu\u00e1<br \/>\nInstituto Pared\u00e3o<br \/>\nInstituto Rogacionista<br \/>\nPar\u00f3quia Nossa Senhora de Lourdes<br \/>\nPar\u00f3quia S\u00e3o Jos\u00e9 do Jaguar\u00e9<br \/>\nPar\u00f3quia Natividade do Senhor de Santo Antonio<br \/>\nCentro Social Santo Dias<\/p>\n<p><em><strong>Regi\u00e3o Sul<\/strong><\/em><br \/>\nPar\u00f3quia Santos M\u00e1rtires<br \/>\nConjunto Habitacional Am\u00e9rica do Sul, condom\u00ednios San Lorenzo, Santiago<br \/>\nIgreja Santo Afonso<br \/>\nEscola Estadual Benedito Ferreira De Albuquerque<br \/>\nEscola Estadual Professor Joaquim Alvares Cruz<br \/>\nEscola Estadual Herbert Baldus<br \/>\nAssocia\u00e7\u00e3o de Moradores e Amigos da \u00c1gua Funda (Amaaf)<br \/>\nMTST<br \/>\nAssocia\u00e7\u00e3o Nosso Caminho &#8211; CEI Miguel Antonio<br \/>\nAssocia\u00e7\u00e3o SSJ S\u00e3o Jos\u00e9<br \/>\nPar\u00f3quia Senhor dos Passos e Nossa Senhora das Dores<br \/>\nComunidade Jardim Ibirapuera<br \/>\nInstituto Prof<br \/>\nCEI Jardim Campinas<br \/>\nUnas<br \/>\nEE Professor Leopoldo Santana<\/p>\n<p><strong>Embu das Artes<\/strong><br \/>\nIgreja Comunidade Nossa Senhora de F\u00e1tima<br \/>\nPar\u00f3quia Nossa Senhora das Vit\u00f3rias e S\u00e3o Lucas<\/p>\n<p><strong>UNIVERSIDADES PREMIADAS<\/strong><br \/>\nFiam-Faam Campus Ana Rosa e Morumbi<br \/>\nUnisantana<br \/>\nUniversidade Brasil<br \/>\nUniversidade S\u00e3o Judas Tadeu Guarulhos<\/p>\n<p><strong>Sobre o CineB Solar<\/strong><br \/>\nO CineB Solar \u00e9 um circuito itinerante de cinema realizado pelo Sindicato dos Banc\u00e1rios de S\u00e3o Paulo, Osasco e Regi\u00e3o e pela Brazucah Produ\u00e7\u00f5es. Desde 2007, o j\u00e1 atingiu um p\u00fablico de 70 mil espectadores em mais de 550 sess\u00f5es gratuitas realizadas em comunidades e universidades de S\u00e3o Paulo. A iniciativa busca democratizar o acesso ao cinema nacional e divulgar os filmes produzidos no Brasil. J\u00e1 foram exibidos na tela do CINEB mais de 130 longas-metragens e 80 curtas-metragens, al\u00e9m da realiza\u00e7\u00e3o de pr\u00e9-estreias exclusivas.<\/p>\n<p><strong>SERVI\u00c7O<\/strong><br \/>\n<strong>8\u00ba Pr\u00eamio CineB Solar do Cinema Brasileiro<\/strong><br \/>\n<strong>Dia:<\/strong> 26 de novembro a partir das 19h<br \/>\n<strong>Local:<\/strong> Sindicato dos Banc\u00e1rios de S\u00e3o Paulo Osasco e regi\u00e3o<br \/>\n<strong>Endere\u00e7o:<\/strong>\u00a0Rua S\u00e3o Bento, 413 \u2013 Centro \u2013 SP<\/p>\n<p>&nbsp;<\/p>\n<p>&nbsp;<\/p>\n","protected":false},"excerpt":{"rendered":"<p>A Brazucah Produ\u00e7\u00f5es e o Sindicato dos Banc\u00e1rios de S\u00e3o Paulo, Osasco e Regi\u00e3o realizam, em 26\/11, a entrega do[&#8230;]<\/p>\n","protected":false},"author":3,"featured_media":12839,"comment_status":"open","ping_status":"open","sticky":false,"template":"","format":"standard","meta":[],"categories":[2,6],"tags":[25,44,65,136,154,237,255,363,381,503,507,523,565,579,589,590,612,658,724,741,807,849,902,953,1027,1043,1060,1069,1133,1160,1161,1242],"_links":{"self":[{"href":"https:\/\/projetocineb.com.br\/index.php?rest_route=\/wp\/v2\/posts\/12026"}],"collection":[{"href":"https:\/\/projetocineb.com.br\/index.php?rest_route=\/wp\/v2\/posts"}],"about":[{"href":"https:\/\/projetocineb.com.br\/index.php?rest_route=\/wp\/v2\/types\/post"}],"author":[{"embeddable":true,"href":"https:\/\/projetocineb.com.br\/index.php?rest_route=\/wp\/v2\/users\/3"}],"replies":[{"embeddable":true,"href":"https:\/\/projetocineb.com.br\/index.php?rest_route=%2Fwp%2Fv2%2Fcomments&post=12026"}],"version-history":[{"count":0,"href":"https:\/\/projetocineb.com.br\/index.php?rest_route=\/wp\/v2\/posts\/12026\/revisions"}],"wp:featuredmedia":[{"embeddable":true,"href":"https:\/\/projetocineb.com.br\/index.php?rest_route=\/wp\/v2\/media\/12839"}],"wp:attachment":[{"href":"https:\/\/projetocineb.com.br\/index.php?rest_route=%2Fwp%2Fv2%2Fmedia&parent=12026"}],"wp:term":[{"taxonomy":"category","embeddable":true,"href":"https:\/\/projetocineb.com.br\/index.php?rest_route=%2Fwp%2Fv2%2Fcategories&post=12026"},{"taxonomy":"post_tag","embeddable":true,"href":"https:\/\/projetocineb.com.br\/index.php?rest_route=%2Fwp%2Fv2%2Ftags&post=12026"}],"curies":[{"name":"wp","href":"https:\/\/api.w.org\/{rel}","templated":true}]}}