{"id":12049,"date":"2019-11-22T09:18:11","date_gmt":"2019-11-22T11:18:11","guid":{"rendered":"http:\/\/projetocineb.com.br\/?p=12049"},"modified":"2019-11-22T09:18:11","modified_gmt":"2019-11-22T11:18:11","slug":"artistas-confirmam-presenca-no-8o-premio-cineb","status":"publish","type":"post","link":"https:\/\/projetocineb.com.br\/?p=12049","title":{"rendered":"Artistas confirmam presen\u00e7a no 8\u00ba Pr\u00eamio CineB"},"content":{"rendered":"<p><em>Atores, atrizes, diretores e produtores dos filmes exibidos no CineB Solar desde 2017, al\u00e9m de representantes das comunidades que receberam o projeto j\u00e1 confirmaram presen\u00e7a no 8\u00ba Pr\u00eamio CineB Solar do Cinema.<\/em><\/p>\n<p>Cerca de 40 profissionais de cinema, entre diretores, produtores, montadores, roteiristas, atores e atrizes confirmaram presen\u00e7a no 8\u00ba Pr\u00eamio CineB Solar do Cinema Brasileiro que que vai premiar os filmes exibidos no CineB Solar desde 2017, al\u00e9m dos representantes das 40 comunidades que receberam o projeto. O Pr\u00eamio acontece no dia 26, a partir das 19h, no Caf\u00e9 dos Banc\u00e1rios, no Centro de S\u00e3o Paulo.\u00a0Confira os artistas e produtores que j\u00e1 confirmaram suas presen\u00e7as no 8\u00ba Pr\u00eamio.<\/p>\n<p>&nbsp;<\/p>\n","protected":false},"excerpt":{"rendered":"<p>Atores, atrizes, diretores e produtores dos filmes exibidos no CineB Solar desde 2017, al\u00e9m de representantes das comunidades que receberam[&#8230;]<\/p>\n","protected":false},"author":3,"featured_media":12051,"comment_status":"open","ping_status":"open","sticky":false,"template":"","format":"standard","meta":[],"categories":[2,6],"tags":[25,154,897,1132],"_links":{"self":[{"href":"https:\/\/projetocineb.com.br\/index.php?rest_route=\/wp\/v2\/posts\/12049"}],"collection":[{"href":"https:\/\/projetocineb.com.br\/index.php?rest_route=\/wp\/v2\/posts"}],"about":[{"href":"https:\/\/projetocineb.com.br\/index.php?rest_route=\/wp\/v2\/types\/post"}],"author":[{"embeddable":true,"href":"https:\/\/projetocineb.com.br\/index.php?rest_route=\/wp\/v2\/users\/3"}],"replies":[{"embeddable":true,"href":"https:\/\/projetocineb.com.br\/index.php?rest_route=%2Fwp%2Fv2%2Fcomments&post=12049"}],"version-history":[{"count":0,"href":"https:\/\/projetocineb.com.br\/index.php?rest_route=\/wp\/v2\/posts\/12049\/revisions"}],"wp:featuredmedia":[{"embeddable":true,"href":"https:\/\/projetocineb.com.br\/index.php?rest_route=\/wp\/v2\/media\/12051"}],"wp:attachment":[{"href":"https:\/\/projetocineb.com.br\/index.php?rest_route=%2Fwp%2Fv2%2Fmedia&parent=12049"}],"wp:term":[{"taxonomy":"category","embeddable":true,"href":"https:\/\/projetocineb.com.br\/index.php?rest_route=%2Fwp%2Fv2%2Fcategories&post=12049"},{"taxonomy":"post_tag","embeddable":true,"href":"https:\/\/projetocineb.com.br\/index.php?rest_route=%2Fwp%2Fv2%2Ftags&post=12049"}],"curies":[{"name":"wp","href":"https:\/\/api.w.org\/{rel}","templated":true}]}}