{"id":12100,"date":"2019-12-02T16:26:45","date_gmt":"2019-12-02T18:26:45","guid":{"rendered":"http:\/\/projetocineb.com.br\/?p=12100"},"modified":"2019-12-02T16:26:45","modified_gmt":"2019-12-02T18:26:45","slug":"cinema-ao-ar-livre-no-butanta","status":"publish","type":"post","link":"https:\/\/projetocineb.com.br\/?p=12100","title":{"rendered":"Cinema no Butant\u00e3"},"content":{"rendered":"<p><em>CineB Solar apresenta, no pr\u00f3ximo dia 11\/12, 19h, na EMEF Roberto Mange, localizada na Pra\u00e7a Antonio Bianco, Jardim Maria Luiza, regi\u00e3o do Butant\u00e3, Zona Oeste de S\u00e3o Paulo, seis curta-metragens com a tem\u00e1tica de direitos humanos. Com entrada franca.<\/em><\/p>\n<figure id=\"attachment_12102\" aria-describedby=\"caption-attachment-12102\" style=\"width: 1024px\" class=\"wp-caption alignleft\"><a href=\"http:\/\/projetocineb.com.br\/wp-content\/uploads\/2019\/12\/O-FILHO-DO-VIZINHO-1024x682.jpg\"><img fetchpriority=\"high\" decoding=\"async\" class=\"wp-image-12102 size-full\" src=\"http:\/\/projetocineb.com.br\/wp-content\/uploads\/2019\/12\/O-FILHO-DO-VIZINHO-1024x682.jpg\" alt=\"\" width=\"1024\" height=\"682\" \/><\/a><figcaption id=\"caption-attachment-12102\" class=\"wp-caption-text\"><em>O Filho do Vizinho, curta em cartaz no CineB Solar<\/em><\/figcaption><\/figure>\n<p>Chegou dezembro e o CineB Solar est\u00e1 em clima de final de ano, mas continua a rodar a cidade com sess\u00f5es de cinema. No pr\u00f3ximo dia 11 de dezembro vai exibir seis curta-metragens (veja a sinopse abaixo) que j\u00e1 fizeram sucesso no CineB Solar e abordam temas ligados aos direitos humanos. A sess\u00e3o ser\u00e1 na EMEF Roberto Mange, localizadas na Pra\u00e7a Antonio Bianco, Jardim Maria Luiza, Zona Oeste de S\u00e3o Paulo. Acontece durante a Semana de Direitos Humanos, uma articula\u00e7\u00e3o social do Butant\u00e3, que vai realizar v\u00e1rias a\u00e7\u00f5es como teatro, debates, atividades culturais com usu\u00e1rios de medidas socioeducativa, idosos e popula\u00e7\u00e3o em situa\u00e7\u00e3o de rua. A sess\u00e3o do CineB Solar acontece por meio do Centro Social Santos Dias, que apresentou a proposta ao projeto.<\/p>\n<p><strong>SOBRE O CINEB SOLAR<\/strong><br \/>\nO CineB Solar \u00e9 um circuito itinerante de cinema realizado pelo Sindicato dos Banc\u00e1rios de S\u00e3o Paulo, Osasco e Regi\u00e3o e pela Brazucah Produ\u00e7\u00f5es. Desde 2007, o j\u00e1 atingiu um p\u00fablico superior a 70 mil espectadores em mais de 550 sess\u00f5es gratuitas realizadas em comunidades e universidades de S\u00e3o Paulo. A iniciativa busca democratizar o acesso ao cinema nacional e divulgar os filmes produzidos no Brasil. J\u00e1 foram exibidos na tela do CineB mais de 130 longas-metragens e 80 curtas-metragens, al\u00e9m da realiza\u00e7\u00e3o de pr\u00e9-estreias exclusivas.<\/p>\n<p><strong>CURTAS<\/strong><br \/>\n<strong>Dono de Casa<\/strong> (15\u201933\u201d)<br \/>\nUm menino pede para brincar com as meninas. No in\u00edcio ele \u00e9 dono de uma oficina, mas sem carros para consertar, ele precisa encontrar outro papel na brincadeira.<\/p>\n<p><strong>Bicho do Mato<\/strong> (8\u2019)<br \/>\nJussara e sua fam\u00edlia perdem tudo o que tinham quando suas terras s\u00e3o atingidas por chuvas intensas e violentas. Sem ter onde viver, eles deixam o campo para morar na cidade grande, uma mudan\u00e7a que trar\u00e1 muitas dificuldades para todos, em especial para Jussara que precisar\u00e1 se adaptar a um mundo diferente do que ela conhecia.<\/p>\n<p><strong>O Filho do Vizinho<\/strong> (7\u201909\u2019\u2019)<br \/>\nPela janela do seu quarto, Ronaldinho olha maravilhado as aventuras e perip\u00e9cias de um garoto que \u00e9 chamado de v\u00e1rias formas pela vizinhan\u00e7a que fica enlouquecida com ele. Dos muitos nomes, Ronaldinho o chama de o filho do vizinho.<\/p>\n<p><strong>Procura-se<\/strong> (15\u2019)<br \/>\nCamile est\u00e1 determinada a encontrar seu cachorro bolinha, mas para encontr\u00e1-lo precisar\u00e1 viver a maior aventura da sua vida.<\/p>\n<p><strong>Meu Amigo Nietzsche<\/strong> (15\u2019)<br \/>\nUm improv\u00e1vel encontro \u00e9 o come\u00e7o de uma violenta revolu\u00e7\u00e3o dentro da mente de um garoto, de uma fam\u00edlia e de uma sociedade.<\/p>\n<p><strong>B\u00e1<\/strong> (14\u2019)<br \/>\nO menino Bruno \u00e9 obrigado a lidar com as mudan\u00e7as que ocorrem em sua vida quando sua \u201cB\u00e1\u201d (de Batchan, av\u00f3 em japon\u00eas) \u00e9 trazida para morar em sua casa.<\/p>\n<p><strong>SERVI\u00c7O<\/strong><br \/>\n<strong>CINEMA BRASILEIRO NO JARDIM MARIA LUIZA<\/strong><br \/>\n<strong>FILME:<\/strong> Curtas-metragens<br \/>\n<strong>DIA:<\/strong> 11 de dezembro | quarta-feira | 19h<br \/>\n<strong>LOCAL:<\/strong>\u00a0EMEF Roberto Mange, Pra\u00e7a Antonio Bianco<br \/>\n<strong>ENDERE\u00c7O:<\/strong> Rua Padre Alarico Zacarias, S\/N\u00ba &#8211; Jardim Maria Luiza, S\u00e3o Paulo<br \/>\n<strong>INGRESSOS:<\/strong> Centro Social Santo Dias (Rua Antonio Wei, 132) ou na pr\u00f3pria Pra\u00e7a, chegar meia hora antes<\/p>\n","protected":false},"excerpt":{"rendered":"<p>CineB Solar apresenta, no pr\u00f3ximo dia 11\/12, 19h, na EMEF Roberto Mange, localizada na Pra\u00e7a Antonio Bianco, Jardim Maria Luiza,[&#8230;]<\/p>\n","protected":false},"author":3,"featured_media":12801,"comment_status":"open","ping_status":"open","sticky":false,"template":"","format":"standard","meta":[],"categories":[2,6],"tags":[255,1133],"_links":{"self":[{"href":"https:\/\/projetocineb.com.br\/index.php?rest_route=\/wp\/v2\/posts\/12100"}],"collection":[{"href":"https:\/\/projetocineb.com.br\/index.php?rest_route=\/wp\/v2\/posts"}],"about":[{"href":"https:\/\/projetocineb.com.br\/index.php?rest_route=\/wp\/v2\/types\/post"}],"author":[{"embeddable":true,"href":"https:\/\/projetocineb.com.br\/index.php?rest_route=\/wp\/v2\/users\/3"}],"replies":[{"embeddable":true,"href":"https:\/\/projetocineb.com.br\/index.php?rest_route=%2Fwp%2Fv2%2Fcomments&post=12100"}],"version-history":[{"count":0,"href":"https:\/\/projetocineb.com.br\/index.php?rest_route=\/wp\/v2\/posts\/12100\/revisions"}],"wp:featuredmedia":[{"embeddable":true,"href":"https:\/\/projetocineb.com.br\/index.php?rest_route=\/wp\/v2\/media\/12801"}],"wp:attachment":[{"href":"https:\/\/projetocineb.com.br\/index.php?rest_route=%2Fwp%2Fv2%2Fmedia&parent=12100"}],"wp:term":[{"taxonomy":"category","embeddable":true,"href":"https:\/\/projetocineb.com.br\/index.php?rest_route=%2Fwp%2Fv2%2Fcategories&post=12100"},{"taxonomy":"post_tag","embeddable":true,"href":"https:\/\/projetocineb.com.br\/index.php?rest_route=%2Fwp%2Fv2%2Ftags&post=12100"}],"curies":[{"name":"wp","href":"https:\/\/api.w.org\/{rel}","templated":true}]}}