{"id":12122,"date":"2019-12-16T09:37:33","date_gmt":"2019-12-16T11:37:33","guid":{"rendered":"http:\/\/projetocineb.com.br\/?p=12122"},"modified":"2019-12-16T09:37:33","modified_gmt":"2019-12-16T11:37:33","slug":"butanta-ve-curtas-de-direitos-humanos","status":"publish","type":"post","link":"https:\/\/projetocineb.com.br\/?p=12122","title":{"rendered":"Butant\u00e3 v\u00ea curtas de direitos humanos"},"content":{"rendered":"<p><em>Moradores do Butant\u00e3 acompanharam uma sess\u00e3o de curtas-metragens sobre direitos humanos na \u00faltima quarta-feira, 11\/12, na Emef Roberto Mange, na Zona Oeste da capital.<\/em><\/p>\n<figure id=\"attachment_12125\" aria-describedby=\"caption-attachment-12125\" style=\"width: 831px\" class=\"wp-caption alignleft\"><a href=\"http:\/\/projetocineb.com.br\/wp-content\/uploads\/2019\/12\/DSC_1166.jpg\"><img fetchpriority=\"high\" decoding=\"async\" class=\"size-full wp-image-12125\" src=\"http:\/\/projetocineb.com.br\/wp-content\/uploads\/2019\/12\/DSC_1166.jpg\" alt=\"\" width=\"831\" height=\"552\" \/><\/a><figcaption id=\"caption-attachment-12125\" class=\"wp-caption-text\"><em>O coordenador do Cine B, Cid\u00e1lio Vieira Santos pergunta ao p\u00fablico nomes de filmes brasileiros<\/em><\/figcaption><\/figure>\n<p>O CineB Solar esteve, na \u00faltima quarta-feira, 11\/12, na Escola Municipal de Ensino Fundamental (Emef) Roberto Mange, localizada no Jardim Maria Luiza, regi\u00e3o do Butant\u00e3, Zona Oeste de S\u00e3o Paulo, para participar da Semana de Direitos Humanos, organizada pelos movimentos sociais da regi\u00e3o. Aconteceram durante toda a semana a\u00e7\u00f5es culturais como debates, teatro e uma sess\u00e3o de cinema no p\u00e1tio da Emef para usu\u00e1rios de medidas socioeducativas e popula\u00e7\u00e3o de rua.<\/p>\n<p>Foram exibidos, seis curta-metragens com a tem\u00e1tica dos direitos humanos: Dono de Casa, Bicho do Mato, O Filho do Vizinho, Procura-se, Meu Amigo Nietszche e B\u00e1 (veja a sinopse dos filmes no final da mat\u00e9ria). Para a assistente social Fl\u00e1via Santos Rodrigues, supervisora do Centro Regional de Assist\u00eancia Social (Creas) Butant\u00e3, o cinema \u00e9 muito importante na vida das pessoas e \u201cpara os usu\u00e1rios da assist\u00eancia social, principalmente as pessoas em situa\u00e7\u00e3o de rua, \u00e9 simb\u00f3lico, porque a popula\u00e7\u00e3o de rua \u00e9 vista como invis\u00edvel ou ela n\u00e3o \u00e9 vista, n\u00e3o \u00e9 valorizada, nem respeitada, e isso \u00e9 um momento hist\u00f3rico no Butant\u00e3, que \u00e9 um territ\u00f3rio de resist\u00eancia e luta\u201d, reflete.<\/p>\n<figure id=\"attachment_12126\" aria-describedby=\"caption-attachment-12126\" style=\"width: 831px\" class=\"wp-caption alignleft\"><a href=\"http:\/\/projetocineb.com.br\/wp-content\/uploads\/2019\/12\/DSC_1175.jpg\"><img decoding=\"async\" class=\"size-full wp-image-12126\" src=\"http:\/\/projetocineb.com.br\/wp-content\/uploads\/2019\/12\/DSC_1175.jpg\" alt=\"\" width=\"831\" height=\"552\" \/><\/a><figcaption id=\"caption-attachment-12126\" class=\"wp-caption-text\"><em>Elizabeth Schulz, Jefferson Fl\u00e9ming e Cid\u00e1lio Santos na abertura da sess\u00e3o<\/em><\/figcaption><\/figure>\n<p>Mesmo a chuva intensa que caiu na regi\u00e3o n\u00e3o atrapalhou o p\u00fablico que foi assistir os curta-metragens e, ao final da sess\u00e3o, escolheu o melhor filme por meio de vota\u00e7\u00e3o. O vencedor foi \u201cProcura-se\u201d e \u201cMeu Amgio Nietszche\u201d, com dez votos cada. Para a estudante Evelyn Mariane de Oliveira, f\u00e3 de <em>blockbusters<\/em> como \u201cOs Vingadores\u201d, a sess\u00e3o foi muito agrad\u00e1vel. J\u00e1 Patr\u00edcia Tatiara de Sousa Ferro, m\u00e3e de tr\u00eas meninas e gr\u00e1vida de cinco meses de \u201cSara\u201d elogiou os curtas que \u201cfalavam das crian\u00e7as, a rotina delas. Hoje eu sou m\u00e3e, eu quero o melhor para os meus filhos\u201d.<\/p>\n<p>O t\u00e9cnico do Centro Social Santo Dias, Jefferson de Assis Fl\u00e9ming destacou que o p\u00fablico presente frequenta o Centro Tempor\u00e1rio de Acolhimento (CTA) e o Servi\u00e7o Especializado de Abordagem Social (Seas) e est\u00e1 apartado de participar de atividades culturais. \u201cCom o CineB aqui, tentamos realizar um pouco dessa demanda, de estar pr\u00f3ximo ao cinema, pr\u00f3ximo dessas linguagens art\u00edsticas\u201d, explica.<\/p>\n<figure id=\"attachment_12135\" aria-describedby=\"caption-attachment-12135\" style=\"width: 843px\" class=\"wp-caption alignleft\"><a href=\"http:\/\/projetocineb.com.br\/wp-content\/uploads\/2019\/12\/Votos_Curtas-1.jpg\"><img decoding=\"async\" class=\"size-full wp-image-12135\" src=\"http:\/\/projetocineb.com.br\/wp-content\/uploads\/2019\/12\/Votos_Curtas-1.jpg\" alt=\"\" width=\"843\" height=\"560\" \/><\/a><figcaption id=\"caption-attachment-12135\" class=\"wp-caption-text\"><em>Houve empate no voto do p\u00fablico entre os filmes Procura-se e Meu Amigo Nietzsche<\/em><\/figcaption><\/figure>\n<p>A sess\u00e3o teve o apoio da Emef, que abriu a escola para que o CineB Solar pudesse exibir os filmes e apoio de moradores locais, como Elisabete Schulz. Sidney Gomes Leal, coordenador pedag\u00f3gico, explica que o diretor abra\u00e7ou a ideia de organizar a sess\u00e3o. Para ele a escola \u201ctem de fato que ser aberta para todas as necessidades que a comunidade apresenta\u201d, finaliza.<\/p>\n<p><strong>CONHE\u00c7A OS CURTAS<\/strong><br \/>\n<em><strong>Dono de Casa<\/strong><\/em> (15\u201933\u201d)<br \/>\nUm menino pede para brincar com as meninas. No in\u00edcio ele \u00e9 dono de uma oficina, mas sem carros para consertar, ele precisa encontrar outro papel na brincadeira.<br \/>\n<em><strong>Bicho do Mato<\/strong><\/em> (8\u2019)<br \/>\nJussara e sua fam\u00edlia perdem tudo o que tinham quando suas terras s\u00e3o atingidas por chuvas intensas e violentas. Sem ter onde viver, eles deixam o campo para morar na cidade grande, uma mudan\u00e7a que trar\u00e1 muitas dificuldades para todos, em especial para Jussara que precisar\u00e1 se adaptar a um mundo diferente do que ela conhecia.<br \/>\n<strong><em>O Filho do Vizinho<\/em><\/strong> (7\u201909\u2019\u2019)<br \/>\nPela janela do seu quarto, Ronaldinho olha maravilhado as aventuras e perip\u00e9cias de um garoto que \u00e9 chamado de v\u00e1rias formas pela vizinhan\u00e7a que fica enlouquecida com ele. Dos muitos nomes, Ronaldinho o chama de o filho do vizinho.<br \/>\n<strong><em>Procura-se<\/em><\/strong> (15\u2019)<br \/>\nCamile est\u00e1 determinada a encontrar seu cachorro bolinha, mas para encontr\u00e1-lo precisar\u00e1 viver a maior aventura da sua vida.<br \/>\n<strong><em>Meu Amigo Nietzsche<\/em> <\/strong>(15\u2019)<br \/>\nUm improv\u00e1vel encontro \u00e9 o come\u00e7o de uma violenta revolu\u00e7\u00e3o dentro da mente de um garoto, de uma fam\u00edlia e de uma sociedade.<br \/>\n<strong><em>B\u00e1<\/em><\/strong> (14\u2019)<br \/>\nO menino Bruno \u00e9 obrigado a lidar com as mudan\u00e7as que ocorrem em sua vida quando sua \u201cB\u00e1\u201d (de Batchan, av\u00f3 em japon\u00eas) \u00e9 trazida para morar em sua casa.<\/p>\n<p><strong>SOBRE O CINEB SOLAR<\/strong><br \/>\nO CineB Solar \u00e9 um circuito itinerante de cinema realizado pelo Sindicato dos Banc\u00e1rios de S\u00e3o Paulo, Osasco e Regi\u00e3o e pela Brazucah Produ\u00e7\u00f5es. Desde 2007, o j\u00e1 atingiu um p\u00fablico superior a 70 mil espectadores em mais de 550 sess\u00f5es gratuitas realizadas em comunidades e universidades de S\u00e3o Paulo. A iniciativa busca democratizar o acesso ao cinema nacional e divulgar os filmes produzidos no Brasil. J\u00e1 foram exibidos na tela do CineB mais de 130 longas-metragens e 80 curtas-metragens, al\u00e9m da realiza\u00e7\u00e3o de pr\u00e9-estreias exclusivas.<\/p>\n\t\t\t\n\t\t\t<!-- Blueimp gallery -->\n\t\t\t<div id=\"blueimp-gallery\" class=\"blueimp-gallery blueimp-gallery-controls\">\n\t\t\t\t<div class=\"slides\"><\/div>\n\t\t\t\t<h3 class=\"title\"><\/h3>\n\t\t\t\t<a class=\"prev\">\u2039<\/a>\n\t\t\t\t<a class=\"next\">\u203a<\/a>\n\t\t\t\t<a class=\"close\">\u00d7<\/a>\n\t\t\t\t<a class=\"play-pause\"><\/a>\n\t\t\t\t<ol class=\"indicator\"><\/ol>\n\t\t\t\t<div class=\"modal fade\">\n\t\t\t\t\t<div class=\"modal-dialog\">\n\t\t\t\t\t\t<div class=\"modal-content\">\n\t\t\t\t\t\t\t<div class=\"modal-header\">\n\t\t\t\t\t\t\t\t<button type=\"button\" class=\"close\" aria-hidden=\"true\">&times;<\/button>\n\t\t\t\t\t\t\t\t<h4 class=\"modal-title\"><\/h4>\n\t\t\t\t\t\t\t<\/div>\n\t\t\t\t\t\t\t<div class=\"modal-body next\"><\/div>\n\t\t\t\t\t\t\t<div class=\"modal-footer\">\n\t\t\t\t\t\t\t\t<button type=\"button\" class=\"btn btn-default pull-left prev\">\n\t\t\t\t\t\t\t\t\t<i class=\"glyphicon glyphicon-chevron-left\"><\/i>\n\t\t\t\t\t\t\t\t\tPrevious\t\t\t\t\t\t\t\t<\/button>\n\t\t\t\t\t\t\t\t<button type=\"button\" class=\"btn btn-primary next\">\n\t\t\t\t\t\t\t\t\tNext\t\t\t\t\t\t\t\t\t<i class=\"glyphicon glyphicon-chevron-right\"><\/i>\n\t\t\t\t\t\t\t\t<\/button>\n\t\t\t\t\t\t\t<\/div>\n\t\t\t\t\t\t<\/div>\n\t\t\t\t\t<\/div>\n\t\t\t\t<\/div>\n\t\t\t<\/div>\n\t\t\t<script type=\"text\/javascript\">\n\t\t\tjQuery(function() {\n\t\t\t\t\/\/ Set blueimp gallery options\n\t\t\t\tjQuery.extend(blueimp.Gallery.prototype.options, {\n\t\t\t\t\tuseBootstrapModal: false,\n\t\t\t\t\thidePageScrollbars: false\n\t\t\t\t});\n\t\t\t});\n\t\t\t<\/script>\n\t\t\t\n","protected":false},"excerpt":{"rendered":"<p>Moradores do Butant\u00e3 acompanharam uma sess\u00e3o de curtas-metragens sobre direitos humanos na \u00faltima quarta-feira, 11\/12, na Emef Roberto Mange, na[&#8230;]<\/p>\n","protected":false},"author":3,"featured_media":12130,"comment_status":"open","ping_status":"open","sticky":false,"template":"","format":"standard","meta":[],"categories":[2,6],"tags":[211,237,255,460,669,1109,1133],"_links":{"self":[{"href":"https:\/\/projetocineb.com.br\/index.php?rest_route=\/wp\/v2\/posts\/12122"}],"collection":[{"href":"https:\/\/projetocineb.com.br\/index.php?rest_route=\/wp\/v2\/posts"}],"about":[{"href":"https:\/\/projetocineb.com.br\/index.php?rest_route=\/wp\/v2\/types\/post"}],"author":[{"embeddable":true,"href":"https:\/\/projetocineb.com.br\/index.php?rest_route=\/wp\/v2\/users\/3"}],"replies":[{"embeddable":true,"href":"https:\/\/projetocineb.com.br\/index.php?rest_route=%2Fwp%2Fv2%2Fcomments&post=12122"}],"version-history":[{"count":0,"href":"https:\/\/projetocineb.com.br\/index.php?rest_route=\/wp\/v2\/posts\/12122\/revisions"}],"wp:featuredmedia":[{"embeddable":true,"href":"https:\/\/projetocineb.com.br\/index.php?rest_route=\/wp\/v2\/media\/12130"}],"wp:attachment":[{"href":"https:\/\/projetocineb.com.br\/index.php?rest_route=%2Fwp%2Fv2%2Fmedia&parent=12122"}],"wp:term":[{"taxonomy":"category","embeddable":true,"href":"https:\/\/projetocineb.com.br\/index.php?rest_route=%2Fwp%2Fv2%2Fcategories&post=12122"},{"taxonomy":"post_tag","embeddable":true,"href":"https:\/\/projetocineb.com.br\/index.php?rest_route=%2Fwp%2Fv2%2Ftags&post=12122"}],"curies":[{"name":"wp","href":"https:\/\/api.w.org\/{rel}","templated":true}]}}